{"id":9854,"date":"2024-12-18T16:31:03","date_gmt":"2024-12-18T16:31:03","guid":{"rendered":"https:\/\/martarodriguez.com.co\/?p=9854"},"modified":"2024-12-26T19:47:44","modified_gmt":"2024-12-26T19:47:44","slug":"h0056-conclusiones-de-la-ii-encuentro-nacional-de-cafeteros-1976","status":"publish","type":"post","link":"https:\/\/martarodriguez.com.co\/index.php\/2024\/12\/18\/h0056-conclusiones-de-la-ii-encuentro-nacional-de-cafeteros-1976\/","title":{"rendered":"H0056. Conclusiones de la II encuentro nacional de cafeteros, 1976"},"content":{"rendered":"\t\t<div data-elementor-type=\"wp-post\" data-elementor-id=\"9854\" class=\"elementor elementor-9854\">\n\t\t\t\t\t\t<section class=\"elementor-section elementor-top-section elementor-element elementor-element-77752575 elementor-section-boxed elementor-section-height-default elementor-section-height-default exad-glass-effect-no wpr-particle-no wpr-jarallax-no wpr-parallax-no wpr-sticky-section-no exad-sticky-section-no\" data-id=\"77752575\" data-element_type=\"section\">\n\t\t\t\t\t\t<div class=\"elementor-container elementor-column-gap-default\">\n\t\t\t\t\t<div class=\"elementor-column elementor-col-100 elementor-top-column elementor-element elementor-element-6fd6a63d exad-glass-effect-no exad-sticky-section-no\" data-id=\"6fd6a63d\" data-element_type=\"column\">\n\t\t\t<div class=\"elementor-widget-wrap elementor-element-populated\">\n\t\t\t\t\t\t<div class=\"elementor-element elementor-element-5596235 exad-sticky-section-no exad-glass-effect-no elementor-widget elementor-widget-text-editor\" data-id=\"5596235\" data-element_type=\"widget\" data-widget_type=\"text-editor.default\">\n\t\t\t\t<div class=\"elementor-widget-container\">\n\t\t\t<style>\/*! elementor - v3.21.0 - 15-04-2024 *\/\n.elementor-widget-text-editor.elementor-drop-cap-view-stacked .elementor-drop-cap{background-color:#69727d;color:#fff}.elementor-widget-text-editor.elementor-drop-cap-view-framed .elementor-drop-cap{color:#69727d;border:3px solid;background-color:transparent}.elementor-widget-text-editor:not(.elementor-drop-cap-view-default) .elementor-drop-cap{margin-top:8px}.elementor-widget-text-editor:not(.elementor-drop-cap-view-default) .elementor-drop-cap-letter{width:1em;height:1em}.elementor-widget-text-editor .elementor-drop-cap{float:left;text-align:center;line-height:1;font-size:50px}.elementor-widget-text-editor .elementor-drop-cap-letter{display:inline-block}<\/style>\t\t\t\t<p>Conclusiones del segundo encuentro nacional cafetero de la ANUC realizado en el Quind\u00edo en 1976. Aqu\u00ed se expone la situaci\u00f3n de los jornaleros y semiproletarios agr\u00edcolas y los problemas que los aquejan: salarios desiguales, jornadas de trabajo extenuantes, inestabilidad laboral, alimentaci\u00f3n precaria, discriminaci\u00f3n, desalojo por parte de terratenientes. Se evaden impuestos por medio de contratos de 2 o 3 semanas, no hay servicios hospitalarios para jornaleros. Se denuncia la falta de libertades pol\u00edticas y la represi\u00f3n que se expresa todos los d\u00edas. En ese sentido se propone una reivindicaci\u00f3n de todos los derechos negados y se alerta sobre las leyes 200 de 1936, 1968 y 1975 que legaliza el arrendamiento permanente de arrendatarios a favor del sistema que favorece a los terratenientes y se evite el derecho a reclamar la tierra. Esto tambi\u00e9n afecta el crecimiento de los peque\u00f1os y medianos productores, los peque\u00f1os m\u00e1s porque est\u00e1n obligados a bajar sus precios para vender a la Federaci\u00f3n de cafeteros, as\u00ed como se obliga la compra de qu\u00edmicos para los cultivos por medio de esta Federaci\u00f3n que monopoliza este mercado. Junto al Banco Cafetero y la Caja Agraria los campesinos de peque\u00f1a y mediana producci\u00f3n se ven as\u00ed afectados, especialmente con cuatro tipo de impuestos que deben asumir: a las exportaciones, a la retenci\u00f3n cafetera, el ad-valorem, ripio y pasilla. Los medios usados para promover estas pol\u00edticas son: grupos de amistad, concentraciones de desarrollo rural, talleres rurales, planificaci\u00f3n familiar, cooperativas de caficultores. Como respuesta la ANUC busca movilizar a las masas para desenmascarar estos intereses, aumentar el precio del grano y combatir la pol\u00edtica de la Federaci\u00f3n de Cafeteros.<\/p>\n<p>\u00a0<\/p>\t\t\t\t\t\t<\/div>\n\t\t\t\t<\/div>\n\t\t\t\t<div class=\"elementor-element elementor-element-de01bc6 exad-sticky-section-no exad-glass-effect-no elementor-widget elementor-widget-pdfjs_viewer\" data-id=\"de01bc6\" data-element_type=\"widget\" data-widget_type=\"pdfjs_viewer.default\">\n\t\t\t\t<div class=\"elementor-widget-container\">\n\t\t\t<iframe src=\"https:\/\/martarodriguez.com.co\/wp-content\/plugins\/pdf-viewer-for-elementor\/assets\/pdfjs\/web\/viewer.html?file=https:\/\/martarodriguez.com.co\/wp-content\/uploads\/2024\/12\/H0056.-conclusiones-de-la-II-encuentro-nacional-de-cafeteros-1976-stamped-compressed.pdf&amp;embedded=true\" style=\"display: block; margin-left: auto; margin-right: auto; width: 640px; height: 1020px;\" frameborder=\"1\" marginheight=\"0px\" marginwidth=\"0px\" allowfullscreen><\/iframe>\t\t<\/div>\n\t\t\t\t<\/div>\n\t\t\t\t<div class=\"elementor-element elementor-element-496b670 exad-sticky-section-no exad-glass-effect-no elementor-widget elementor-widget-text-editor\" data-id=\"496b670\" data-element_type=\"widget\" data-widget_type=\"text-editor.default\">\n\t\t\t\t<div class=\"elementor-widget-container\">\n\t\t\t\t\t\t\t<!-- wp:paragraph -->\n<p><strong>C\u00d3DIGO<\/strong>: H0056<\/p>\n<!-- \/wp:paragraph --><!-- wp:paragraph -->\n<p><strong>IDIOMA:<\/strong> Espa\u00f1ol<\/p>\n<!-- \/wp:paragraph --><!-- wp:paragraph -->\n<p><strong>PERSONA JUR\u00cdDICA\/NATURAL\/ROL:<\/strong> ANUC, Caja Agraria, Banco Cafetero, Federaci\u00f3n Nacional de Cafeteros<\/p>\n<!-- \/wp:paragraph --><!-- wp:paragraph -->\n<p><strong>TOPON\u00cdMICOS:<\/strong> Armenia, Quindio<\/p>\n<!-- \/wp:paragraph --><!-- wp:paragraph -->\n<p><strong>TEM\u00c1TICOS:<\/strong> Movimiento campesino \/ imperialismo \/ caf\u00e9 \/ procesos organizativos<\/p>\n<!-- \/wp:paragraph --><!-- wp:paragraph -->\n<p><strong>CRONOL\u00d3GICOS:<\/strong> 1976<\/p>\n<!-- \/wp:paragraph --><!-- wp:paragraph -->\n<p><strong>SOPORTE:<\/strong> Comunicado<\/p>\n<!-- \/wp:paragraph --><!-- wp:paragraph -->\n<p><strong>CROM\u00cdA: <\/strong>Sepia<\/p>\n<!-- \/wp:paragraph --><!-- wp:paragraph -->\n<p>\u00a0<\/p>\n<!-- \/wp:paragraph -->\t\t\t\t\t\t<\/div>\n\t\t\t\t<\/div>\n\t\t\t\t\t<\/div>\n\t\t<\/div>\n\t\t\t\t\t<\/div>\n\t\t<\/section>\n\t\t\t\t<\/div>\n\t\t","protected":false},"excerpt":{"rendered":"<p>Conclusiones del segundo encuentro nacional cafetero de la ANUC realizado en el Quind\u00edo en 1976. Aqu\u00ed se expone la situaci\u00f3n de los jornaleros y semiproletarios agr\u00edcolas y los problemas que los aquejan: salarios desiguales, jornadas de trabajo extenuantes, inestabilidad laboral, alimentaci\u00f3n precaria, discriminaci\u00f3n, desalojo por parte de terratenientes. Se evaden impuestos por medio de contratos [&hellip;]<\/p>\n","protected":false},"author":1,"featured_media":10657,"comment_status":"open","ping_status":"open","sticky":false,"template":"","format":"standard","meta":{"_acf_changed":false,"footnotes":""},"categories":[28],"tags":[1064,187,80,396],"class_list":["post-9854","post","type-post","status-publish","format-standard","has-post-thumbnail","hentry","category-hemeroteca","tag-cafe-2","tag-imperialismo","tag-movimiento-campesino","tag-procesos-organizativos"],"acf":[],"_links":{"self":[{"href":"https:\/\/martarodriguez.com.co\/index.php\/wp-json\/wp\/v2\/posts\/9854","targetHints":{"allow":["GET"]}}],"collection":[{"href":"https:\/\/martarodriguez.com.co\/index.php\/wp-json\/wp\/v2\/posts"}],"about":[{"href":"https:\/\/martarodriguez.com.co\/index.php\/wp-json\/wp\/v2\/types\/post"}],"author":[{"embeddable":true,"href":"https:\/\/martarodriguez.com.co\/index.php\/wp-json\/wp\/v2\/users\/1"}],"replies":[{"embeddable":true,"href":"https:\/\/martarodriguez.com.co\/index.php\/wp-json\/wp\/v2\/comments?post=9854"}],"version-history":[{"count":10,"href":"https:\/\/martarodriguez.com.co\/index.php\/wp-json\/wp\/v2\/posts\/9854\/revisions"}],"predecessor-version":[{"id":10660,"href":"https:\/\/martarodriguez.com.co\/index.php\/wp-json\/wp\/v2\/posts\/9854\/revisions\/10660"}],"wp:featuredmedia":[{"embeddable":true,"href":"https:\/\/martarodriguez.com.co\/index.php\/wp-json\/wp\/v2\/media\/10657"}],"wp:attachment":[{"href":"https:\/\/martarodriguez.com.co\/index.php\/wp-json\/wp\/v2\/media?parent=9854"}],"wp:term":[{"taxonomy":"category","embeddable":true,"href":"https:\/\/martarodriguez.com.co\/index.php\/wp-json\/wp\/v2\/categories?post=9854"},{"taxonomy":"post_tag","embeddable":true,"href":"https:\/\/martarodriguez.com.co\/index.php\/wp-json\/wp\/v2\/tags?post=9854"}],"curies":[{"name":"wp","href":"https:\/\/api.w.org\/{rel}","templated":true}]}}