{"id":9636,"date":"2024-12-17T22:47:37","date_gmt":"2024-12-17T22:47:37","guid":{"rendered":"https:\/\/martarodriguez.com.co\/?p=9636"},"modified":"2025-07-08T15:47:06","modified_gmt":"2025-07-08T15:47:06","slug":"0160-conferencia-camilo-coltabaco-lados-1-y-2","status":"publish","type":"post","link":"https:\/\/martarodriguez.com.co\/index.php\/2024\/12\/17\/0160-conferencia-camilo-coltabaco-lados-1-y-2\/","title":{"rendered":"0160 Conferencia Camilo Coltabaco Lados 1 Y 2"},"content":{"rendered":"\t\t<div data-elementor-type=\"wp-post\" data-elementor-id=\"9636\" class=\"elementor elementor-9636\">\n\t\t\t\t\t\t<section class=\"elementor-section elementor-top-section elementor-element elementor-element-31e9a44 elementor-section-boxed elementor-section-height-default elementor-section-height-default exad-glass-effect-no wpr-particle-no wpr-jarallax-no wpr-parallax-no wpr-sticky-section-no exad-sticky-section-no\" data-id=\"31e9a44\" data-element_type=\"section\">\n\t\t\t\t\t\t<div class=\"elementor-container elementor-column-gap-default\">\n\t\t\t\t\t<div class=\"elementor-column elementor-col-100 elementor-top-column elementor-element elementor-element-00c8168 exad-glass-effect-no exad-sticky-section-no\" data-id=\"00c8168\" data-element_type=\"column\">\n\t\t\t<div class=\"elementor-widget-wrap elementor-element-populated\">\n\t\t\t\t\t\t<div class=\"elementor-element elementor-element-0928cc3 exad-sticky-section-no exad-glass-effect-no elementor-widget elementor-widget-text-editor\" data-id=\"0928cc3\" data-element_type=\"widget\" data-widget_type=\"text-editor.default\">\n\t\t\t\t<div class=\"elementor-widget-container\">\n\t\t\t<style>\/*! elementor - v3.21.0 - 15-04-2024 *\/\n.elementor-widget-text-editor.elementor-drop-cap-view-stacked .elementor-drop-cap{background-color:#69727d;color:#fff}.elementor-widget-text-editor.elementor-drop-cap-view-framed .elementor-drop-cap{color:#69727d;border:3px solid;background-color:transparent}.elementor-widget-text-editor:not(.elementor-drop-cap-view-default) .elementor-drop-cap{margin-top:8px}.elementor-widget-text-editor:not(.elementor-drop-cap-view-default) .elementor-drop-cap-letter{width:1em;height:1em}.elementor-widget-text-editor .elementor-drop-cap{float:left;text-align:center;line-height:1;font-size:50px}.elementor-widget-text-editor .elementor-drop-cap-letter{display:inline-block}<\/style>\t\t\t\t<p>El audio al principio se escucha distorsionado. De el min 2\u00b412\u00b4\u00b4 hasta el 11\u00b400\u00b4\u00b4 es la presentaci\u00f3n del padre Camilo Torres Restrepo por parte de un lider del sindicato de COLTABACO. Luego empieza el discurso de Camilo. Habla sobre la unidad en el pluralismo del Frente Unido, sobre los liderazgos individuales y las plataformas colectivas y su relaci\u00f3n hist\u00f3rica con los procesos pol\u00edticos y sociales. Menciona la invasi\u00f3n norteamericana en Rep\u00fablica Dominicana y el apoyo del movimiento estudiantil a este hecho pol\u00edtico. Les dice a los obreros que les ense\u00f1en a los estudiantes sobre la lucha pol\u00edtica. &#8220;Una persona educada e instruida en un pa\u00eds subdesarrollado se vuelve revolucionario si tiene algo de buena fe.&#8221; Del 46\u00b421\u00b4\u00b4 hasta el 63\u00b4 se escucha sobre los discursos un audio que al parecer est\u00e1 rebobinado.<\/p>\t\t\t\t\t\t<\/div>\n\t\t\t\t<\/div>\n\t\t\t\t<div class=\"elementor-element elementor-element-9724743 exad-sticky-section-no exad-glass-effect-no elementor-widget elementor-widget-html\" data-id=\"9724743\" data-element_type=\"widget\" data-widget_type=\"html.default\">\n\t\t\t\t<div class=\"elementor-widget-container\">\n\t\t\t<iframe src=\"https:\/\/audiomack.com\/embed\/cinemestizo\/song\/0160-conferencia-camilo-coltabaco-lados-1-y-2\" scrolling=\"no\" width=\"100%\" height=\"252\" frameborder=\"0\" title=\"0160  Conferencia Camilo Coltabaco Lados 1 Y 2\"><\/iframe>\t\t<\/div>\n\t\t\t\t<\/div>\n\t\t\t\t\t<\/div>\n\t\t<\/div>\n\t\t\t\t\t<\/div>\n\t\t<\/section>\n\t\t\t\t<\/div>\n\t\t","protected":false},"excerpt":{"rendered":"<p>El audio al principio se escucha distorsionado. De el min 2\u00b412\u00b4\u00b4 hasta el 11\u00b400\u00b4\u00b4 es la presentaci\u00f3n del padre Camilo Torres Restrepo por parte de un lider del sindicato de COLTABACO. Luego empieza el discurso de Camilo. Habla sobre la unidad en el pluralismo del Frente Unido, sobre los liderazgos individuales y las plataformas colectivas [&hellip;]<\/p>\n","protected":false},"author":1,"featured_media":11633,"comment_status":"open","ping_status":"open","sticky":false,"template":"","format":"standard","meta":{"_acf_changed":false,"footnotes":""},"categories":[26],"tags":[1035,101,1037,152,1034,1038,488,342,555,1036,194,1033],"class_list":["post-9636","post","type-post","status-publish","format-standard","has-post-thumbnail","hentry","category-audios","tag-antioquia","tag-camilo-torres-restrepo","tag-carlos-lleras-camargo","tag-frente-unido","tag-fun","tag-guillermo-leon-valencia","tag-jorge-eliecer-gaitan","tag-medellin","tag-republica-dominicana","tag-santo-domingo","tag-sindicalismo","tag-sindicato-coltabaco"],"acf":[],"_links":{"self":[{"href":"https:\/\/martarodriguez.com.co\/index.php\/wp-json\/wp\/v2\/posts\/9636","targetHints":{"allow":["GET"]}}],"collection":[{"href":"https:\/\/martarodriguez.com.co\/index.php\/wp-json\/wp\/v2\/posts"}],"about":[{"href":"https:\/\/martarodriguez.com.co\/index.php\/wp-json\/wp\/v2\/types\/post"}],"author":[{"embeddable":true,"href":"https:\/\/martarodriguez.com.co\/index.php\/wp-json\/wp\/v2\/users\/1"}],"replies":[{"embeddable":true,"href":"https:\/\/martarodriguez.com.co\/index.php\/wp-json\/wp\/v2\/comments?post=9636"}],"version-history":[{"count":5,"href":"https:\/\/martarodriguez.com.co\/index.php\/wp-json\/wp\/v2\/posts\/9636\/revisions"}],"predecessor-version":[{"id":9678,"href":"https:\/\/martarodriguez.com.co\/index.php\/wp-json\/wp\/v2\/posts\/9636\/revisions\/9678"}],"wp:featuredmedia":[{"embeddable":true,"href":"https:\/\/martarodriguez.com.co\/index.php\/wp-json\/wp\/v2\/media\/11633"}],"wp:attachment":[{"href":"https:\/\/martarodriguez.com.co\/index.php\/wp-json\/wp\/v2\/media?parent=9636"}],"wp:term":[{"taxonomy":"category","embeddable":true,"href":"https:\/\/martarodriguez.com.co\/index.php\/wp-json\/wp\/v2\/categories?post=9636"},{"taxonomy":"post_tag","embeddable":true,"href":"https:\/\/martarodriguez.com.co\/index.php\/wp-json\/wp\/v2\/tags?post=9636"}],"curies":[{"name":"wp","href":"https:\/\/api.w.org\/{rel}","templated":true}]}}