{"id":9522,"date":"2024-12-17T21:24:51","date_gmt":"2024-12-17T21:24:51","guid":{"rendered":"https:\/\/martarodriguez.com.co\/?p=9522"},"modified":"2025-07-08T16:07:16","modified_gmt":"2025-07-08T16:07:16","slug":"0396-la-casona-76","status":"publish","type":"post","link":"https:\/\/martarodriguez.com.co\/index.php\/2024\/12\/17\/0396-la-casona-76\/","title":{"rendered":"0396 La casona 76"},"content":{"rendered":"\t\t<div data-elementor-type=\"wp-post\" data-elementor-id=\"9522\" class=\"elementor elementor-9522\">\n\t\t\t\t\t\t<section class=\"elementor-section elementor-top-section elementor-element elementor-element-31e9a44 elementor-section-boxed elementor-section-height-default elementor-section-height-default exad-glass-effect-no wpr-particle-no wpr-jarallax-no wpr-parallax-no wpr-sticky-section-no exad-sticky-section-no\" data-id=\"31e9a44\" data-element_type=\"section\">\n\t\t\t\t\t\t<div class=\"elementor-container elementor-column-gap-default\">\n\t\t\t\t\t<div class=\"elementor-column elementor-col-100 elementor-top-column elementor-element elementor-element-00c8168 exad-glass-effect-no exad-sticky-section-no\" data-id=\"00c8168\" data-element_type=\"column\">\n\t\t\t<div class=\"elementor-widget-wrap elementor-element-populated\">\n\t\t\t\t\t\t<div class=\"elementor-element elementor-element-0928cc3 elementor-widget__width-initial exad-sticky-section-no exad-glass-effect-no elementor-widget elementor-widget-text-editor\" data-id=\"0928cc3\" data-element_type=\"widget\" data-widget_type=\"text-editor.default\">\n\t\t\t\t<div class=\"elementor-widget-container\">\n\t\t\t<style>\/*! elementor - v3.21.0 - 15-04-2024 *\/\n.elementor-widget-text-editor.elementor-drop-cap-view-stacked .elementor-drop-cap{background-color:#69727d;color:#fff}.elementor-widget-text-editor.elementor-drop-cap-view-framed .elementor-drop-cap{color:#69727d;border:3px solid;background-color:transparent}.elementor-widget-text-editor:not(.elementor-drop-cap-view-default) .elementor-drop-cap{margin-top:8px}.elementor-widget-text-editor:not(.elementor-drop-cap-view-default) .elementor-drop-cap-letter{width:1em;height:1em}.elementor-widget-text-editor .elementor-drop-cap{float:left;text-align:center;line-height:1;font-size:50px}.elementor-widget-text-editor .elementor-drop-cap-letter{display:inline-block}<\/style>\t\t\t\t<p>Entrevista de los documentalistas Jorge Silva y Marta Rodr\u00edguez a un ni\u00f1o que relata la muerte de Fernando Osorio Manrique: v\u00edctima de una patada fatal le da la policia por defender a su madre del desalojo de la Casona. Esta Casona fue una famosa casa donde se alojaron muchas personas desplazadas del campo por las olas de violencia, pero hacia finales de los a\u00f1os 70 fue violentamente desalojada por la policia que obliga la salida de las personas y familias que luego conformar\u00edan los Barrios de invasi\u00f3n. Ernesto Le\u00f3n Mejia, amigo de los documentalistas, les inform\u00f3 el caso para registrarlo. En esta investigaci\u00f3n se registran varias voces. Este audio en particular es la voz de otro de los ni\u00f1os que fueron testigos de esta v\u00edctima. La narraci\u00f3n describe el momento del desalojo, el asesinato del ni\u00f1o por la violencia policial, la muerte del ni\u00f1o en el hospital y la consecuente negaci\u00f3n del reconocimiento del cuerpo en el anfiteatro y la prohibici\u00f3n del luto que quer\u00edan dar la familia y los vecinos que quer\u00edan enterrar a Fernandito. Continua el testimonio contando que a la familia Osorio la apartaron por orden del alcalde y llevaron a las personas al centro medicinal San Blas donde llegan a aguantar hambre. El ni\u00f1o cuenta c\u00f3mo las violencias policiales atacan a varias personas v\u00edctimas del desalojo y se\u00f1ala especialmente que Fernandito era un ni\u00f1o que trabajaba, estudiaba y era amigo de todas las personas a su alrededor, por lo cual su muerte causa un inmenso dolor y despierta en \u00e9l ni\u00f1o que narra un deseo de unirse a la revoluci\u00f3n del pueblo. Finalmente el audio termina con una nueva entrevista a un hombre que situa la Casona en la direcci\u00f3n carrera 4 # 14-62 y cuenta c\u00f3mo las personas desplazadas que llegan a esta casa abandonada empiezan a pagar un arriendo a Patricio Pe\u00f1a que no era el due\u00f1o, sino un hombre con apellido Castiblanco. Sin embargo, en el a\u00f1o 1963 la propiedad es reclamada por Soto Sinisterra, due\u00f1o de una empresa constructura, que realiza el papeleo de la misma en la Notaria 20 y empieza en 1966 a ordenar los desalojos.\u00a0<\/p>\t\t\t\t\t\t<\/div>\n\t\t\t\t<\/div>\n\t\t\t\t<div class=\"elementor-element elementor-element-9724743 exad-sticky-section-no exad-glass-effect-no elementor-widget elementor-widget-html\" data-id=\"9724743\" data-element_type=\"widget\" data-widget_type=\"html.default\">\n\t\t\t\t<div class=\"elementor-widget-container\">\n\t\t\t<iframe src=\"https:\/\/audiomack.com\/embed\/cinemestizo\/song\/0396-0522-la-casona-76\" scrolling=\"no\" width=\"100%\" height=\"252\" frameborder=\"0\" title=\"0396   0522 La Casona 76\"><\/iframe>\t\t<\/div>\n\t\t\t\t<\/div>\n\t\t\t\t\t<\/div>\n\t\t<\/div>\n\t\t\t\t\t<\/div>\n\t\t<\/section>\n\t\t\t\t<section class=\"elementor-section elementor-top-section elementor-element elementor-element-857ac70 elementor-section-boxed elementor-section-height-default elementor-section-height-default exad-glass-effect-no wpr-particle-no wpr-jarallax-no wpr-parallax-no wpr-sticky-section-no exad-sticky-section-no\" data-id=\"857ac70\" data-element_type=\"section\">\n\t\t\t\t\t\t<div class=\"elementor-container elementor-column-gap-default\">\n\t\t\t\t\t<div class=\"elementor-column elementor-col-100 elementor-top-column elementor-element elementor-element-a3a3980 exad-glass-effect-no exad-sticky-section-no\" data-id=\"a3a3980\" data-element_type=\"column\">\n\t\t\t<div class=\"elementor-widget-wrap elementor-element-populated\">\n\t\t\t\t\t\t<div class=\"elementor-element elementor-element-f2febd6 exad-sticky-section-no exad-glass-effect-no elementor-widget elementor-widget-text-editor\" data-id=\"f2febd6\" data-element_type=\"widget\" data-widget_type=\"text-editor.default\">\n\t\t\t\t<div class=\"elementor-widget-container\">\n\t\t\t\t\t\t\t<p><span style=\"font-weight: bolder;\">C\u00d3DIGO:<\/span>&nbsp;0396<\/p>\n<p><span style=\"color: var( --e-global-color-text ); font-family: var( --e-global-typography-text-font-family ), Sans-serif; font-weight: bolder;\">AUTOR\/DIRECTOR\/PRODUCTOR:<\/span><span style=\"color: var( --e-global-color-text ); font-family: var( --e-global-typography-text-font-family ), Sans-serif; font-weight: var( --e-global-typography-text-font-weight );\">&nbsp;Fundaci\u00f3n Cine Documental Investigaci\u00f3n Social<\/span><\/p>\n<p><span style=\"font-weight: bolder;\">IDIOMA:<\/span>&nbsp;Espa\u00f1ol&nbsp;<\/p>\n<p><span style=\"font-weight: bolder;\">PERSONA JUR\u00cdDICA\/NATURAL\/ROL:<\/span>&nbsp;Fernando Osorio Manrique, Patricio Pe\u00f1a, Mariela, Nelly, Jose Emilio Cruz Ortiz, Castiblanco, Soto Sinisterra, Balsani Duarte<\/p>\n<p><span style=\"color: var( --e-global-color-text ); font-family: var( --e-global-typography-text-font-family ), Sans-serif; font-weight: bolder;\">TOPON\u00cdMICOS:<\/span><span style=\"color: var( --e-global-color-text ); font-family: var( --e-global-typography-text-font-family ), Sans-serif; font-weight: var( --e-global-typography-text-font-weight );\">&nbsp;Bogot\u00e1<\/span><\/p>\n<p><span style=\"color: var( --e-global-color-text ); font-family: var( --e-global-typography-text-font-family ), Sans-serif; font-weight: bolder;\">TEM\u00c1TICOS:<\/span><span style=\"color: var( --e-global-color-text ); font-family: var( --e-global-typography-text-font-family ), Sans-serif; font-weight: var( --e-global-typography-text-font-weight );\">&nbsp;<\/span><span data-sheets-root=\"1\" style=\"color: var( --e-global-color-text ); font-family: var( --e-global-typography-text-font-family ), Sans-serif; font-weight: var( --e-global-typography-text-font-weight );\">Desalojo, violaci\u00f3n de derechos humanos, urbanizaci\u00f3n, resistencia<\/span><\/p>\n<p><span style=\"font-weight: bolder;\">CRONOL\u00d3GICOS:<\/span>&nbsp;1979<\/p>\n<p><span style=\"font-weight: bolder;\">UNIDAD DE CONSERVACI\u00d3N:<\/span>&nbsp;Caja<\/p>\n<p><span style=\"font-weight: bolder;\">SOPORTE:<\/span>&nbsp;Magn\u00e9tico<\/p>\n<p><span style=\"font-weight: bolder;\">FORMATO:<\/span>&nbsp;<span style=\"color: var( --e-global-color-text ); font-family: var( --e-global-typography-text-font-family ), Sans-serif; font-weight: var( --e-global-typography-text-font-weight );\">1\/4 pulgada<\/span><\/p>\n<p><span style=\"font-weight: bolder;\">DURACI\u00d3N:<\/span>&nbsp;<span data-sheets-root=\"1\">00:32:46<\/span><\/p>\n<p><span style=\"font-weight: bolder;\">NOTAS:<\/span>&nbsp;N\/A<\/p>\t\t\t\t\t\t<\/div>\n\t\t\t\t<\/div>\n\t\t\t\t\t<\/div>\n\t\t<\/div>\n\t\t\t\t\t<\/div>\n\t\t<\/section>\n\t\t\t\t<\/div>\n\t\t","protected":false},"excerpt":{"rendered":"<p>Entrevista de los documentalistas Jorge Silva y Marta Rodr\u00edguez a un ni\u00f1o que relata la muerte de Fernando Osorio Manrique: v\u00edctima de una patada fatal le da la policia por defender a su madre del desalojo de la Casona. Esta Casona fue una famosa casa donde se alojaron muchas personas desplazadas del campo por las [&hellip;]<\/p>\n","protected":false},"author":1,"featured_media":11641,"comment_status":"open","ping_status":"open","sticky":false,"template":"","format":"standard","meta":{"_acf_changed":false,"footnotes":""},"categories":[26],"tags":[1011,458,1009,253,997,1008,998,992,1007,105,1005,64,408],"class_list":["post-9522","post","type-post","status-publish","format-standard","has-post-thumbnail","hentry","category-audios","tag-balsani-duarte","tag-bogota","tag-castiblanco","tag-desalojo","tag-fernando-osorio-manrique","tag-jose-emilio-cruz-ortiz","tag-mariela","tag-nelly","tag-patricio-pena","tag-resistencia","tag-soto-sinesterra","tag-urbanizacion","tag-violacion-de-derechos-humanos"],"acf":[],"_links":{"self":[{"href":"https:\/\/martarodriguez.com.co\/index.php\/wp-json\/wp\/v2\/posts\/9522","targetHints":{"allow":["GET"]}}],"collection":[{"href":"https:\/\/martarodriguez.com.co\/index.php\/wp-json\/wp\/v2\/posts"}],"about":[{"href":"https:\/\/martarodriguez.com.co\/index.php\/wp-json\/wp\/v2\/types\/post"}],"author":[{"embeddable":true,"href":"https:\/\/martarodriguez.com.co\/index.php\/wp-json\/wp\/v2\/users\/1"}],"replies":[{"embeddable":true,"href":"https:\/\/martarodriguez.com.co\/index.php\/wp-json\/wp\/v2\/comments?post=9522"}],"version-history":[{"count":7,"href":"https:\/\/martarodriguez.com.co\/index.php\/wp-json\/wp\/v2\/posts\/9522\/revisions"}],"predecessor-version":[{"id":10344,"href":"https:\/\/martarodriguez.com.co\/index.php\/wp-json\/wp\/v2\/posts\/9522\/revisions\/10344"}],"wp:featuredmedia":[{"embeddable":true,"href":"https:\/\/martarodriguez.com.co\/index.php\/wp-json\/wp\/v2\/media\/11641"}],"wp:attachment":[{"href":"https:\/\/martarodriguez.com.co\/index.php\/wp-json\/wp\/v2\/media?parent=9522"}],"wp:term":[{"taxonomy":"category","embeddable":true,"href":"https:\/\/martarodriguez.com.co\/index.php\/wp-json\/wp\/v2\/categories?post=9522"},{"taxonomy":"post_tag","embeddable":true,"href":"https:\/\/martarodriguez.com.co\/index.php\/wp-json\/wp\/v2\/tags?post=9522"}],"curies":[{"name":"wp","href":"https:\/\/api.w.org\/{rel}","templated":true}]}}