{"id":9482,"date":"2024-12-17T21:18:24","date_gmt":"2024-12-17T21:18:24","guid":{"rendered":"https:\/\/martarodriguez.com.co\/?p=9482"},"modified":"2024-12-23T21:12:53","modified_gmt":"2024-12-23T21:12:53","slug":"0134-bosque-calderon-1977","status":"publish","type":"post","link":"https:\/\/martarodriguez.com.co\/index.php\/2024\/12\/17\/0134-bosque-calderon-1977\/","title":{"rendered":"0134 Bosque Calder\u00f3n-1977"},"content":{"rendered":"\t\t<div data-elementor-type=\"wp-post\" data-elementor-id=\"9482\" class=\"elementor elementor-9482\">\n\t\t\t\t\t\t<section class=\"elementor-section elementor-top-section elementor-element elementor-element-31e9a44 elementor-section-boxed elementor-section-height-default elementor-section-height-default exad-glass-effect-no wpr-particle-no wpr-jarallax-no wpr-parallax-no wpr-sticky-section-no exad-sticky-section-no\" data-id=\"31e9a44\" data-element_type=\"section\">\n\t\t\t\t\t\t<div class=\"elementor-container elementor-column-gap-default\">\n\t\t\t\t\t<div class=\"elementor-column elementor-col-100 elementor-top-column elementor-element elementor-element-00c8168 exad-glass-effect-no exad-sticky-section-no\" data-id=\"00c8168\" data-element_type=\"column\">\n\t\t\t<div class=\"elementor-widget-wrap elementor-element-populated\">\n\t\t\t\t\t\t<div class=\"elementor-element elementor-element-0928cc3 elementor-widget__width-initial exad-sticky-section-no exad-glass-effect-no elementor-widget elementor-widget-text-editor\" data-id=\"0928cc3\" data-element_type=\"widget\" data-widget_type=\"text-editor.default\">\n\t\t\t\t<div class=\"elementor-widget-container\">\n\t\t\t<style>\/*! elementor - v3.21.0 - 15-04-2024 *\/\n.elementor-widget-text-editor.elementor-drop-cap-view-stacked .elementor-drop-cap{background-color:#69727d;color:#fff}.elementor-widget-text-editor.elementor-drop-cap-view-framed .elementor-drop-cap{color:#69727d;border:3px solid;background-color:transparent}.elementor-widget-text-editor:not(.elementor-drop-cap-view-default) .elementor-drop-cap{margin-top:8px}.elementor-widget-text-editor:not(.elementor-drop-cap-view-default) .elementor-drop-cap-letter{width:1em;height:1em}.elementor-widget-text-editor .elementor-drop-cap{float:left;text-align:center;line-height:1;font-size:50px}.elementor-widget-text-editor .elementor-drop-cap-letter{display:inline-block}<\/style>\t\t\t\t<p>\u00bfEntrevista de Marta Rodr\u00edguez a v\u00edctima del desalojo de la casona sobre la Violencia. Inicia contando la muerte de Gait\u00e1n y la muerte de Roa Sierra, el asesino de Gait\u00e1n, qui\u00e9n fue perseguido por el pueblo para vengar esta muerte que abre la \u00e9poca de la Violencia. Describe el centro de Bogot\u00e1 en un invierno que evito la propagaci\u00f3n de las llamas. El testimonio aclara que la muerte de Gait\u00e1n fue a la 1:05 de la tarde. El archivo de sonido continua con la voz de una mujer que narra la posesi\u00f3n de un abogado que es contratado para justificar el desalojo del que son v\u00edctimas.\u00a0<\/p>\t\t\t\t\t\t<\/div>\n\t\t\t\t<\/div>\n\t\t\t\t<div class=\"elementor-element elementor-element-9724743 exad-sticky-section-no exad-glass-effect-no elementor-widget elementor-widget-html\" data-id=\"9724743\" data-element_type=\"widget\" data-widget_type=\"html.default\">\n\t\t\t\t<div class=\"elementor-widget-container\">\n\t\t\t<iframe src=\"https:\/\/audiomack.com\/embed\/cinemestizo\/song\/0134-bosque-caldero-n-1977\" scrolling=\"no\" width=\"100%\" height=\"252\" frameborder=\"0\" title=\"0134 Bosque Caldero  N 1977\"><\/iframe>\t\t<\/div>\n\t\t\t\t<\/div>\n\t\t\t\t\t<\/div>\n\t\t<\/div>\n\t\t\t\t\t<\/div>\n\t\t<\/section>\n\t\t\t\t<section class=\"elementor-section elementor-top-section elementor-element elementor-element-15aedd9 elementor-section-boxed elementor-section-height-default elementor-section-height-default exad-glass-effect-no wpr-particle-no wpr-jarallax-no wpr-parallax-no wpr-sticky-section-no exad-sticky-section-no\" data-id=\"15aedd9\" data-element_type=\"section\">\n\t\t\t\t\t\t<div class=\"elementor-container elementor-column-gap-default\">\n\t\t\t\t\t<div class=\"elementor-column elementor-col-100 elementor-top-column elementor-element elementor-element-2c0ca61 exad-glass-effect-no exad-sticky-section-no\" data-id=\"2c0ca61\" data-element_type=\"column\">\n\t\t\t<div class=\"elementor-widget-wrap elementor-element-populated\">\n\t\t\t\t\t\t<div class=\"elementor-element elementor-element-1d1d995 exad-sticky-section-no exad-glass-effect-no elementor-widget elementor-widget-text-editor\" data-id=\"1d1d995\" data-element_type=\"widget\" data-widget_type=\"text-editor.default\">\n\t\t\t\t<div class=\"elementor-widget-container\">\n\t\t\t\t\t\t\t<p><span style=\"font-weight: bolder;\">C\u00d3DIGO:<\/span>&nbsp;0134<\/p>\n<p><span style=\"color: var( --e-global-color-text ); font-family: var( --e-global-typography-text-font-family ), Sans-serif; font-weight: bolder;\">AUTOR\/DIRECTOR\/PRODUCTOR:<\/span><span style=\"color: var( --e-global-color-text ); font-family: var( --e-global-typography-text-font-family ), Sans-serif; font-weight: var( --e-global-typography-text-font-weight );\">&nbsp;Fundaci\u00f3n Cine Documental Investigaci\u00f3n Social<\/span><\/p>\n<p><span style=\"font-weight: bolder;\">IDIOMA:<\/span>&nbsp;Espa\u00f1ol&nbsp;<\/p>\n<p><span style=\"font-weight: bolder;\">PERSONA JUR\u00cdDICA\/NATURAL\/ROL:<\/span>&nbsp;Jorge Eliecer Gait\u00e1n, Juan Roa Sierra, Chucho Delgadillo, Dario Echand\u00eda Olaya, Mariano Ospina Perez, Isidro<\/p>\n<p><span style=\"color: var( --e-global-color-text ); font-family: var( --e-global-typography-text-font-family ), Sans-serif; font-weight: bolder;\">TOPON\u00cdMICOS:<\/span><span style=\"color: var( --e-global-color-text ); font-family: var( --e-global-typography-text-font-family ), Sans-serif; font-weight: var( --e-global-typography-text-font-weight );\">&nbsp;Bogot\u00e1<\/span><\/p>\n<p><span style=\"color: var( --e-global-color-text ); font-family: var( --e-global-typography-text-font-family ), Sans-serif; font-weight: bolder;\">TEM\u00c1TICOS:<\/span><span style=\"color: var( --e-global-color-text ); font-family: var( --e-global-typography-text-font-family ), Sans-serif; font-weight: var( --e-global-typography-text-font-weight );\">&nbsp;<\/span><span data-sheets-root=\"1\" style=\"color: var( --e-global-color-text ); font-family: var( --e-global-typography-text-font-family ), Sans-serif; font-weight: var( --e-global-typography-text-font-weight );\">Desalojo, violaci\u00f3n de derechos humanos, urbanizaci\u00f3n, resistencia<\/span><\/p>\n<p><span style=\"font-weight: bolder;\">CRONOL\u00d3GICOS:<\/span>&nbsp;1979<\/p>\n<p><span style=\"font-weight: bolder;\">UNIDAD DE CONSERVACI\u00d3N:<\/span>&nbsp;Caja<\/p>\n<p><span style=\"font-weight: bolder;\">SOPORTE:<\/span>&nbsp;Magn\u00e9tico<\/p>\n<p><span style=\"font-weight: bolder;\">FORMATO:<\/span>&nbsp;<span style=\"color: var( --e-global-color-text ); font-family: var( --e-global-typography-text-font-family ), Sans-serif; font-weight: var( --e-global-typography-text-font-weight );\">1\/4 pulgada<\/span><\/p>\n<p><span style=\"font-weight: bolder;\">DURACI\u00d3N:<\/span>&nbsp;<span data-sheets-root=\"1\">00:21:12<\/span><\/p>\n<p><span style=\"font-weight: bolder;\">NOTAS:<\/span>&nbsp;N\/A<\/p>\t\t\t\t\t\t<\/div>\n\t\t\t\t<\/div>\n\t\t\t\t\t<\/div>\n\t\t<\/div>\n\t\t\t\t\t<\/div>\n\t\t<\/section>\n\t\t\t\t<\/div>\n\t\t","protected":false},"excerpt":{"rendered":"<p>\u00bfEntrevista de Marta Rodr\u00edguez a v\u00edctima del desalojo de la casona sobre la Violencia. Inicia contando la muerte de Gait\u00e1n y la muerte de Roa Sierra, el asesino de Gait\u00e1n, qui\u00e9n fue perseguido por el pueblo para vengar esta muerte que abre la \u00e9poca de la Violencia. Describe el centro de Bogot\u00e1 en un invierno [&hellip;]<\/p>\n","protected":false},"author":1,"featured_media":11641,"comment_status":"open","ping_status":"open","sticky":false,"template":"","format":"standard","meta":{"_acf_changed":false,"footnotes":""},"categories":[26],"tags":[458,1000,1001,253,1002,488,999,930,105,64,408],"class_list":["post-9482","post","type-post","status-publish","format-standard","has-post-thumbnail","hentry","category-audios","tag-bogota","tag-chucho-delgadillo","tag-dario-echandia-olaya","tag-desalojo","tag-isidro","tag-jorge-eliecer-gaitan","tag-juan-roa-sierra","tag-mariano-ospina-perez","tag-resistencia","tag-urbanizacion","tag-violacion-de-derechos-humanos"],"acf":[],"_links":{"self":[{"href":"https:\/\/martarodriguez.com.co\/index.php\/wp-json\/wp\/v2\/posts\/9482","targetHints":{"allow":["GET"]}}],"collection":[{"href":"https:\/\/martarodriguez.com.co\/index.php\/wp-json\/wp\/v2\/posts"}],"about":[{"href":"https:\/\/martarodriguez.com.co\/index.php\/wp-json\/wp\/v2\/types\/post"}],"author":[{"embeddable":true,"href":"https:\/\/martarodriguez.com.co\/index.php\/wp-json\/wp\/v2\/users\/1"}],"replies":[{"embeddable":true,"href":"https:\/\/martarodriguez.com.co\/index.php\/wp-json\/wp\/v2\/comments?post=9482"}],"version-history":[{"count":7,"href":"https:\/\/martarodriguez.com.co\/index.php\/wp-json\/wp\/v2\/posts\/9482\/revisions"}],"predecessor-version":[{"id":10318,"href":"https:\/\/martarodriguez.com.co\/index.php\/wp-json\/wp\/v2\/posts\/9482\/revisions\/10318"}],"wp:featuredmedia":[{"embeddable":true,"href":"https:\/\/martarodriguez.com.co\/index.php\/wp-json\/wp\/v2\/media\/11641"}],"wp:attachment":[{"href":"https:\/\/martarodriguez.com.co\/index.php\/wp-json\/wp\/v2\/media?parent=9482"}],"wp:term":[{"taxonomy":"category","embeddable":true,"href":"https:\/\/martarodriguez.com.co\/index.php\/wp-json\/wp\/v2\/categories?post=9482"},{"taxonomy":"post_tag","embeddable":true,"href":"https:\/\/martarodriguez.com.co\/index.php\/wp-json\/wp\/v2\/tags?post=9482"}],"curies":[{"name":"wp","href":"https:\/\/api.w.org\/{rel}","templated":true}]}}