{"id":9477,"date":"2024-12-17T21:15:41","date_gmt":"2024-12-17T21:15:41","guid":{"rendered":"https:\/\/martarodriguez.com.co\/?p=9477"},"modified":"2024-12-23T21:12:16","modified_gmt":"2024-12-23T21:12:16","slug":"tono-policias-comicas-etc-la-casona-antonio","status":"publish","type":"post","link":"https:\/\/martarodriguez.com.co\/index.php\/2024\/12\/17\/tono-policias-comicas-etc-la-casona-antonio\/","title":{"rendered":"0116 to\u00f1o-policias-c\u00f3micas-etc-La casona Antonio"},"content":{"rendered":"\t\t<div data-elementor-type=\"wp-post\" data-elementor-id=\"9477\" class=\"elementor elementor-9477\">\n\t\t\t\t\t\t<section class=\"elementor-section elementor-top-section elementor-element elementor-element-31e9a44 elementor-section-boxed elementor-section-height-default elementor-section-height-default exad-glass-effect-no wpr-particle-no wpr-jarallax-no wpr-parallax-no wpr-sticky-section-no exad-sticky-section-no\" data-id=\"31e9a44\" data-element_type=\"section\">\n\t\t\t\t\t\t<div class=\"elementor-container elementor-column-gap-default\">\n\t\t\t\t\t<div class=\"elementor-column elementor-col-100 elementor-top-column elementor-element elementor-element-00c8168 exad-glass-effect-no exad-sticky-section-no\" data-id=\"00c8168\" data-element_type=\"column\">\n\t\t\t<div class=\"elementor-widget-wrap elementor-element-populated\">\n\t\t\t\t\t\t<div class=\"elementor-element elementor-element-0928cc3 elementor-widget__width-initial exad-sticky-section-no exad-glass-effect-no elementor-widget elementor-widget-text-editor\" data-id=\"0928cc3\" data-element_type=\"widget\" data-widget_type=\"text-editor.default\">\n\t\t\t\t<div class=\"elementor-widget-container\">\n\t\t\t<style>\/*! elementor - v3.21.0 - 15-04-2024 *\/\n.elementor-widget-text-editor.elementor-drop-cap-view-stacked .elementor-drop-cap{background-color:#69727d;color:#fff}.elementor-widget-text-editor.elementor-drop-cap-view-framed .elementor-drop-cap{color:#69727d;border:3px solid;background-color:transparent}.elementor-widget-text-editor:not(.elementor-drop-cap-view-default) .elementor-drop-cap{margin-top:8px}.elementor-widget-text-editor:not(.elementor-drop-cap-view-default) .elementor-drop-cap-letter{width:1em;height:1em}.elementor-widget-text-editor .elementor-drop-cap{float:left;text-align:center;line-height:1;font-size:50px}.elementor-widget-text-editor .elementor-drop-cap-letter{display:inline-block}<\/style>\t\t\t\t<p>Entrevista de los documentalistas Jorge Silva y Marta Rodr\u00edguez a Antonio, ni\u00f1o testigo de la muerte de Fernando Osorio Manrique, v\u00edctima de una patada fatal le le da la policia por defender a su madre del desalojo de la Casona. Esta Casona fue una famosa casa donde se alojaron muchas personas desplazadas del campo por las olas de violencia, pero hacia finales de los a\u00f1os 70 fue violentamente desalojada por la policia que obliga la salida de las personas y familias que luego conformar\u00edan los Barrios de invasi\u00f3n. Jorge le pregunta a Antonio sobre su cotidianidad, su relaci\u00f3n con la polic\u00eda, sus sue\u00f1os y lo que le gusta hacer. \u00c9l contesta que quiere casarse, le gustan las pel\u00edculas de Kalim\u00e1n, le gusta trabajar porque le permite comer. Luego los documentalistas le preguntan por su familia y Antonio contesta que \u00e9l escap\u00f3 de sus padres porque le pegaban y encadenaban.\u00a0<\/p><p><span style=\"color: var( --e-global-color-text ); font-family: var( --e-global-typography-text-font-family ), Sans-serif; font-weight: var( --e-global-typography-text-font-weight );\">Hacia la mitad del audio se oye una nueva entrevista con un campesino de Villarica sobre el sistema de trabajo en los cultivos de caf\u00e9.\u00a0<\/span><\/p><p>El archivo de sonido se corta y vuelve a iniciar con la canci\u00f3n de Antonio sobre la Casona. Esta ocurre en el contexto de los buses donde el ni\u00f1o cantaba en memoria del ni\u00f1o v\u00edctima Fernando Osorio Manrique.\u00a0<\/p>\t\t\t\t\t\t<\/div>\n\t\t\t\t<\/div>\n\t\t\t\t<div class=\"elementor-element elementor-element-9724743 exad-sticky-section-no exad-glass-effect-no elementor-widget elementor-widget-html\" data-id=\"9724743\" data-element_type=\"widget\" data-widget_type=\"html.default\">\n\t\t\t\t<div class=\"elementor-widget-container\">\n\t\t\t<iframe src=\"https:\/\/audiomack.com\/embed\/cinemestizo\/song\/0116-ton-o-policias-co-micas-etc-la-casona-anton\" scrolling=\"no\" width=\"100%\" height=\"252\" frameborder=\"0\" title=\"0116  Ton  O Policias Co  Micas Etc La Casona Anton\"><\/iframe>\t\t<\/div>\n\t\t\t\t<\/div>\n\t\t\t\t\t<\/div>\n\t\t<\/div>\n\t\t\t\t\t<\/div>\n\t\t<\/section>\n\t\t\t\t<section class=\"elementor-section elementor-top-section elementor-element elementor-element-895a1de elementor-section-boxed elementor-section-height-default elementor-section-height-default exad-glass-effect-no wpr-particle-no wpr-jarallax-no wpr-parallax-no wpr-sticky-section-no exad-sticky-section-no\" data-id=\"895a1de\" data-element_type=\"section\">\n\t\t\t\t\t\t<div class=\"elementor-container elementor-column-gap-default\">\n\t\t\t\t\t<div class=\"elementor-column elementor-col-100 elementor-top-column elementor-element elementor-element-4f1adcd exad-glass-effect-no exad-sticky-section-no\" data-id=\"4f1adcd\" data-element_type=\"column\">\n\t\t\t<div class=\"elementor-widget-wrap elementor-element-populated\">\n\t\t\t\t\t\t<div class=\"elementor-element elementor-element-cbe333e exad-sticky-section-no exad-glass-effect-no elementor-widget elementor-widget-text-editor\" data-id=\"cbe333e\" data-element_type=\"widget\" data-widget_type=\"text-editor.default\">\n\t\t\t\t<div class=\"elementor-widget-container\">\n\t\t\t\t\t\t\t<p><span style=\"font-weight: bolder;\">C\u00d3DIGO:<\/span>\u00a00116<\/p><p><span style=\"color: var( --e-global-color-text ); font-family: var( --e-global-typography-text-font-family ), Sans-serif; font-weight: bolder;\">AUTOR\/DIRECTOR\/PRODUCTOR:<\/span><span style=\"color: var( --e-global-color-text ); font-family: var( --e-global-typography-text-font-family ), Sans-serif; font-weight: var( --e-global-typography-text-font-weight );\">\u00a0Fundaci\u00f3n Cine Documental Investigaci\u00f3n Social<\/span><\/p><p><span style=\"font-weight: bolder;\">IDIOMA:<\/span>\u00a0Espa\u00f1ol\u00a0<\/p><p><span style=\"font-weight: bolder;\">PERSONA JUR\u00cdDICA\/NATURAL\/ROL:<\/span>\u00a0Antonio, Fernando Osorio Manrique, Mariela<\/p><p><span style=\"color: var( --e-global-color-text ); font-family: var( --e-global-typography-text-font-family ), Sans-serif; font-weight: bolder;\">TOPON\u00cdMICOS:<\/span><span style=\"color: var( --e-global-color-text ); font-family: var( --e-global-typography-text-font-family ), Sans-serif; font-weight: var( --e-global-typography-text-font-weight );\">\u00a0Bogot\u00e1<\/span><\/p><p><span style=\"color: var( --e-global-color-text ); font-family: var( --e-global-typography-text-font-family ), Sans-serif; font-weight: bolder;\">TEM\u00c1TICOS:<\/span><span style=\"color: var( --e-global-color-text ); font-family: var( --e-global-typography-text-font-family ), Sans-serif; font-weight: var( --e-global-typography-text-font-weight );\">\u00a0<\/span><span style=\"color: var( --e-global-color-text ); font-family: var( --e-global-typography-text-font-family ), Sans-serif; font-weight: var( --e-global-typography-text-font-weight );\" data-sheets-root=\"1\">Desalojo, violaci\u00f3n de derechos humanos, urbanizaci\u00f3n, resistencia, feudalismo<\/span><\/p><p><span style=\"font-weight: bolder;\">CRONOL\u00d3GICOS:<\/span>\u00a01979<\/p><p><span style=\"font-weight: bolder;\">UNIDAD DE CONSERVACI\u00d3N:<\/span>\u00a0Caja<\/p><p><span style=\"font-weight: bolder;\">SOPORTE:<\/span>\u00a0Magn\u00e9tico<\/p><p><span style=\"font-weight: bolder;\">FORMATO:<\/span>\u00a0<span style=\"color: var( --e-global-color-text ); font-family: var( --e-global-typography-text-font-family ), Sans-serif; font-weight: var( --e-global-typography-text-font-weight );\">1\/4 pulgada<\/span><\/p><p><span style=\"font-weight: bolder;\">DURACI\u00d3N:<\/span>\u00a0<span data-sheets-root=\"1\">00:33:45<\/span><\/p><p><span style=\"font-weight: bolder;\">NOTAS:<\/span>\u00a0N\/A<\/p>\t\t\t\t\t\t<\/div>\n\t\t\t\t<\/div>\n\t\t\t\t\t<\/div>\n\t\t<\/div>\n\t\t\t\t\t<\/div>\n\t\t<\/section>\n\t\t\t\t<\/div>\n\t\t","protected":false},"excerpt":{"rendered":"<p>Entrevista de los documentalistas Jorge Silva y Marta Rodr\u00edguez a Antonio, ni\u00f1o testigo de la muerte de Fernando Osorio Manrique, v\u00edctima de una patada fatal le le da la policia por defender a su madre del desalojo de la Casona. Esta Casona fue una famosa casa donde se alojaron muchas personas desplazadas del campo por [&hellip;]<\/p>\n","protected":false},"author":1,"featured_media":11641,"comment_status":"open","ping_status":"open","sticky":false,"template":"","format":"standard","meta":{"_acf_changed":false,"footnotes":""},"categories":[26],"tags":[996,458,253,997,233,998,105,64,408],"class_list":["post-9477","post","type-post","status-publish","format-standard","has-post-thumbnail","hentry","category-audios","tag-antonio","tag-bogota","tag-desalojo","tag-fernando-osorio-manrique","tag-feudalismo","tag-mariela","tag-resistencia","tag-urbanizacion","tag-violacion-de-derechos-humanos"],"acf":[],"_links":{"self":[{"href":"https:\/\/martarodriguez.com.co\/index.php\/wp-json\/wp\/v2\/posts\/9477","targetHints":{"allow":["GET"]}}],"collection":[{"href":"https:\/\/martarodriguez.com.co\/index.php\/wp-json\/wp\/v2\/posts"}],"about":[{"href":"https:\/\/martarodriguez.com.co\/index.php\/wp-json\/wp\/v2\/types\/post"}],"author":[{"embeddable":true,"href":"https:\/\/martarodriguez.com.co\/index.php\/wp-json\/wp\/v2\/users\/1"}],"replies":[{"embeddable":true,"href":"https:\/\/martarodriguez.com.co\/index.php\/wp-json\/wp\/v2\/comments?post=9477"}],"version-history":[{"count":8,"href":"https:\/\/martarodriguez.com.co\/index.php\/wp-json\/wp\/v2\/posts\/9477\/revisions"}],"predecessor-version":[{"id":10315,"href":"https:\/\/martarodriguez.com.co\/index.php\/wp-json\/wp\/v2\/posts\/9477\/revisions\/10315"}],"wp:featuredmedia":[{"embeddable":true,"href":"https:\/\/martarodriguez.com.co\/index.php\/wp-json\/wp\/v2\/media\/11641"}],"wp:attachment":[{"href":"https:\/\/martarodriguez.com.co\/index.php\/wp-json\/wp\/v2\/media?parent=9477"}],"wp:term":[{"taxonomy":"category","embeddable":true,"href":"https:\/\/martarodriguez.com.co\/index.php\/wp-json\/wp\/v2\/categories?post=9477"},{"taxonomy":"post_tag","embeddable":true,"href":"https:\/\/martarodriguez.com.co\/index.php\/wp-json\/wp\/v2\/tags?post=9477"}],"curies":[{"name":"wp","href":"https:\/\/api.w.org\/{rel}","templated":true}]}}