{"id":9381,"date":"2024-12-17T20:47:32","date_gmt":"2024-12-17T20:47:32","guid":{"rendered":"https:\/\/martarodriguez.com.co\/?p=9381"},"modified":"2025-01-09T19:56:56","modified_gmt":"2025-01-09T19:56:56","slug":"0322-helena-sept-26-84-la-liberacion-es-un-chiste-519","status":"publish","type":"post","link":"https:\/\/martarodriguez.com.co\/index.php\/2024\/12\/17\/0322-helena-sept-26-84-la-liberacion-es-un-chiste-519\/","title":{"rendered":"0322 Helena Sept 26 84 La Liberacion Es Un Chiste 519"},"content":{"rendered":"\t\t<div data-elementor-type=\"wp-post\" data-elementor-id=\"9381\" class=\"elementor elementor-9381\">\n\t\t\t\t\t\t<section class=\"elementor-section elementor-top-section elementor-element elementor-element-31e9a44 elementor-section-boxed elementor-section-height-default elementor-section-height-default exad-glass-effect-no wpr-particle-no wpr-jarallax-no wpr-parallax-no wpr-sticky-section-no exad-sticky-section-no\" data-id=\"31e9a44\" data-element_type=\"section\">\n\t\t\t\t\t\t<div class=\"elementor-container elementor-column-gap-default\">\n\t\t\t\t\t<div class=\"elementor-column elementor-col-100 elementor-top-column elementor-element elementor-element-00c8168 exad-glass-effect-no exad-sticky-section-no\" data-id=\"00c8168\" data-element_type=\"column\">\n\t\t\t<div class=\"elementor-widget-wrap elementor-element-populated\">\n\t\t\t\t\t\t<div class=\"elementor-element elementor-element-0928cc3 exad-sticky-section-no exad-glass-effect-no elementor-widget elementor-widget-text-editor\" data-id=\"0928cc3\" data-element_type=\"widget\" data-widget_type=\"text-editor.default\">\n\t\t\t\t<div class=\"elementor-widget-container\">\n\t\t\t<style>\/*! elementor - v3.21.0 - 15-04-2024 *\/\n.elementor-widget-text-editor.elementor-drop-cap-view-stacked .elementor-drop-cap{background-color:#69727d;color:#fff}.elementor-widget-text-editor.elementor-drop-cap-view-framed .elementor-drop-cap{color:#69727d;border:3px solid;background-color:transparent}.elementor-widget-text-editor:not(.elementor-drop-cap-view-default) .elementor-drop-cap{margin-top:8px}.elementor-widget-text-editor:not(.elementor-drop-cap-view-default) .elementor-drop-cap-letter{width:1em;height:1em}.elementor-widget-text-editor .elementor-drop-cap{float:left;text-align:center;line-height:1;font-size:50px}.elementor-widget-text-editor .elementor-drop-cap-letter{display:inline-block}<\/style>\t\t\t\t<p>Entrevistas en el marco de la investigaci\u00f3n para el documental &#8216;Amor, mujeres y flores&#8217; (1984-1989) sobre las condiciones de trabajo de las floricultoras en la sabana de Bogot\u00e1. Entrevista con Elena, quien habla de su embarazo y de su trabajo en los cultivos de flores. Se escucha el ambiente de su casa, donde est\u00e1n su esposo y su hijo peque\u00f1o. Elena expresa su angustia por el temor de enfermar a su beb\u00e9 mientras trabaja en esas condiciones. Comenta que una amiga le dec\u00eda que le dol\u00edan los ri\u00f1ones por seguir trabajando en ese entorno, y el riesgo m\u00e1s grande, seg\u00fan Elena, era el aborto espont\u00e1neo.<br \/>Describe las loncheras muy b\u00e1sicas que llevan los trabajadores para el almuerzo, ya que el salario no les permite comer mejor. Otra alternativa para el almuerzo, cuando se les exigen horas extras, es un simple pan con gaseosa. Esto contribuye al estado de debilidad general de los trabajadores.<br \/>Elena tambi\u00e9n habla sobre la acumulaci\u00f3n de las violencias que sufren las trabajadoras, tanto en el trabajo como en el hogar. Adem\u00e1s, menciona que algunos maridos se gastan el dinero del hogar en beneficio propio, lo que agrava a\u00fan m\u00e1s la situaci\u00f3n econ\u00f3mica y emocional de la familia. Elena concluye que el sueldo que ganan en las flores es una ilusi\u00f3n de libertad y autonom\u00eda, porque en la pr\u00e1ctica, sus esfuerzos van destinados a mantener a la familia o al marido, pero no a ellas mismas. Esto se convierte en una creencia que las aliena a\u00fan m\u00e1s, perpetuando la idea de que su valor y su trabajo son solo para el bienestar de los dem\u00e1s. Piensa que esta narrativa de liberaci\u00f3n de la mujer es, en \u00faltima instancia, un enga\u00f1o, ya que oculta la realidad de que muchas siguen atrapadas en ciclos de dependencia y explotaci\u00f3n.<\/p>\t\t\t\t\t\t<\/div>\n\t\t\t\t<\/div>\n\t\t\t\t<div class=\"elementor-element elementor-element-9724743 exad-sticky-section-no exad-glass-effect-no elementor-widget elementor-widget-html\" data-id=\"9724743\" data-element_type=\"widget\" data-widget_type=\"html.default\">\n\t\t\t\t<div class=\"elementor-widget-container\">\n\t\t\t<iframe src=\"https:\/\/audiomack.com\/embed\/cinemestizo\/song\/0322-helena-sept-26-84-la-liberacion-es-un-chiste-519\" scrolling=\"no\" width=\"100%\" height=\"252\" frameborder=\"0\" title=\"0322 Helena Sept 26 84 La Liberacion Es Un Chiste 519\"><\/iframe>\t\t<\/div>\n\t\t\t\t<\/div>\n\t\t\t\t<div class=\"elementor-element elementor-element-636d592 exad-sticky-section-no exad-glass-effect-no elementor-widget elementor-widget-text-editor\" data-id=\"636d592\" data-element_type=\"widget\" data-widget_type=\"text-editor.default\">\n\t\t\t\t<div class=\"elementor-widget-container\">\n\t\t\t\t\t\t\t<p><strong>C\u00d3DIGO:<\/strong> 0322<\/p><p><strong>AUTOR\/DIRECTOR\/PRODUCTOR:<\/strong>\u00a0Fundaci\u00f3n Cine Documental Investigaci\u00f3n Social<\/p><p><strong>IDIOMA:\u00a0<\/strong>Espa\u00f1ol\u00a0<\/p><p><strong>PERSONA JUR\u00cdDICA\/NATURAL\/ROL:<\/strong> Helena &#8211; Jorge Silva<\/p><p><strong>TOPON\u00cdMICOS:<\/strong>\u00a0Sabana de Bogot\u00e1<\/p><p><strong>TEM\u00c1TICOS:<\/strong> Amor mujeres y flores, salud, alimentaci\u00f3n, violencia domestica, floricultura,\u00a0<\/p><p><strong>CRONOL\u00d3GICOS:<\/strong> sept 26 1984<\/p><p><strong>UNIDAD DE CONSERVACI\u00d3N:\u00a0<\/strong>Caja<\/p><p><strong>SOPORTE:\u00a0<\/strong>Magn\u00e9tico<\/p><p><strong>FORMATO:\u00a0<\/strong>1\/4 pulgada<\/p><p><strong>DURACI\u00d3N:<\/strong>\u00a0<span data-sheets-root=\"1\">00:27:47<\/span><\/p><p><strong>NOTAS:\u00a0<\/strong>N\/A<\/p>\t\t\t\t\t\t<\/div>\n\t\t\t\t<\/div>\n\t\t\t\t\t<\/div>\n\t\t<\/div>\n\t\t\t\t\t<\/div>\n\t\t<\/section>\n\t\t\t\t<\/div>\n\t\t","protected":false},"excerpt":{"rendered":"<p>Entrevistas en el marco de la investigaci\u00f3n para el documental &#8216;Amor, mujeres y flores&#8217; (1984-1989) sobre las condiciones de trabajo de las floricultoras en la sabana de Bogot\u00e1. Entrevista con Elena, quien habla de su embarazo y de su trabajo en los cultivos de flores. Se escucha el ambiente de su casa, donde est\u00e1n su [&hellip;]<\/p>\n","protected":false},"author":1,"featured_media":11639,"comment_status":"open","ping_status":"open","sticky":false,"template":"","format":"standard","meta":{"_acf_changed":false,"footnotes":""},"categories":[26],"tags":[867,1402,866,217,1403,457,762,290],"class_list":["post-9381","post","type-post","status-publish","format-standard","has-post-thumbnail","hentry","category-audios","tag-alimentacion","tag-amor-mujeres-y-flores","tag-salud","tag-floricultura","tag-helena-floricultura","tag-jorge-silva","tag-sabana-de-bogota","tag-violencia-domestica"],"acf":[],"_links":{"self":[{"href":"https:\/\/martarodriguez.com.co\/index.php\/wp-json\/wp\/v2\/posts\/9381","targetHints":{"allow":["GET"]}}],"collection":[{"href":"https:\/\/martarodriguez.com.co\/index.php\/wp-json\/wp\/v2\/posts"}],"about":[{"href":"https:\/\/martarodriguez.com.co\/index.php\/wp-json\/wp\/v2\/types\/post"}],"author":[{"embeddable":true,"href":"https:\/\/martarodriguez.com.co\/index.php\/wp-json\/wp\/v2\/users\/1"}],"replies":[{"embeddable":true,"href":"https:\/\/martarodriguez.com.co\/index.php\/wp-json\/wp\/v2\/comments?post=9381"}],"version-history":[{"count":10,"href":"https:\/\/martarodriguez.com.co\/index.php\/wp-json\/wp\/v2\/posts\/9381\/revisions"}],"predecessor-version":[{"id":12249,"href":"https:\/\/martarodriguez.com.co\/index.php\/wp-json\/wp\/v2\/posts\/9381\/revisions\/12249"}],"wp:featuredmedia":[{"embeddable":true,"href":"https:\/\/martarodriguez.com.co\/index.php\/wp-json\/wp\/v2\/media\/11639"}],"wp:attachment":[{"href":"https:\/\/martarodriguez.com.co\/index.php\/wp-json\/wp\/v2\/media?parent=9381"}],"wp:term":[{"taxonomy":"category","embeddable":true,"href":"https:\/\/martarodriguez.com.co\/index.php\/wp-json\/wp\/v2\/categories?post=9381"},{"taxonomy":"post_tag","embeddable":true,"href":"https:\/\/martarodriguez.com.co\/index.php\/wp-json\/wp\/v2\/tags?post=9381"}],"curies":[{"name":"wp","href":"https:\/\/api.w.org\/{rel}","templated":true}]}}