{"id":9355,"date":"2024-12-17T20:40:42","date_gmt":"2024-12-17T20:40:42","guid":{"rendered":"https:\/\/martarodriguez.com.co\/?p=9355"},"modified":"2025-01-09T20:04:03","modified_gmt":"2025-01-09T20:04:03","slug":"0321-claudia-sept-25-84-517","status":"publish","type":"post","link":"https:\/\/martarodriguez.com.co\/index.php\/2024\/12\/17\/0321-claudia-sept-25-84-517\/","title":{"rendered":"0321 Claudia Sept 25 84 517"},"content":{"rendered":"\t\t<div data-elementor-type=\"wp-post\" data-elementor-id=\"9355\" class=\"elementor elementor-9355\">\n\t\t\t\t\t\t<section class=\"elementor-section elementor-top-section elementor-element elementor-element-31e9a44 elementor-section-boxed elementor-section-height-default elementor-section-height-default exad-glass-effect-no wpr-particle-no wpr-jarallax-no wpr-parallax-no wpr-sticky-section-no exad-sticky-section-no\" data-id=\"31e9a44\" data-element_type=\"section\">\n\t\t\t\t\t\t<div class=\"elementor-container elementor-column-gap-default\">\n\t\t\t\t\t<div class=\"elementor-column elementor-col-100 elementor-top-column elementor-element elementor-element-00c8168 exad-glass-effect-no exad-sticky-section-no\" data-id=\"00c8168\" data-element_type=\"column\">\n\t\t\t<div class=\"elementor-widget-wrap elementor-element-populated\">\n\t\t\t\t\t\t<div class=\"elementor-element elementor-element-0928cc3 exad-sticky-section-no exad-glass-effect-no elementor-widget elementor-widget-text-editor\" data-id=\"0928cc3\" data-element_type=\"widget\" data-widget_type=\"text-editor.default\">\n\t\t\t\t<div class=\"elementor-widget-container\">\n\t\t\t<style>\/*! elementor - v3.21.0 - 15-04-2024 *\/\n.elementor-widget-text-editor.elementor-drop-cap-view-stacked .elementor-drop-cap{background-color:#69727d;color:#fff}.elementor-widget-text-editor.elementor-drop-cap-view-framed .elementor-drop-cap{color:#69727d;border:3px solid;background-color:transparent}.elementor-widget-text-editor:not(.elementor-drop-cap-view-default) .elementor-drop-cap{margin-top:8px}.elementor-widget-text-editor:not(.elementor-drop-cap-view-default) .elementor-drop-cap-letter{width:1em;height:1em}.elementor-widget-text-editor .elementor-drop-cap{float:left;text-align:center;line-height:1;font-size:50px}.elementor-widget-text-editor .elementor-drop-cap-letter{display:inline-block}<\/style>\t\t\t\t<p>Entrevistas en el marco de la investigaci\u00f3n para el documental &#8216;Amor, mujeres y flores&#8217; (1984-1989) sobre las condiciones de trabajo de las floricultoras en la sabana de Bogot\u00e1. Entrevista con Claudia sobre la extrema violencia f\u00edsica que pueden sufrir las floricultoras en su vida privada. La violencia en el \u00e1mbito privado se entrelaza con las experiencias en el trabajo, creando un ciclo de opresi\u00f3n del que es dif\u00edcil escapar. Claudia menciona el caso de una mujer que sufre abuso sexual y f\u00edsico por parte de su ex pareja. Esta mujer debe soportar el constante acoso de su agresor sin saber c\u00f3mo salir de la situaci\u00f3n. Claudia enfatiza que no es un caso aislado; muchas trabajadoras enfrentan situaciones similares.<br \/>Adem\u00e1s, Claudia habla sobre c\u00f3mo, tras sufrir violaciones, ya sea en el \u00e1mbito laboral o privado, algunas mujeres buscan maneras de abortar, lo que a\u00f1ade otra capa de complejidad y riesgo a sus vidas. Claudia tambi\u00e9n denuncia los abusos de poder por parte de los superiores de las floriculturas, quienes exigen tener sexo con las obreras. Estas presiones generan un ambiente de intimidaci\u00f3n y vulnerabilidad, donde las trabajadoras se sienten obligadas a aceptar para mantener sus empleos. <br \/>Finalmente, Claudia tambi\u00e9n menciona que las recomendaciones del seguro no se escuchan y que no se realizan ex\u00e1menes de seguimiento a las trabajadoras, adem\u00e1s de que se fumiga encima del personal. Esta situaci\u00f3n agrava la salud y el bienestar de las obreras, ya que no reciben la atenci\u00f3n necesaria para prevenir o tratar problemas derivados de su trabajo.<\/p>\t\t\t\t\t\t<\/div>\n\t\t\t\t<\/div>\n\t\t\t\t<div class=\"elementor-element elementor-element-9724743 exad-sticky-section-no exad-glass-effect-no elementor-widget elementor-widget-html\" data-id=\"9724743\" data-element_type=\"widget\" data-widget_type=\"html.default\">\n\t\t\t\t<div class=\"elementor-widget-container\">\n\t\t\t<iframe src=\"https:\/\/audiomack.com\/embed\/cinemestizo\/song\/0321-claudia-sept-25-84-517\" scrolling=\"no\" width=\"100%\" height=\"252\" frameborder=\"0\" title=\"0321 Claudia Sept 25 84 517\"><\/iframe>\t\t<\/div>\n\t\t\t\t<\/div>\n\t\t\t\t\t<\/div>\n\t\t<\/div>\n\t\t\t\t\t<\/div>\n\t\t<\/section>\n\t\t\t\t<section class=\"elementor-section elementor-top-section elementor-element elementor-element-b146e54 elementor-section-boxed elementor-section-height-default elementor-section-height-default exad-glass-effect-no wpr-particle-no wpr-jarallax-no wpr-parallax-no wpr-sticky-section-no exad-sticky-section-no\" data-id=\"b146e54\" data-element_type=\"section\">\n\t\t\t\t\t\t<div class=\"elementor-container elementor-column-gap-default\">\n\t\t\t\t\t<div class=\"elementor-column elementor-col-100 elementor-top-column elementor-element elementor-element-57b165f exad-glass-effect-no exad-sticky-section-no\" data-id=\"57b165f\" data-element_type=\"column\">\n\t\t\t<div class=\"elementor-widget-wrap elementor-element-populated\">\n\t\t\t\t\t\t<div class=\"elementor-element elementor-element-c5de50a exad-sticky-section-no exad-glass-effect-no elementor-widget elementor-widget-text-editor\" data-id=\"c5de50a\" data-element_type=\"widget\" data-widget_type=\"text-editor.default\">\n\t\t\t\t<div class=\"elementor-widget-container\">\n\t\t\t\t\t\t\t<p><strong>C\u00d3DIGO:<\/strong> 0321<\/p><p><strong>AUTOR\/DIRECTOR\/PRODUCTOR:<\/strong>\u00a0Fundaci\u00f3n Cine Documental Investigaci\u00f3n Social<\/p><p><strong>IDIOMA:\u00a0<\/strong>Espa\u00f1ol\u00a0<\/p><p><strong>PERSONA JUR\u00cdDICA\/NATURAL\/ROL:<\/strong> Claudia -Jorge Silva<\/p><p><strong>TOPON\u00cdMICOS:<\/strong>\u00a0Sabana de Bogot\u00e1<\/p><p><strong>TEM\u00c1TICOS:<\/strong> Amor mujeres y flores, violencia domestica, aborto, violencia sexual, acoso, abuso de poder, pesticidas, floricultura,\u00a0<\/p><p><strong>CRONOL\u00d3GICOS:<\/strong> sept 25 1984<\/p><p><strong>UNIDAD DE CONSERVACI\u00d3N:\u00a0<\/strong>Caja<\/p><p><strong>SOPORTE:\u00a0<\/strong>Magn\u00e9tico<\/p><p><strong>FORMATO:\u00a0<\/strong>1\/4 pulgada<\/p><p><strong>DURACI\u00d3N:<\/strong>\u00a0<span data-sheets-root=\"1\">00:31:55<\/span><\/p><p><strong>NOTAS:\u00a0<\/strong>N\/A<\/p>\t\t\t\t\t\t<\/div>\n\t\t\t\t<\/div>\n\t\t\t\t\t<\/div>\n\t\t<\/div>\n\t\t\t\t\t<\/div>\n\t\t<\/section>\n\t\t\t\t<\/div>\n\t\t","protected":false},"excerpt":{"rendered":"<p>Entrevistas en el marco de la investigaci\u00f3n para el documental &#8216;Amor, mujeres y flores&#8217; (1984-1989) sobre las condiciones de trabajo de las floricultoras en la sabana de Bogot\u00e1. Entrevista con Claudia sobre la extrema violencia f\u00edsica que pueden sufrir las floricultoras en su vida privada. La violencia en el \u00e1mbito privado se entrelaza con las [&hellip;]<\/p>\n","protected":false},"author":1,"featured_media":11639,"comment_status":"open","ping_status":"open","sticky":false,"template":"","format":"standard","meta":{"_acf_changed":false,"footnotes":""},"categories":[26],"tags":[862,864,863,1402,861,217,457,865,762,290,764],"class_list":["post-9355","post","type-post","status-publish","format-standard","has-post-thumbnail","hentry","category-audios","tag-aborto","tag-abuso-de-poder","tag-acoso","tag-amor-mujeres-y-flores","tag-claudia-floricultora","tag-floricultura","tag-jorge-silva","tag-pesticidas","tag-sabana-de-bogota","tag-violencia-domestica","tag-violencia-sexual"],"acf":[],"_links":{"self":[{"href":"https:\/\/martarodriguez.com.co\/index.php\/wp-json\/wp\/v2\/posts\/9355","targetHints":{"allow":["GET"]}}],"collection":[{"href":"https:\/\/martarodriguez.com.co\/index.php\/wp-json\/wp\/v2\/posts"}],"about":[{"href":"https:\/\/martarodriguez.com.co\/index.php\/wp-json\/wp\/v2\/types\/post"}],"author":[{"embeddable":true,"href":"https:\/\/martarodriguez.com.co\/index.php\/wp-json\/wp\/v2\/users\/1"}],"replies":[{"embeddable":true,"href":"https:\/\/martarodriguez.com.co\/index.php\/wp-json\/wp\/v2\/comments?post=9355"}],"version-history":[{"count":10,"href":"https:\/\/martarodriguez.com.co\/index.php\/wp-json\/wp\/v2\/posts\/9355\/revisions"}],"predecessor-version":[{"id":12252,"href":"https:\/\/martarodriguez.com.co\/index.php\/wp-json\/wp\/v2\/posts\/9355\/revisions\/12252"}],"wp:featuredmedia":[{"embeddable":true,"href":"https:\/\/martarodriguez.com.co\/index.php\/wp-json\/wp\/v2\/media\/11639"}],"wp:attachment":[{"href":"https:\/\/martarodriguez.com.co\/index.php\/wp-json\/wp\/v2\/media?parent=9355"}],"wp:term":[{"taxonomy":"category","embeddable":true,"href":"https:\/\/martarodriguez.com.co\/index.php\/wp-json\/wp\/v2\/categories?post=9355"},{"taxonomy":"post_tag","embeddable":true,"href":"https:\/\/martarodriguez.com.co\/index.php\/wp-json\/wp\/v2\/tags?post=9355"}],"curies":[{"name":"wp","href":"https:\/\/api.w.org\/{rel}","templated":true}]}}