{"id":9288,"date":"2024-12-17T20:26:50","date_gmt":"2024-12-17T20:26:50","guid":{"rendered":"https:\/\/martarodriguez.com.co\/?p=9288"},"modified":"2024-12-23T21:28:30","modified_gmt":"2024-12-23T21:28:30","slug":"0121-graciela-marzo-dm-27-77-dona-graciela5-8-33-4","status":"publish","type":"post","link":"https:\/\/martarodriguez.com.co\/index.php\/2024\/12\/17\/0121-graciela-marzo-dm-27-77-dona-graciela5-8-33-4\/","title":{"rendered":"0121 Graciela-marzo-DM 27\/77 Do\u00f1a Graciela(5)\/8 33\/4"},"content":{"rendered":"\t\t<div data-elementor-type=\"wp-post\" data-elementor-id=\"9288\" class=\"elementor elementor-9288\">\n\t\t\t\t\t\t<section class=\"elementor-section elementor-top-section elementor-element elementor-element-31e9a44 elementor-section-boxed elementor-section-height-default elementor-section-height-default exad-glass-effect-no wpr-particle-no wpr-jarallax-no wpr-parallax-no wpr-sticky-section-no exad-sticky-section-no\" data-id=\"31e9a44\" data-element_type=\"section\">\n\t\t\t\t\t\t<div class=\"elementor-container elementor-column-gap-default\">\n\t\t\t\t\t<div class=\"elementor-column elementor-col-100 elementor-top-column elementor-element elementor-element-00c8168 exad-glass-effect-no exad-sticky-section-no\" data-id=\"00c8168\" data-element_type=\"column\">\n\t\t\t<div class=\"elementor-widget-wrap elementor-element-populated\">\n\t\t\t\t\t\t<div class=\"elementor-element elementor-element-0928cc3 exad-sticky-section-no exad-glass-effect-no elementor-widget elementor-widget-text-editor\" data-id=\"0928cc3\" data-element_type=\"widget\" data-widget_type=\"text-editor.default\">\n\t\t\t\t<div class=\"elementor-widget-container\">\n\t\t\t<style>\/*! elementor - v3.21.0 - 15-04-2024 *\/\n.elementor-widget-text-editor.elementor-drop-cap-view-stacked .elementor-drop-cap{background-color:#69727d;color:#fff}.elementor-widget-text-editor.elementor-drop-cap-view-framed .elementor-drop-cap{color:#69727d;border:3px solid;background-color:transparent}.elementor-widget-text-editor:not(.elementor-drop-cap-view-default) .elementor-drop-cap{margin-top:8px}.elementor-widget-text-editor:not(.elementor-drop-cap-view-default) .elementor-drop-cap-letter{width:1em;height:1em}.elementor-widget-text-editor .elementor-drop-cap{float:left;text-align:center;line-height:1;font-size:50px}.elementor-widget-text-editor .elementor-drop-cap-letter{display:inline-block}<\/style>\t\t\t\t<p>Entrevista de Marta Rodr\u00edguez a una mujer v\u00edctima de la Violencia, Graciela, quien ten\u00eda cerca de 24 a\u00f1os cuando la chulavita entra a su casa y la incendia. Argumenta que el hambre y el desempleo es la causa de las violencias que persisten. El audio sigue con esta entrevista de Marta a la se\u00f1ora Graciela sobre la memoria, la pol\u00edtica, las necesidades del pueblo y el terror vivido. Jorge interviene a modo de conversaci\u00f3n para decir c\u00f3mo ha habido un inter\u00e9s para que no se conozca la historia. Ella ofrece una visi\u00f3n general de la situaci\u00f3n del pa\u00eds en el momento de su relato y se\u00f1ala especialmente la maldad de los policias que &#8220;con usar el uniforme se contagian&#8221;. Describe como entre compartidarios se quemaban vivos. No se respetaron colores, solo hubo masacre.\u00a0<\/p>\t\t\t\t\t\t<\/div>\n\t\t\t\t<\/div>\n\t\t\t\t<div class=\"elementor-element elementor-element-9724743 exad-sticky-section-no exad-glass-effect-no elementor-widget elementor-widget-html\" data-id=\"9724743\" data-element_type=\"widget\" data-widget_type=\"html.default\">\n\t\t\t\t<div class=\"elementor-widget-container\">\n\t\t\t<iframe src=\"https:\/\/audiomack.com\/embed\/cinemestizo\/song\/0121-graciela-marzo-27-77-dona-graciela\" scrolling=\"no\" width=\"100%\" height=\"252\" frameborder=\"0\" title=\"0121  Graciela Marzo 27 77   Dona Graciela\"><\/iframe>\t\t<\/div>\n\t\t\t\t<\/div>\n\t\t\t\t\t<\/div>\n\t\t<\/div>\n\t\t\t\t\t<\/div>\n\t\t<\/section>\n\t\t\t\t<section class=\"elementor-section elementor-top-section elementor-element elementor-element-84e19aa elementor-section-boxed elementor-section-height-default elementor-section-height-default exad-glass-effect-no wpr-particle-no wpr-jarallax-no wpr-parallax-no wpr-sticky-section-no exad-sticky-section-no\" data-id=\"84e19aa\" data-element_type=\"section\">\n\t\t\t\t\t\t<div class=\"elementor-container elementor-column-gap-default\">\n\t\t\t\t\t<div class=\"elementor-column elementor-col-100 elementor-top-column elementor-element elementor-element-f5be9d1 exad-glass-effect-no exad-sticky-section-no\" data-id=\"f5be9d1\" data-element_type=\"column\">\n\t\t\t<div class=\"elementor-widget-wrap elementor-element-populated\">\n\t\t\t\t\t\t<div class=\"elementor-element elementor-element-f15ca7b exad-sticky-section-no exad-glass-effect-no elementor-widget elementor-widget-text-editor\" data-id=\"f15ca7b\" data-element_type=\"widget\" data-widget_type=\"text-editor.default\">\n\t\t\t\t<div class=\"elementor-widget-container\">\n\t\t\t\t\t\t\t<p><span style=\"font-weight: bolder;\">C\u00d3DIGO:<\/span>&nbsp;0121<\/p>\n<p><span style=\"color: var( --e-global-color-text ); font-family: var( --e-global-typography-text-font-family ), Sans-serif; font-weight: bolder;\">AUTOR\/DIRECTOR\/PRODUCTOR:<\/span><span style=\"color: var( --e-global-color-text ); font-family: var( --e-global-typography-text-font-family ), Sans-serif; font-weight: var( --e-global-typography-text-font-weight );\">&nbsp;Fundaci\u00f3n Cine Documental Investigaci\u00f3n Social<\/span><\/p>\n<p><span style=\"font-weight: bolder;\">IDIOMA:<\/span>&nbsp;Espa\u00f1ol&nbsp;<\/p>\n<p><span style=\"font-weight: bolder;\">PERSONA JUR\u00cdDICA\/NATURAL\/ROL:<\/span>&nbsp;Adalberto Carvajal, Alvaro G\u00f3mez<\/p>\n<p><span style=\"color: var( --e-global-color-text ); font-family: var( --e-global-typography-text-font-family ), Sans-serif; font-weight: bolder;\">TOPON\u00cdMICOS:<\/span><span style=\"color: var( --e-global-color-text ); font-family: var( --e-global-typography-text-font-family ), Sans-serif; font-weight: var( --e-global-typography-text-font-weight );\">&nbsp;Tolima<\/span><\/p>\n<p><span style=\"color: var( --e-global-color-text ); font-family: var( --e-global-typography-text-font-family ), Sans-serif; font-weight: bolder;\">TEM\u00c1TICOS:<\/span><span style=\"color: var( --e-global-color-text ); font-family: var( --e-global-typography-text-font-family ), Sans-serif; font-weight: var( --e-global-typography-text-font-weight );\">&nbsp;<\/span><span data-sheets-root=\"1\" style=\"color: var( --e-global-color-text ); font-family: var( --e-global-typography-text-font-family ), Sans-serif; font-weight: var( --e-global-typography-text-font-weight );\">Violencia, masacres, violencia sexual, campesinos<\/span><\/p>\n<p><span style=\"font-weight: bolder;\">CRONOL\u00d3GICOS:<\/span>&nbsp;1977<\/p>\n<p><span style=\"font-weight: bolder;\">UNIDAD DE CONSERVACI\u00d3N:<\/span>&nbsp;Caja<\/p>\n<p><span style=\"font-weight: bolder;\">SOPORTE:<\/span>&nbsp;Magn\u00e9tico<\/p>\n<p><span style=\"font-weight: bolder;\">FORMATO:<\/span>&nbsp;<span style=\"color: var( --e-global-color-text ); font-family: var( --e-global-typography-text-font-family ), Sans-serif; font-weight: var( --e-global-typography-text-font-weight );\">1\/4 pulgada<\/span><\/p>\n<p><span style=\"font-weight: bolder;\">DURACI\u00d3N:<\/span>&nbsp;<span data-sheets-root=\"1\">00:26:28<\/span><\/p>\n<p><span style=\"font-weight: bolder;\">NOTAS:<\/span>&nbsp;N\/A<\/p>\t\t\t\t\t\t<\/div>\n\t\t\t\t<\/div>\n\t\t\t\t\t<\/div>\n\t\t<\/div>\n\t\t\t\t\t<\/div>\n\t\t<\/section>\n\t\t\t\t<\/div>\n\t\t","protected":false},"excerpt":{"rendered":"<p>Entrevista de Marta Rodr\u00edguez a una mujer v\u00edctima de la Violencia, Graciela, quien ten\u00eda cerca de 24 a\u00f1os cuando la chulavita entra a su casa y la incendia. Argumenta que el hambre y el desempleo es la causa de las violencias que persisten. El audio sigue con esta entrevista de Marta a la se\u00f1ora Graciela [&hellip;]<\/p>\n","protected":false},"author":1,"featured_media":11642,"comment_status":"open","ping_status":"open","sticky":false,"template":"","format":"standard","meta":{"_acf_changed":false,"footnotes":""},"categories":[26],"tags":[931,436,164,917,470,24,764],"class_list":["post-9288","post","type-post","status-publish","format-standard","has-post-thumbnail","hentry","category-audios","tag-adalberto-carvajal","tag-alvaro-gomez","tag-campesinos","tag-masacres","tag-tolima","tag-violencia","tag-violencia-sexual"],"acf":[],"_links":{"self":[{"href":"https:\/\/martarodriguez.com.co\/index.php\/wp-json\/wp\/v2\/posts\/9288","targetHints":{"allow":["GET"]}}],"collection":[{"href":"https:\/\/martarodriguez.com.co\/index.php\/wp-json\/wp\/v2\/posts"}],"about":[{"href":"https:\/\/martarodriguez.com.co\/index.php\/wp-json\/wp\/v2\/types\/post"}],"author":[{"embeddable":true,"href":"https:\/\/martarodriguez.com.co\/index.php\/wp-json\/wp\/v2\/users\/1"}],"replies":[{"embeddable":true,"href":"https:\/\/martarodriguez.com.co\/index.php\/wp-json\/wp\/v2\/comments?post=9288"}],"version-history":[{"count":7,"href":"https:\/\/martarodriguez.com.co\/index.php\/wp-json\/wp\/v2\/posts\/9288\/revisions"}],"predecessor-version":[{"id":10260,"href":"https:\/\/martarodriguez.com.co\/index.php\/wp-json\/wp\/v2\/posts\/9288\/revisions\/10260"}],"wp:featuredmedia":[{"embeddable":true,"href":"https:\/\/martarodriguez.com.co\/index.php\/wp-json\/wp\/v2\/media\/11642"}],"wp:attachment":[{"href":"https:\/\/martarodriguez.com.co\/index.php\/wp-json\/wp\/v2\/media?parent=9288"}],"wp:term":[{"taxonomy":"category","embeddable":true,"href":"https:\/\/martarodriguez.com.co\/index.php\/wp-json\/wp\/v2\/categories?post=9288"},{"taxonomy":"post_tag","embeddable":true,"href":"https:\/\/martarodriguez.com.co\/index.php\/wp-json\/wp\/v2\/tags?post=9288"}],"curies":[{"name":"wp","href":"https:\/\/api.w.org\/{rel}","templated":true}]}}