{"id":9275,"date":"2024-12-17T20:23:53","date_gmt":"2024-12-17T20:23:53","guid":{"rendered":"https:\/\/martarodriguez.com.co\/?p=9275"},"modified":"2024-12-23T21:28:06","modified_gmt":"2024-12-23T21:28:06","slug":"0119-33-4-graciela-marzo","status":"publish","type":"post","link":"https:\/\/martarodriguez.com.co\/index.php\/2024\/12\/17\/0119-33-4-graciela-marzo\/","title":{"rendered":"0119 33\/4 Graciela-marzo"},"content":{"rendered":"\t\t<div data-elementor-type=\"wp-post\" data-elementor-id=\"9275\" class=\"elementor elementor-9275\">\n\t\t\t\t\t\t<section class=\"elementor-section elementor-top-section elementor-element elementor-element-31e9a44 elementor-section-boxed elementor-section-height-default elementor-section-height-default exad-glass-effect-no wpr-particle-no wpr-jarallax-no wpr-parallax-no wpr-sticky-section-no exad-sticky-section-no\" data-id=\"31e9a44\" data-element_type=\"section\">\n\t\t\t\t\t\t<div class=\"elementor-container elementor-column-gap-default\">\n\t\t\t\t\t<div class=\"elementor-column elementor-col-100 elementor-top-column elementor-element elementor-element-00c8168 exad-glass-effect-no exad-sticky-section-no\" data-id=\"00c8168\" data-element_type=\"column\">\n\t\t\t<div class=\"elementor-widget-wrap elementor-element-populated\">\n\t\t\t\t\t\t<div class=\"elementor-element elementor-element-0928cc3 exad-sticky-section-no exad-glass-effect-no elementor-widget elementor-widget-text-editor\" data-id=\"0928cc3\" data-element_type=\"widget\" data-widget_type=\"text-editor.default\">\n\t\t\t\t<div class=\"elementor-widget-container\">\n\t\t\t<style>\/*! elementor - v3.21.0 - 15-04-2024 *\/\n.elementor-widget-text-editor.elementor-drop-cap-view-stacked .elementor-drop-cap{background-color:#69727d;color:#fff}.elementor-widget-text-editor.elementor-drop-cap-view-framed .elementor-drop-cap{color:#69727d;border:3px solid;background-color:transparent}.elementor-widget-text-editor:not(.elementor-drop-cap-view-default) .elementor-drop-cap{margin-top:8px}.elementor-widget-text-editor:not(.elementor-drop-cap-view-default) .elementor-drop-cap-letter{width:1em;height:1em}.elementor-widget-text-editor .elementor-drop-cap{float:left;text-align:center;line-height:1;font-size:50px}.elementor-widget-text-editor .elementor-drop-cap-letter{display:inline-block}<\/style>\t\t\t\t<p>Contin\u00faa la entrevista de Marta Rodr\u00edguez y Jorge Silva a una mujer v\u00edctima de la Violencia, Graciela, quien ten\u00eda cerca de 24 a\u00f1os cuando la chulavita entra a su casa y la incendia. Jorge le pide describir detenidamente los acontecimientos. El relato narra que las mujeres que fueron llevadas a la casa de la &#8220;Chusma&#8221; -el nombre que se le daba al pueblo campesino al que tildaban de liberal- tras el incendio fueron abordadas por amenazas de muerte. Tr\u00e1s haberse salvado ella y otras mujeres con sus hijos de estos hechos, la se\u00f1ora Graciela es amparada por vecinos conservadores que la reciben como a una familiar y la vuelven a proteger de las amenazas de muerte. Jorge Silva le pregunta por sus sentimientos y los efectos traum\u00e1ticos de esta memoria, a lo que la se\u00f1ora Graciela contesta que a\u00fan sue\u00f1a con la Violencia de la que tuvo que ser testigo entre 1952 y 1957. El relato es contado despu\u00e9s de 25 a\u00f1os. Jorge le pide describir uno de sus sue\u00f1os, a lo que ella contesta uno en el matan a su hermano, pero acusa no recordar tan bien sus sue\u00f1os como cuando era jov\u00e9n. Graciela contin\u00faa contando c\u00f3mo durmi\u00f3 en el suelo con sus hijos en la casa de varios convervadores que la recib\u00edan. Al minuto 18 aproximadamente cuenta como la Sandre el Tolima corr\u00eda como ver correr los r\u00edos. Marco Emilio Mu\u00f1oz pide un permiso para trasladar a Graciela a L\u00edbano, pues de estar presente en la misma zona del Primero Rodr\u00edguez su vida corr\u00eda riesgo, ante la constante persecusi\u00f3n de los que la chulavita llamaba chusma o collarejas. En el camino a L\u00edbano Graciela recuerda ver chulos o perros comiendo cad\u00e1veres de personas. Nuevamente, llega Graciela a casa de un conocido muy cercano y amigo del esposo de Graciela, quien muri\u00f3 y la dej\u00f3 viuda. El se\u00f1or Ismael que hab\u00eda albergado a muchas personas, liberales y conservadores, v\u00edctimas sobrevivientes de la Violencia.\u00a0<\/p>\t\t\t\t\t\t<\/div>\n\t\t\t\t<\/div>\n\t\t\t\t<div class=\"elementor-element elementor-element-9724743 exad-sticky-section-no exad-glass-effect-no elementor-widget elementor-widget-html\" data-id=\"9724743\" data-element_type=\"widget\" data-widget_type=\"html.default\">\n\t\t\t\t<div class=\"elementor-widget-container\">\n\t\t\t<iframe src=\"https:\/\/audiomack.com\/embed\/cinemestizo\/song\/0119-graciela-marzo-dm-27-77-6-00000000\" scrolling=\"no\" width=\"100%\" height=\"252\" frameborder=\"0\" title=\"0119 Graciela Marzo DM 27 77  6_00000000\"><\/iframe>\t\t<\/div>\n\t\t\t\t<\/div>\n\t\t\t\t\t<\/div>\n\t\t<\/div>\n\t\t\t\t\t<\/div>\n\t\t<\/section>\n\t\t\t\t<section class=\"elementor-section elementor-top-section elementor-element elementor-element-960328f elementor-section-boxed elementor-section-height-default elementor-section-height-default exad-glass-effect-no wpr-particle-no wpr-jarallax-no wpr-parallax-no wpr-sticky-section-no exad-sticky-section-no\" data-id=\"960328f\" data-element_type=\"section\">\n\t\t\t\t\t\t<div class=\"elementor-container elementor-column-gap-default\">\n\t\t\t\t\t<div class=\"elementor-column elementor-col-100 elementor-top-column elementor-element elementor-element-20570f0 exad-glass-effect-no exad-sticky-section-no\" data-id=\"20570f0\" data-element_type=\"column\">\n\t\t\t<div class=\"elementor-widget-wrap elementor-element-populated\">\n\t\t\t\t\t\t<div class=\"elementor-element elementor-element-e91df24 exad-sticky-section-no exad-glass-effect-no elementor-widget elementor-widget-text-editor\" data-id=\"e91df24\" data-element_type=\"widget\" data-widget_type=\"text-editor.default\">\n\t\t\t\t<div class=\"elementor-widget-container\">\n\t\t\t\t\t\t\t<p><span style=\"font-weight: bolder;\">C\u00d3DIGO:<\/span>&nbsp;0119<\/p>\n<p><span style=\"color: var( --e-global-color-text ); font-family: var( --e-global-typography-text-font-family ), Sans-serif; font-weight: bolder;\">AUTOR\/DIRECTOR\/PRODUCTOR:<\/span><span style=\"color: var( --e-global-color-text ); font-family: var( --e-global-typography-text-font-family ), Sans-serif; font-weight: var( --e-global-typography-text-font-weight );\">&nbsp;Fundaci\u00f3n Cine Documental Investigaci\u00f3n Social<\/span><\/p>\n<p><span style=\"font-weight: bolder;\">IDIOMA:<\/span>&nbsp;Espa\u00f1ol&nbsp;<\/p>\n<p><span style=\"font-weight: bolder;\">PERSONA JUR\u00cdDICA\/NATURAL\/ROL:<\/span>&nbsp;Graciela, Rub\u00e9n, Nisalba, Seraf\u00edn Escobar, Marco Emilio Mu\u00f1oz, Ismael Mart\u00ednez<\/p>\n<p><span style=\"color: var( --e-global-color-text ); font-family: var( --e-global-typography-text-font-family ), Sans-serif; font-weight: bolder;\">TOPON\u00cdMICOS:<\/span><span style=\"color: var( --e-global-color-text ); font-family: var( --e-global-typography-text-font-family ), Sans-serif; font-weight: var( --e-global-typography-text-font-weight );\">&nbsp;Tolima<\/span><\/p>\n<p><span style=\"color: var( --e-global-color-text ); font-family: var( --e-global-typography-text-font-family ), Sans-serif; font-weight: bolder;\">TEM\u00c1TICOS:<\/span><span style=\"color: var( --e-global-color-text ); font-family: var( --e-global-typography-text-font-family ), Sans-serif; font-weight: var( --e-global-typography-text-font-weight );\">&nbsp;<\/span><span data-sheets-root=\"1\" style=\"color: var( --e-global-color-text ); font-family: var( --e-global-typography-text-font-family ), Sans-serif; font-weight: var( --e-global-typography-text-font-weight );\">Violencia, masacres, violencia sexual, campesinos<\/span><\/p>\n<p><span style=\"font-weight: bolder;\">CRONOL\u00d3GICOS:<\/span>&nbsp;1977<\/p>\n<p><span style=\"font-weight: bolder;\">UNIDAD DE CONSERVACI\u00d3N:<\/span>&nbsp;Caja<\/p>\n<p><span style=\"font-weight: bolder;\">SOPORTE:<\/span>&nbsp;Magn\u00e9tico<\/p>\n<p><span style=\"font-weight: bolder;\">FORMATO:<\/span>&nbsp;<span style=\"color: var( --e-global-color-text ); font-family: var( --e-global-typography-text-font-family ), Sans-serif; font-weight: var( --e-global-typography-text-font-weight );\">1\/4 pulgada<\/span><\/p>\n<p><span style=\"font-weight: bolder;\">DURACI\u00d3N:<\/span>&nbsp;<span data-sheets-root=\"1\">00:31:10<\/span><\/p>\n<p><span style=\"font-weight: bolder;\">NOTAS:<\/span>&nbsp;N\/A<\/p>\t\t\t\t\t\t<\/div>\n\t\t\t\t<\/div>\n\t\t\t\t\t<\/div>\n\t\t<\/div>\n\t\t\t\t\t<\/div>\n\t\t<\/section>\n\t\t\t\t<\/div>\n\t\t","protected":false},"excerpt":{"rendered":"<p>Contin\u00faa la entrevista de Marta Rodr\u00edguez y Jorge Silva a una mujer v\u00edctima de la Violencia, Graciela, quien ten\u00eda cerca de 24 a\u00f1os cuando la chulavita entra a su casa y la incendia. Jorge le pide describir detenidamente los acontecimientos. El relato narra que las mujeres que fueron llevadas a la casa de la &#8220;Chusma&#8221; [&hellip;]<\/p>\n","protected":false},"author":1,"featured_media":11642,"comment_status":"open","ping_status":"open","sticky":false,"template":"","format":"standard","meta":{"_acf_changed":false,"footnotes":""},"categories":[26],"tags":[164,910,929,928,917,926,925,927,470,24,764],"class_list":["post-9275","post","type-post","status-publish","format-standard","has-post-thumbnail","hentry","category-audios","tag-campesinos","tag-graciela","tag-ismael-martinez","tag-marco-emilio-munoz","tag-masacres","tag-nisalba","tag-ruben","tag-serafin-escobar","tag-tolima","tag-violencia","tag-violencia-sexual"],"acf":[],"_links":{"self":[{"href":"https:\/\/martarodriguez.com.co\/index.php\/wp-json\/wp\/v2\/posts\/9275","targetHints":{"allow":["GET"]}}],"collection":[{"href":"https:\/\/martarodriguez.com.co\/index.php\/wp-json\/wp\/v2\/posts"}],"about":[{"href":"https:\/\/martarodriguez.com.co\/index.php\/wp-json\/wp\/v2\/types\/post"}],"author":[{"embeddable":true,"href":"https:\/\/martarodriguez.com.co\/index.php\/wp-json\/wp\/v2\/users\/1"}],"replies":[{"embeddable":true,"href":"https:\/\/martarodriguez.com.co\/index.php\/wp-json\/wp\/v2\/comments?post=9275"}],"version-history":[{"count":7,"href":"https:\/\/martarodriguez.com.co\/index.php\/wp-json\/wp\/v2\/posts\/9275\/revisions"}],"predecessor-version":[{"id":10251,"href":"https:\/\/martarodriguez.com.co\/index.php\/wp-json\/wp\/v2\/posts\/9275\/revisions\/10251"}],"wp:featuredmedia":[{"embeddable":true,"href":"https:\/\/martarodriguez.com.co\/index.php\/wp-json\/wp\/v2\/media\/11642"}],"wp:attachment":[{"href":"https:\/\/martarodriguez.com.co\/index.php\/wp-json\/wp\/v2\/media?parent=9275"}],"wp:term":[{"taxonomy":"category","embeddable":true,"href":"https:\/\/martarodriguez.com.co\/index.php\/wp-json\/wp\/v2\/categories?post=9275"},{"taxonomy":"post_tag","embeddable":true,"href":"https:\/\/martarodriguez.com.co\/index.php\/wp-json\/wp\/v2\/tags?post=9275"}],"curies":[{"name":"wp","href":"https:\/\/api.w.org\/{rel}","templated":true}]}}