{"id":9216,"date":"2024-12-17T20:02:30","date_gmt":"2024-12-17T20:02:30","guid":{"rendered":"https:\/\/martarodriguez.com.co\/?p=9216"},"modified":"2025-07-08T16:37:33","modified_gmt":"2025-07-08T16:37:33","slug":"0108-1948-sagrado-corazon-dia-1-4","status":"publish","type":"post","link":"https:\/\/martarodriguez.com.co\/index.php\/2024\/12\/17\/0108-1948-sagrado-corazon-dia-1-4\/","title":{"rendered":"0108 1948 Sagrado Corazon dia 1 # 4"},"content":{"rendered":"\t\t<div data-elementor-type=\"wp-post\" data-elementor-id=\"9216\" class=\"elementor elementor-9216\">\n\t\t\t\t\t\t<section class=\"elementor-section elementor-top-section elementor-element elementor-element-31e9a44 elementor-section-boxed elementor-section-height-default elementor-section-height-default exad-glass-effect-no wpr-particle-no wpr-jarallax-no wpr-parallax-no wpr-sticky-section-no exad-sticky-section-no\" data-id=\"31e9a44\" data-element_type=\"section\">\n\t\t\t\t\t\t<div class=\"elementor-container elementor-column-gap-default\">\n\t\t\t\t\t<div class=\"elementor-column elementor-col-100 elementor-top-column elementor-element elementor-element-00c8168 exad-glass-effect-no exad-sticky-section-no\" data-id=\"00c8168\" data-element_type=\"column\">\n\t\t\t<div class=\"elementor-widget-wrap elementor-element-populated\">\n\t\t\t\t\t\t<div class=\"elementor-element elementor-element-0928cc3 exad-sticky-section-no exad-glass-effect-no elementor-widget elementor-widget-text-editor\" data-id=\"0928cc3\" data-element_type=\"widget\" data-widget_type=\"text-editor.default\">\n\t\t\t\t<div class=\"elementor-widget-container\">\n\t\t\t<style>\/*! elementor - v3.21.0 - 15-04-2024 *\/\n.elementor-widget-text-editor.elementor-drop-cap-view-stacked .elementor-drop-cap{background-color:#69727d;color:#fff}.elementor-widget-text-editor.elementor-drop-cap-view-framed .elementor-drop-cap{color:#69727d;border:3px solid;background-color:transparent}.elementor-widget-text-editor:not(.elementor-drop-cap-view-default) .elementor-drop-cap{margin-top:8px}.elementor-widget-text-editor:not(.elementor-drop-cap-view-default) .elementor-drop-cap-letter{width:1em;height:1em}.elementor-widget-text-editor .elementor-drop-cap{float:left;text-align:center;line-height:1;font-size:50px}.elementor-widget-text-editor .elementor-drop-cap-letter{display:inline-block}<\/style>\t\t\t\t<p>Discursos pol\u00edticos en el marco del Foro por los derechos humanos. Se denuncia la censura a la radio y el monopolio de los medios de comunicaci\u00f3n. Tambi\u00e9n se denuncian los efectos colaterales del estatuto de seguridad que ha provocado un informe de torturas y malos tratos a los detenidos, especialmente de los pueblos ind\u00edgenas en zonas agrarias. En consecuencia, el Estado de Sitio ha trajo detenciones y Consejos de Guerra. Los l\u00edderes ind\u00edgenas del CRIC fueron condenados a 14 a\u00f1os de presidio por rebeli\u00f3n; as\u00ed, los estamentos sociales menos establecidos extienden las violencias cometidas a cargo de fuerzas militares. Los abogados denuncian el estado lamentable de sus detenidos, lo cual lleva al Golpe Militar de Estado. Se denuncia tambi\u00e9n la carencia de imparcialidad dentro de las funciones de la justicia ordinaria que ha conllevado a las tiran\u00edas justificadas por las normas de la misma constituci\u00f3n. La supresi\u00f3n del recurso de apelaci\u00f3n atenta contra la democracia para el juzgamiento de delitos comunes y, en reacci\u00f3n, se limita el acceso de alimentos por orden del presidente Turbay. Se denuncian las torturas y asesinatos cometidos; existe un campo de concentraci\u00f3n en Casa Verde, en Chigorod\u00f3, donde que simulan fusilamientos a cargo del Coronel Velandia. Mas, se les ha prohibido a las v\u00edctimas tener defensores.\u00a0<\/p>\t\t\t\t\t\t<\/div>\n\t\t\t\t<\/div>\n\t\t\t\t<div class=\"elementor-element elementor-element-9724743 exad-sticky-section-no exad-glass-effect-no elementor-widget elementor-widget-html\" data-id=\"9724743\" data-element_type=\"widget\" data-widget_type=\"html.default\">\n\t\t\t\t<div class=\"elementor-widget-container\">\n\t\t\t<iframe src=\"https:\/\/audiomack.com\/embed\/cinemestizo\/song\/0108-1948-sagrado-corazon-dia-1-4\" scrolling=\"no\" width=\"100%\" height=\"252\" frameborder=\"0\" title=\"0108 1948 Sagrado Corazon Dia 1  4\"><\/iframe>\t\t<\/div>\n\t\t\t\t<\/div>\n\t\t\t\t\t<\/div>\n\t\t<\/div>\n\t\t\t\t\t<\/div>\n\t\t<\/section>\n\t\t\t\t<section class=\"elementor-section elementor-top-section elementor-element elementor-element-a4f42b2 elementor-section-boxed elementor-section-height-default elementor-section-height-default exad-glass-effect-no wpr-particle-no wpr-jarallax-no wpr-parallax-no wpr-sticky-section-no exad-sticky-section-no\" data-id=\"a4f42b2\" data-element_type=\"section\">\n\t\t\t\t\t\t<div class=\"elementor-container elementor-column-gap-default\">\n\t\t\t\t\t<div class=\"elementor-column elementor-col-100 elementor-top-column elementor-element elementor-element-69a599a exad-glass-effect-no exad-sticky-section-no\" data-id=\"69a599a\" data-element_type=\"column\">\n\t\t\t<div class=\"elementor-widget-wrap elementor-element-populated\">\n\t\t\t\t\t\t<div class=\"elementor-element elementor-element-4556d0e exad-sticky-section-no exad-glass-effect-no elementor-widget elementor-widget-text-editor\" data-id=\"4556d0e\" data-element_type=\"widget\" data-widget_type=\"text-editor.default\">\n\t\t\t\t<div class=\"elementor-widget-container\">\n\t\t\t\t\t\t\t<p><span style=\"font-weight: bolder;\">C\u00d3DIGO:<\/span>\u00a00108<\/p><p><span style=\"color: var( --e-global-color-text ); font-family: var( --e-global-typography-text-font-family ), Sans-serif; font-weight: bolder;\">AUTOR\/DIRECTOR\/PRODUCTOR:<\/span><span style=\"color: var( --e-global-color-text ); font-family: var( --e-global-typography-text-font-family ), Sans-serif; font-weight: var( --e-global-typography-text-font-weight );\">\u00a0Fundaci\u00f3n Cine Documental Investigaci\u00f3n Social<\/span><\/p><p><span style=\"font-weight: bolder;\">IDIOMA:<\/span>\u00a0Espa\u00f1ol\u00a0<\/p><p><span style=\"font-weight: bolder;\">PERSONA JUR\u00cdDICA\/NATURAL\/ROL:<\/span>\u00a0Alberto, Edgar Avirama, ANUC, Reinel Mora David, Eralmo Valderrama, Jos\u00e9 Tuberquia, Jairo Ortiz, Sargento Suarez, Orlando Gonz\u00e1lez, Ivan Tuberquia, Capitan Rey, Juan Bernardo Gutierrez, Camilo Botero, Emilio \u00c1lvarez, Alejandra de Llorente, Juan Ospina, Eliberto Granados<\/p><p><span style=\"color: var( --e-global-color-text ); font-family: var( --e-global-typography-text-font-family ), Sans-serif; font-weight: bolder;\">TOPON\u00cdMICOS:<\/span><span style=\"color: var( --e-global-color-text ); font-family: var( --e-global-typography-text-font-family ), Sans-serif; font-weight: var( --e-global-typography-text-font-weight );\">\u00a0Bogot\u00e1<\/span><\/p><p><span style=\"color: var( --e-global-color-text ); font-family: var( --e-global-typography-text-font-family ), Sans-serif; font-weight: bolder;\">TEM\u00c1TICOS:<\/span><span style=\"color: var( --e-global-color-text ); font-family: var( --e-global-typography-text-font-family ), Sans-serif; font-weight: var( --e-global-typography-text-font-weight );\">\u00a0<\/span><span style=\"color: var( --e-global-color-text ); font-family: var( --e-global-typography-text-font-family ), Sans-serif; font-weight: var( --e-global-typography-text-font-weight );\" data-sheets-root=\"1\">Derechos humanos, torturas, represi\u00f3n, etnocidio<\/span><\/p><p><span style=\"font-weight: bolder;\">CRONOL\u00d3GICOS:<\/span>\u00a01979<\/p><p><span style=\"font-weight: bolder;\">UNIDAD DE CONSERVACI\u00d3N:<\/span>\u00a0Caja<\/p><p><span style=\"font-weight: bolder;\">SOPORTE:<\/span>\u00a0Magn\u00e9tico<\/p><p><span style=\"font-weight: bolder;\">FORMATO:<\/span>\u00a0<span style=\"color: var( --e-global-color-text ); font-family: var( --e-global-typography-text-font-family ), Sans-serif; font-weight: var( --e-global-typography-text-font-weight );\">1\/4 pulgada<\/span><\/p><p><span style=\"font-weight: bolder;\">DURACI\u00d3N:<\/span>\u00a0<span data-sheets-root=\"1\">00:47:13<\/span><\/p><p><span style=\"font-weight: bolder;\">NOTAS:<\/span>\u00a0N\/A<\/p>\t\t\t\t\t\t<\/div>\n\t\t\t\t<\/div>\n\t\t\t\t\t<\/div>\n\t\t<\/div>\n\t\t\t\t\t<\/div>\n\t\t<\/section>\n\t\t\t\t<\/div>\n\t\t","protected":false},"excerpt":{"rendered":"<p>Discursos pol\u00edticos en el marco del Foro por los derechos humanos. Se denuncia la censura a la radio y el monopolio de los medios de comunicaci\u00f3n. Tambi\u00e9n se denuncian los efectos colaterales del estatuto de seguridad que ha provocado un informe de torturas y malos tratos a los detenidos, especialmente de los pueblos ind\u00edgenas en [&hellip;]<\/p>\n","protected":false},"author":1,"featured_media":11642,"comment_status":"open","ping_status":"open","sticky":false,"template":"","format":"standard","meta":{"_acf_changed":false,"footnotes":""},"categories":[26],"tags":[827,839,175,458,837,835,71,816,841,838,829,89,834,831,830,836,840,833,828,169,832,57],"class_list":["post-9216","post","type-post","status-publish","format-standard","has-post-thumbnail","hentry","category-audios","tag-alberto","tag-alejandra-de-llorente","tag-anuc","tag-bogota","tag-camilo-botero","tag-capitan-rey","tag-derechos-humanos","tag-edgar-avirama","tag-eliberto-granados","tag-emilio-alvarez","tag-eralmo-valderrama","tag-etnocidio","tag-ivan-tuberquia","tag-jairo-ortiz","tag-jose-tuberquia","tag-juan-bernardo-gutierrez","tag-juan-ospina","tag-orlando-gonzalez","tag-reinel-mora-david","tag-represion","tag-sargento-suarez","tag-tortura"],"acf":[],"_links":{"self":[{"href":"https:\/\/martarodriguez.com.co\/index.php\/wp-json\/wp\/v2\/posts\/9216","targetHints":{"allow":["GET"]}}],"collection":[{"href":"https:\/\/martarodriguez.com.co\/index.php\/wp-json\/wp\/v2\/posts"}],"about":[{"href":"https:\/\/martarodriguez.com.co\/index.php\/wp-json\/wp\/v2\/types\/post"}],"author":[{"embeddable":true,"href":"https:\/\/martarodriguez.com.co\/index.php\/wp-json\/wp\/v2\/users\/1"}],"replies":[{"embeddable":true,"href":"https:\/\/martarodriguez.com.co\/index.php\/wp-json\/wp\/v2\/comments?post=9216"}],"version-history":[{"count":7,"href":"https:\/\/martarodriguez.com.co\/index.php\/wp-json\/wp\/v2\/posts\/9216\/revisions"}],"predecessor-version":[{"id":10229,"href":"https:\/\/martarodriguez.com.co\/index.php\/wp-json\/wp\/v2\/posts\/9216\/revisions\/10229"}],"wp:featuredmedia":[{"embeddable":true,"href":"https:\/\/martarodriguez.com.co\/index.php\/wp-json\/wp\/v2\/media\/11642"}],"wp:attachment":[{"href":"https:\/\/martarodriguez.com.co\/index.php\/wp-json\/wp\/v2\/media?parent=9216"}],"wp:term":[{"taxonomy":"category","embeddable":true,"href":"https:\/\/martarodriguez.com.co\/index.php\/wp-json\/wp\/v2\/categories?post=9216"},{"taxonomy":"post_tag","embeddable":true,"href":"https:\/\/martarodriguez.com.co\/index.php\/wp-json\/wp\/v2\/tags?post=9216"}],"curies":[{"name":"wp","href":"https:\/\/api.w.org\/{rel}","templated":true}]}}