{"id":9208,"date":"2024-12-17T20:00:32","date_gmt":"2024-12-17T20:00:32","guid":{"rendered":"https:\/\/martarodriguez.com.co\/?p=9208"},"modified":"2025-07-08T16:37:49","modified_gmt":"2025-07-08T16:37:49","slug":"0107-1948-sagrado-corazon-dia-2","status":"publish","type":"post","link":"https:\/\/martarodriguez.com.co\/index.php\/2024\/12\/17\/0107-1948-sagrado-corazon-dia-2\/","title":{"rendered":"0107 1948 sagrado corazon dia 2"},"content":{"rendered":"\t\t<div data-elementor-type=\"wp-post\" data-elementor-id=\"9208\" class=\"elementor elementor-9208\">\n\t\t\t\t\t\t<section class=\"elementor-section elementor-top-section elementor-element elementor-element-31e9a44 elementor-section-boxed elementor-section-height-default elementor-section-height-default exad-glass-effect-no wpr-particle-no wpr-jarallax-no wpr-parallax-no wpr-sticky-section-no exad-sticky-section-no\" data-id=\"31e9a44\" data-element_type=\"section\">\n\t\t\t\t\t\t<div class=\"elementor-container elementor-column-gap-default\">\n\t\t\t\t\t<div class=\"elementor-column elementor-col-100 elementor-top-column elementor-element elementor-element-00c8168 exad-glass-effect-no exad-sticky-section-no\" data-id=\"00c8168\" data-element_type=\"column\">\n\t\t\t<div class=\"elementor-widget-wrap elementor-element-populated\">\n\t\t\t\t\t\t<div class=\"elementor-element elementor-element-0928cc3 exad-sticky-section-no exad-glass-effect-no elementor-widget elementor-widget-text-editor\" data-id=\"0928cc3\" data-element_type=\"widget\" data-widget_type=\"text-editor.default\">\n\t\t\t\t<div class=\"elementor-widget-container\">\n\t\t\t<style>\/*! elementor - v3.21.0 - 15-04-2024 *\/\n.elementor-widget-text-editor.elementor-drop-cap-view-stacked .elementor-drop-cap{background-color:#69727d;color:#fff}.elementor-widget-text-editor.elementor-drop-cap-view-framed .elementor-drop-cap{color:#69727d;border:3px solid;background-color:transparent}.elementor-widget-text-editor:not(.elementor-drop-cap-view-default) .elementor-drop-cap{margin-top:8px}.elementor-widget-text-editor:not(.elementor-drop-cap-view-default) .elementor-drop-cap-letter{width:1em;height:1em}.elementor-widget-text-editor .elementor-drop-cap{float:left;text-align:center;line-height:1;font-size:50px}.elementor-widget-text-editor .elementor-drop-cap-letter{display:inline-block}<\/style>\t\t\t\t<p>En el marco del Foro de Derechos humanos se pronuncian discursos de l\u00edderes ind\u00edgenas del Cauca ante la delegaci\u00f3n de la Comisi\u00f3n de Paz. Se denuncia una serie de torturas, encarcelamientos, amenazas y asesinato de l\u00edderes. Aunque esta situaci\u00f3n fue llevada a los ministros y funcionarios del gobierno, sigue ocurriendo todo tipo de violaciones a los derechos humanos. Se nombra una lista de varios acad\u00e9micos que se suman a esta causa para proteger los derechos humanos de los pueblos ind\u00edgenas y se llama la atenci\u00f3n sobre adoptar los nuevos c\u00f3digos de procedimiento del derecho penal cuyas consideraciones tratan la prohibici\u00f3n del juzgamiento por parte de fuerzas militares, se aboga por el recurso de habeas corpus y la creaci\u00f3n de jueces superiores de amparo, qu\u00e9 se regule el derecho constitucional de defensa y el derecho a la tutela.\u00a0<\/p>\t\t\t\t\t\t<\/div>\n\t\t\t\t<\/div>\n\t\t\t\t<div class=\"elementor-element elementor-element-9724743 exad-sticky-section-no exad-glass-effect-no elementor-widget elementor-widget-html\" data-id=\"9724743\" data-element_type=\"widget\" data-widget_type=\"html.default\">\n\t\t\t\t<div class=\"elementor-widget-container\">\n\t\t\t<iframe src=\"https:\/\/audiomack.com\/embed\/cinemestizo\/song\/0107-1948-sagrado-corazon-dia-2-renombrar1\" scrolling=\"no\" width=\"100%\" height=\"252\" frameborder=\"0\" title=\"0107  1948 Sagrado Corazon Dia 2 (renombrar)(1)\"><\/iframe>\t\t<\/div>\n\t\t\t\t<\/div>\n\t\t\t\t\t<\/div>\n\t\t<\/div>\n\t\t\t\t\t<\/div>\n\t\t<\/section>\n\t\t\t\t<section class=\"elementor-section elementor-top-section elementor-element elementor-element-1c2af01 elementor-section-boxed elementor-section-height-default elementor-section-height-default exad-glass-effect-no wpr-particle-no wpr-jarallax-no wpr-parallax-no wpr-sticky-section-no exad-sticky-section-no\" data-id=\"1c2af01\" data-element_type=\"section\">\n\t\t\t\t\t\t<div class=\"elementor-container elementor-column-gap-default\">\n\t\t\t\t\t<div class=\"elementor-column elementor-col-100 elementor-top-column elementor-element elementor-element-90707d8 exad-glass-effect-no exad-sticky-section-no\" data-id=\"90707d8\" data-element_type=\"column\">\n\t\t\t<div class=\"elementor-widget-wrap elementor-element-populated\">\n\t\t\t\t\t\t<div class=\"elementor-element elementor-element-71f1777 exad-sticky-section-no exad-glass-effect-no elementor-widget elementor-widget-text-editor\" data-id=\"71f1777\" data-element_type=\"widget\" data-widget_type=\"text-editor.default\">\n\t\t\t\t<div class=\"elementor-widget-container\">\n\t\t\t\t\t\t\t<p><span style=\"font-weight: bolder;\">C\u00d3DIGO:<\/span>&nbsp;0107<\/p>\n<p><span style=\"color: var( --e-global-color-text ); font-family: var( --e-global-typography-text-font-family ), Sans-serif; font-weight: bolder;\">AUTOR\/DIRECTOR\/PRODUCTOR:<\/span><span style=\"color: var( --e-global-color-text ); font-family: var( --e-global-typography-text-font-family ), Sans-serif; font-weight: var( --e-global-typography-text-font-weight );\">&nbsp;Fundaci\u00f3n Cine Documental Investigaci\u00f3n Social<\/span><\/p>\n<p><span style=\"font-weight: bolder;\">IDIOMA:<\/span>&nbsp;Espa\u00f1ol&nbsp;<\/p>\n<p><span style=\"font-weight: bolder;\">PERSONA JUR\u00cdDICA\/NATURAL\/ROL:<\/span>&nbsp;Edgar Avirama, Enrique Jaramillo,&nbsp; Fernando Orozco, Carlos Lleras Restrepo, Guillermo Avadia Morales, Manuel Zapata Olivella, Teofilo Rangel, Hugo Ni\u00f1o, Geminiano Perez, Nina de Friedman, Julio Cardona, Gerardo Molina, Julio Salgado V\u00e1squez<\/p>\n<p><span style=\"color: var( --e-global-color-text ); font-family: var( --e-global-typography-text-font-family ), Sans-serif; font-weight: bolder;\">TOPON\u00cdMICOS:<\/span><span style=\"color: var( --e-global-color-text ); font-family: var( --e-global-typography-text-font-family ), Sans-serif; font-weight: var( --e-global-typography-text-font-weight );\">&nbsp;Bogot\u00e1<\/span><\/p>\n<p><span style=\"color: var( --e-global-color-text ); font-family: var( --e-global-typography-text-font-family ), Sans-serif; font-weight: bolder;\">TEM\u00c1TICOS:<\/span><span style=\"color: var( --e-global-color-text ); font-family: var( --e-global-typography-text-font-family ), Sans-serif; font-weight: var( --e-global-typography-text-font-weight );\">&nbsp;<\/span><span data-sheets-root=\"1\" style=\"color: var( --e-global-color-text ); font-family: var( --e-global-typography-text-font-family ), Sans-serif; font-weight: var( --e-global-typography-text-font-weight );\">Derechos humanos, torturas, represi\u00f3n, etnocidio<\/span><\/p>\n<p><span style=\"font-weight: bolder;\">CRONOL\u00d3GICOS:<\/span>&nbsp;1979<\/p>\n<p><span style=\"font-weight: bolder;\">UNIDAD DE CONSERVACI\u00d3N:<\/span>&nbsp;Caja<\/p>\n<p><span style=\"font-weight: bolder;\">SOPORTE:<\/span>&nbsp;Magn\u00e9tico<\/p>\n<p><span style=\"font-weight: bolder;\">FORMATO:<\/span>&nbsp;<span style=\"color: var( --e-global-color-text ); font-family: var( --e-global-typography-text-font-family ), Sans-serif; font-weight: var( --e-global-typography-text-font-weight );\">1\/4 pulgada<\/span><\/p>\n<p><span style=\"font-weight: bolder;\">DURACI\u00d3N:<\/span>&nbsp;<span data-sheets-root=\"1\">01:49:45<\/span><\/p>\n<p><span style=\"font-weight: bolder;\">NOTAS:<\/span>&nbsp;N\/A<\/p>\t\t\t\t\t\t<\/div>\n\t\t\t\t<\/div>\n\t\t\t\t\t<\/div>\n\t\t<\/div>\n\t\t\t\t\t<\/div>\n\t\t<\/section>\n\t\t\t\t<\/div>\n\t\t","protected":false},"excerpt":{"rendered":"<p>En el marco del Foro de Derechos humanos se pronuncian discursos de l\u00edderes ind\u00edgenas del Cauca ante la delegaci\u00f3n de la Comisi\u00f3n de Paz. Se denuncia una serie de torturas, encarcelamientos, amenazas y asesinato de l\u00edderes. Aunque esta situaci\u00f3n fue llevada a los ministros y funcionarios del gobierno, sigue ocurriendo todo tipo de violaciones a [&hellip;]<\/p>\n","protected":false},"author":1,"featured_media":11642,"comment_status":"open","ping_status":"open","sticky":false,"template":"","format":"standard","meta":{"_acf_changed":false,"footnotes":""},"categories":[26],"tags":[458,682,71,816,817,89,818,823,690,819,822,825,826,820,824,169,821,57],"class_list":["post-9208","post","type-post","status-publish","format-standard","has-post-thumbnail","hentry","category-audios","tag-bogota","tag-carlos-lleras-restrepo","tag-derechos-humanos","tag-edgar-avirama","tag-enrique-jaramillo","tag-etnocidio","tag-fernando-orozco","tag-geminiano-perez","tag-gerardo-molina","tag-guillermo-avadia-morales","tag-hugo-nino","tag-julio-cardona","tag-julio-salgado-vasquez","tag-manuel-zapata-olivella","tag-nina-de-friedman","tag-represion","tag-teofilo-rangel","tag-tortura"],"acf":[],"_links":{"self":[{"href":"https:\/\/martarodriguez.com.co\/index.php\/wp-json\/wp\/v2\/posts\/9208","targetHints":{"allow":["GET"]}}],"collection":[{"href":"https:\/\/martarodriguez.com.co\/index.php\/wp-json\/wp\/v2\/posts"}],"about":[{"href":"https:\/\/martarodriguez.com.co\/index.php\/wp-json\/wp\/v2\/types\/post"}],"author":[{"embeddable":true,"href":"https:\/\/martarodriguez.com.co\/index.php\/wp-json\/wp\/v2\/users\/1"}],"replies":[{"embeddable":true,"href":"https:\/\/martarodriguez.com.co\/index.php\/wp-json\/wp\/v2\/comments?post=9208"}],"version-history":[{"count":7,"href":"https:\/\/martarodriguez.com.co\/index.php\/wp-json\/wp\/v2\/posts\/9208\/revisions"}],"predecessor-version":[{"id":10226,"href":"https:\/\/martarodriguez.com.co\/index.php\/wp-json\/wp\/v2\/posts\/9208\/revisions\/10226"}],"wp:featuredmedia":[{"embeddable":true,"href":"https:\/\/martarodriguez.com.co\/index.php\/wp-json\/wp\/v2\/media\/11642"}],"wp:attachment":[{"href":"https:\/\/martarodriguez.com.co\/index.php\/wp-json\/wp\/v2\/media?parent=9208"}],"wp:term":[{"taxonomy":"category","embeddable":true,"href":"https:\/\/martarodriguez.com.co\/index.php\/wp-json\/wp\/v2\/categories?post=9208"},{"taxonomy":"post_tag","embeddable":true,"href":"https:\/\/martarodriguez.com.co\/index.php\/wp-json\/wp\/v2\/tags?post=9208"}],"curies":[{"name":"wp","href":"https:\/\/api.w.org\/{rel}","templated":true}]}}