{"id":9160,"date":"2024-12-17T19:40:51","date_gmt":"2024-12-17T19:40:51","guid":{"rendered":"https:\/\/martarodriguez.com.co\/?p=9160"},"modified":"2025-01-09T21:08:46","modified_gmt":"2025-01-09T21:08:46","slug":"0314-entrevista-margot-faca-mayo-18-1985-44a","status":"publish","type":"post","link":"https:\/\/martarodriguez.com.co\/index.php\/2024\/12\/17\/0314-entrevista-margot-faca-mayo-18-1985-44a\/","title":{"rendered":"0314 Entrevista Margot Faca Mayo 18 1985 44a"},"content":{"rendered":"\t\t<div data-elementor-type=\"wp-post\" data-elementor-id=\"9160\" class=\"elementor elementor-9160\">\n\t\t\t\t\t\t<section class=\"elementor-section elementor-top-section elementor-element elementor-element-31e9a44 elementor-section-boxed elementor-section-height-default elementor-section-height-default exad-glass-effect-no wpr-particle-no wpr-jarallax-no wpr-parallax-no wpr-sticky-section-no exad-sticky-section-no\" data-id=\"31e9a44\" data-element_type=\"section\">\n\t\t\t\t\t\t<div class=\"elementor-container elementor-column-gap-default\">\n\t\t\t\t\t<div class=\"elementor-column elementor-col-100 elementor-top-column elementor-element elementor-element-00c8168 exad-glass-effect-no exad-sticky-section-no\" data-id=\"00c8168\" data-element_type=\"column\">\n\t\t\t<div class=\"elementor-widget-wrap elementor-element-populated\">\n\t\t\t\t\t\t<div class=\"elementor-element elementor-element-0928cc3 exad-sticky-section-no exad-glass-effect-no elementor-widget elementor-widget-text-editor\" data-id=\"0928cc3\" data-element_type=\"widget\" data-widget_type=\"text-editor.default\">\n\t\t\t\t<div class=\"elementor-widget-container\">\n\t\t\t<style>\/*! elementor - v3.21.0 - 15-04-2024 *\/\n.elementor-widget-text-editor.elementor-drop-cap-view-stacked .elementor-drop-cap{background-color:#69727d;color:#fff}.elementor-widget-text-editor.elementor-drop-cap-view-framed .elementor-drop-cap{color:#69727d;border:3px solid;background-color:transparent}.elementor-widget-text-editor:not(.elementor-drop-cap-view-default) .elementor-drop-cap{margin-top:8px}.elementor-widget-text-editor:not(.elementor-drop-cap-view-default) .elementor-drop-cap-letter{width:1em;height:1em}.elementor-widget-text-editor .elementor-drop-cap{float:left;text-align:center;line-height:1;font-size:50px}.elementor-widget-text-editor .elementor-drop-cap-letter{display:inline-block}<\/style>\t\t\t\t<p>Entrevistas en el marco de la investigaci\u00f3n para el documental &#8216;Amor, mujeres y flores&#8217; (1984-1989) sobre las condiciones de trabajo de las floricultoras en la sabana de Bogot\u00e1.<\/p><p>Entrevistas con Margot, Do\u00f1a Concha y Elena sobre su experiencia en el sindicalismo en la industria de las flores. Margot y Do\u00f1a Concha comparten una visi\u00f3n pesimista sobre el sindicalismo. Margot se siente decepcionada porque no encontr\u00f3 apoyo y percibi\u00f3 rechazo por parte de sus compa\u00f1eras trabajadoras. Explica que el miedo al patr\u00f3n es m\u00e1s fuerte que el deseo de luchar por sus derechos. Seg\u00fan Margot, la gente se mantiene sumisa, lo que la desanima profundamente. Abandon\u00f3 su participaci\u00f3n en el sindicato porque sent\u00eda que las trabajadoras no comprend\u00edan que pod\u00edan ser defendidas y obtener beneficios a trav\u00e9s de la lucha colectiva.<\/p><p>Por otro lado, Elena tiene una visi\u00f3n m\u00e1s optimista. Para ella, es una necesidad dar claridad a la gente y despertar conciencias. Est\u00e1 convencida de que la lucha sindical sigue siendo vigente. Elena cree firmemente que la situaci\u00f3n de las trabajadoras es muy precaria y que debe mejorar con el tiempo, mediante el trabajo colectivo y la persistencia en la defensa de sus derechos.<\/p>\t\t\t\t\t\t<\/div>\n\t\t\t\t<\/div>\n\t\t\t\t<div class=\"elementor-element elementor-element-9724743 exad-sticky-section-no exad-glass-effect-no elementor-widget elementor-widget-html\" data-id=\"9724743\" data-element_type=\"widget\" data-widget_type=\"html.default\">\n\t\t\t\t<div class=\"elementor-widget-container\">\n\t\t\t<iframe src=\"https:\/\/audiomack.com\/embed\/cinemestizo\/song\/0314-entrevista-margot-faca-mayo-18-1985-44a\" scrolling=\"no\" width=\"100%\" height=\"252\" frameborder=\"0\" title=\"0314 Entrevista Margot Faca Mayo 18 1985  44a\"><\/iframe>\t\t<\/div>\n\t\t\t\t<\/div>\n\t\t\t\t<div class=\"elementor-element elementor-element-bf227e4 exad-sticky-section-no exad-glass-effect-no elementor-widget elementor-widget-text-editor\" data-id=\"bf227e4\" data-element_type=\"widget\" data-widget_type=\"text-editor.default\">\n\t\t\t\t<div class=\"elementor-widget-container\">\n\t\t\t\t\t\t\t<p><strong>C\u00d3DIGO:<\/strong> 0314<\/p><p><strong>AUTOR\/DIRECTOR\/PRODUCTOR:<\/strong>\u00a0Fundaci\u00f3n Cine Documental Investigaci\u00f3n Social<\/p><p><strong>IDIOMA:\u00a0<\/strong>Espa\u00f1ol\u00a0<\/p><p><strong>PERSONA JUR\u00cdDICA\/NATURAL\/ROL:<\/strong> Margot &#8211; Do\u00f1a Concha &#8211; Elena-Jorge Silva<\/p><p><strong>TOPON\u00cdMICOS:<\/strong>\u00a0Sabana de Bogot\u00e1<\/p><p><strong>TEM\u00c1TICOS:<\/strong> Amor mujeres y flores, sindicalismo, condiciones laborales, mujeres, floricultura\u00a0<\/p><p><strong>CRONOL\u00d3GICOS:<\/strong> mayo18 1985<\/p><p><strong>UNIDAD DE CONSERVACI\u00d3N:\u00a0<\/strong>Caja<\/p><p><strong>SOPORTE:\u00a0<\/strong>Magn\u00e9tico<\/p><p><strong>FORMATO:\u00a0<\/strong>1\/4 pulgada<\/p><p><strong>DURACI\u00d3N:<\/strong>\u00a0<span data-sheets-root=\"1\">00:11:16<\/span><\/p><p><strong>NOTAS:\u00a0<\/strong>N\/A<\/p>\t\t\t\t\t\t<\/div>\n\t\t\t\t<\/div>\n\t\t\t\t\t<\/div>\n\t\t<\/div>\n\t\t\t\t\t<\/div>\n\t\t<\/section>\n\t\t\t\t<\/div>\n\t\t","protected":false},"excerpt":{"rendered":"<p>Entrevistas en el marco de la investigaci\u00f3n para el documental &#8216;Amor, mujeres y flores&#8217; (1984-1989) sobre las condiciones de trabajo de las floricultoras en la sabana de Bogot\u00e1. Entrevistas con Margot, Do\u00f1a Concha y Elena sobre su experiencia en el sindicalismo en la industria de las flores. Margot y Do\u00f1a Concha comparten una visi\u00f3n pesimista [&hellip;]<\/p>\n","protected":false},"author":1,"featured_media":11639,"comment_status":"open","ping_status":"open","sticky":false,"template":"","format":"standard","meta":{"_acf_changed":false,"footnotes":""},"categories":[26],"tags":[1402,776,770,772,217,457,771,777,762],"class_list":["post-9160","post","type-post","status-publish","format-standard","has-post-thumbnail","hentry","category-audios","tag-amor-mujeres-y-flores","tag-condiciones-laborales","tag-dona-concha","tag-elena","tag-floricultura","tag-jorge-silva","tag-margot","tag-mujeres","tag-sabana-de-bogota"],"acf":[],"_links":{"self":[{"href":"https:\/\/martarodriguez.com.co\/index.php\/wp-json\/wp\/v2\/posts\/9160","targetHints":{"allow":["GET"]}}],"collection":[{"href":"https:\/\/martarodriguez.com.co\/index.php\/wp-json\/wp\/v2\/posts"}],"about":[{"href":"https:\/\/martarodriguez.com.co\/index.php\/wp-json\/wp\/v2\/types\/post"}],"author":[{"embeddable":true,"href":"https:\/\/martarodriguez.com.co\/index.php\/wp-json\/wp\/v2\/users\/1"}],"replies":[{"embeddable":true,"href":"https:\/\/martarodriguez.com.co\/index.php\/wp-json\/wp\/v2\/comments?post=9160"}],"version-history":[{"count":10,"href":"https:\/\/martarodriguez.com.co\/index.php\/wp-json\/wp\/v2\/posts\/9160\/revisions"}],"predecessor-version":[{"id":12285,"href":"https:\/\/martarodriguez.com.co\/index.php\/wp-json\/wp\/v2\/posts\/9160\/revisions\/12285"}],"wp:featuredmedia":[{"embeddable":true,"href":"https:\/\/martarodriguez.com.co\/index.php\/wp-json\/wp\/v2\/media\/11639"}],"wp:attachment":[{"href":"https:\/\/martarodriguez.com.co\/index.php\/wp-json\/wp\/v2\/media?parent=9160"}],"wp:term":[{"taxonomy":"category","embeddable":true,"href":"https:\/\/martarodriguez.com.co\/index.php\/wp-json\/wp\/v2\/categories?post=9160"},{"taxonomy":"post_tag","embeddable":true,"href":"https:\/\/martarodriguez.com.co\/index.php\/wp-json\/wp\/v2\/tags?post=9160"}],"curies":[{"name":"wp","href":"https:\/\/api.w.org\/{rel}","templated":true}]}}