{"id":9051,"date":"2024-12-17T17:13:05","date_gmt":"2024-12-17T17:13:05","guid":{"rendered":"https:\/\/martarodriguez.com.co\/?p=9051"},"modified":"2024-12-23T20:04:28","modified_gmt":"2024-12-23T20:04:28","slug":"0242-teologia-25","status":"publish","type":"post","link":"https:\/\/martarodriguez.com.co\/index.php\/2024\/12\/17\/0242-teologia-25\/","title":{"rendered":"0242 Teologi\u0301a #25"},"content":{"rendered":"\t\t<div data-elementor-type=\"wp-post\" data-elementor-id=\"9051\" class=\"elementor elementor-9051\">\n\t\t\t\t\t\t<section class=\"elementor-section elementor-top-section elementor-element elementor-element-31e9a44 elementor-section-boxed elementor-section-height-default elementor-section-height-default exad-glass-effect-no wpr-particle-no wpr-jarallax-no wpr-parallax-no wpr-sticky-section-no exad-sticky-section-no\" data-id=\"31e9a44\" data-element_type=\"section\">\n\t\t\t\t\t\t<div class=\"elementor-container elementor-column-gap-default\">\n\t\t\t\t\t<div class=\"elementor-column elementor-col-100 elementor-top-column elementor-element elementor-element-00c8168 exad-glass-effect-no exad-sticky-section-no\" data-id=\"00c8168\" data-element_type=\"column\">\n\t\t\t<div class=\"elementor-widget-wrap elementor-element-populated\">\n\t\t\t\t\t\t<div class=\"elementor-element elementor-element-0928cc3 exad-sticky-section-no exad-glass-effect-no elementor-widget elementor-widget-text-editor\" data-id=\"0928cc3\" data-element_type=\"widget\" data-widget_type=\"text-editor.default\">\n\t\t\t\t<div class=\"elementor-widget-container\">\n\t\t\t<style>\/*! elementor - v3.21.0 - 15-04-2024 *\/\n.elementor-widget-text-editor.elementor-drop-cap-view-stacked .elementor-drop-cap{background-color:#69727d;color:#fff}.elementor-widget-text-editor.elementor-drop-cap-view-framed .elementor-drop-cap{color:#69727d;border:3px solid;background-color:transparent}.elementor-widget-text-editor:not(.elementor-drop-cap-view-default) .elementor-drop-cap{margin-top:8px}.elementor-widget-text-editor:not(.elementor-drop-cap-view-default) .elementor-drop-cap-letter{width:1em;height:1em}.elementor-widget-text-editor .elementor-drop-cap{float:left;text-align:center;line-height:1;font-size:50px}.elementor-widget-text-editor .elementor-drop-cap-letter{display:inline-block}<\/style>\t\t\t\t<p>Comienza con el pic\u00f3metro. Luego una voz dice &#8220;Cinta 25 Mayo 3 teolog\u00eda&#8221; y sigue una canci\u00f3n.&nbsp;<\/p>\t\t\t\t\t\t<\/div>\n\t\t\t\t<\/div>\n\t\t\t\t<div class=\"elementor-element elementor-element-9724743 exad-sticky-section-no exad-glass-effect-no elementor-widget elementor-widget-html\" data-id=\"9724743\" data-element_type=\"widget\" data-widget_type=\"html.default\">\n\t\t\t\t<div class=\"elementor-widget-container\">\n\t\t\t<iframe src=\"https:\/\/audiomack.com\/embed\/cinemestizo\/song\/0242-teologi-a-25\" scrolling=\"no\" width=\"100%\" height=\"252\" frameborder=\"0\" title=\"0242 Teologi  A  25\"><\/iframe>\t\t<\/div>\n\t\t\t\t<\/div>\n\t\t\t\t\t<\/div>\n\t\t<\/div>\n\t\t\t\t\t<\/div>\n\t\t<\/section>\n\t\t\t\t<section class=\"elementor-section elementor-top-section elementor-element elementor-element-6390fcf elementor-section-boxed elementor-section-height-default elementor-section-height-default exad-glass-effect-no wpr-particle-no wpr-jarallax-no wpr-parallax-no wpr-sticky-section-no exad-sticky-section-no\" data-id=\"6390fcf\" data-element_type=\"section\">\n\t\t\t\t\t\t<div class=\"elementor-container elementor-column-gap-default\">\n\t\t\t\t\t<div class=\"elementor-column elementor-col-100 elementor-top-column elementor-element elementor-element-f4fa3d8 exad-glass-effect-no exad-sticky-section-no\" data-id=\"f4fa3d8\" data-element_type=\"column\">\n\t\t\t<div class=\"elementor-widget-wrap elementor-element-populated\">\n\t\t\t\t\t\t<div class=\"elementor-element elementor-element-6e3dc27 exad-sticky-section-no exad-glass-effect-no elementor-widget elementor-widget-text-editor\" data-id=\"6e3dc27\" data-element_type=\"widget\" data-widget_type=\"text-editor.default\">\n\t\t\t\t<div class=\"elementor-widget-container\">\n\t\t\t\t\t\t\t<p><span style=\"font-weight: bolder;\">C\u00d3DIGO:<\/span>\u00a00242<\/p><p><span style=\"color: var( --e-global-color-text ); font-family: var( --e-global-typography-text-font-family ), Sans-serif; font-weight: bolder;\">AUTOR\/DIRECTOR\/PRODUCTOR:<\/span><span style=\"color: var( --e-global-color-text ); font-family: var( --e-global-typography-text-font-family ), Sans-serif; font-weight: var( --e-global-typography-text-font-weight );\">\u00a0Fundaci\u00f3n Cine Documental Investigaci\u00f3n Social<\/span><\/p><p><span style=\"font-weight: bolder;\">IDIOMA:<\/span>\u00a0Espa\u00f1ol\u00a0<\/p><p><span style=\"font-weight: bolder;\">PERSONA JUR\u00cdDICA\/NATURAL\/ROL:<\/span>\u00a0Camilo Torres Restrepo<\/p><p><span style=\"color: var( --e-global-color-text ); font-family: var( --e-global-typography-text-font-family ), Sans-serif; font-weight: bolder;\">TOPON\u00cdMICOS:\u00a0<\/span>Colombia<\/p><p><span style=\"color: var( --e-global-color-text ); font-family: var( --e-global-typography-text-font-family ), Sans-serif; font-weight: bolder;\">TEM\u00c1TICOS:<\/span><span style=\"color: var( --e-global-color-text ); font-family: var( --e-global-typography-text-font-family ), Sans-serif; font-weight: var( --e-global-typography-text-font-weight );\">\u00a0<\/span>Teolog\u00eda de la liberaci\u00f3n<\/p><p><span style=\"color: var( --e-global-color-text ); font-family: var( --e-global-typography-text-font-family ), Sans-serif; font-weight: bolder;\">CRONOL\u00d3GICOS:<\/span><span style=\"color: var( --e-global-color-text ); font-family: var( --e-global-typography-text-font-family ), Sans-serif; font-weight: var( --e-global-typography-text-font-weight );\">\u00a0<\/span><span style=\"color: var( --e-global-color-text ); font-family: var( --e-global-typography-text-font-family ), Sans-serif; font-weight: var( --e-global-typography-text-font-weight );\">1987 \u2013 03 de mayo<\/span><\/p><p><span style=\"font-weight: bolder;\">UNIDAD DE CONSERVACI\u00d3N:<\/span>\u00a0Caja<\/p><p><span style=\"font-weight: bolder;\">SOPORTE:<\/span>\u00a0Magn\u00e9tico<\/p><p><span style=\"font-weight: bolder;\">FORMATO:<\/span>\u00a0<span style=\"color: var( --e-global-color-text ); font-family: var( --e-global-typography-text-font-family ), Sans-serif; font-weight: var( --e-global-typography-text-font-weight );\">1\/4 pulgada<\/span><\/p><p><span style=\"font-weight: bolder;\">DURACI\u00d3N:<\/span>\u00a0<span data-sheets-root=\"1\">00:03:25<\/span><\/p><p><span style=\"font-weight: bolder;\">NOTAS:<\/span>\u00a0N\/A<\/p>\t\t\t\t\t\t<\/div>\n\t\t\t\t<\/div>\n\t\t\t\t\t<\/div>\n\t\t<\/div>\n\t\t\t\t\t<\/div>\n\t\t<\/section>\n\t\t\t\t<\/div>\n\t\t","protected":false},"excerpt":{"rendered":"<p>Comienza con el pic\u00f3metro. Luego una voz dice &#8220;Cinta 25 Mayo 3 teolog\u00eda&#8221; y sigue una canci\u00f3n.&nbsp; C\u00d3DIGO:\u00a00242 AUTOR\/DIRECTOR\/PRODUCTOR:\u00a0Fundaci\u00f3n Cine Documental Investigaci\u00f3n Social IDIOMA:\u00a0Espa\u00f1ol\u00a0 PERSONA JUR\u00cdDICA\/NATURAL\/ROL:\u00a0Camilo Torres Restrepo TOPON\u00cdMICOS:\u00a0Colombia TEM\u00c1TICOS:\u00a0Teolog\u00eda de la liberaci\u00f3n CRONOL\u00d3GICOS:\u00a01987 \u2013 03 de mayo UNIDAD DE CONSERVACI\u00d3N:\u00a0Caja SOPORTE:\u00a0Magn\u00e9tico FORMATO:\u00a01\/4 pulgada DURACI\u00d3N:\u00a000:03:25 NOTAS:\u00a0N\/A<\/p>\n","protected":false},"author":1,"featured_media":11633,"comment_status":"open","ping_status":"open","sticky":false,"template":"","format":"standard","meta":{"_acf_changed":false,"footnotes":""},"categories":[26],"tags":[101,513,340],"class_list":["post-9051","post","type-post","status-publish","format-standard","has-post-thumbnail","hentry","category-audios","tag-camilo-torres-restrepo","tag-colombia","tag-teologia-de-la-liberacion"],"acf":[],"_links":{"self":[{"href":"https:\/\/martarodriguez.com.co\/index.php\/wp-json\/wp\/v2\/posts\/9051","targetHints":{"allow":["GET"]}}],"collection":[{"href":"https:\/\/martarodriguez.com.co\/index.php\/wp-json\/wp\/v2\/posts"}],"about":[{"href":"https:\/\/martarodriguez.com.co\/index.php\/wp-json\/wp\/v2\/types\/post"}],"author":[{"embeddable":true,"href":"https:\/\/martarodriguez.com.co\/index.php\/wp-json\/wp\/v2\/users\/1"}],"replies":[{"embeddable":true,"href":"https:\/\/martarodriguez.com.co\/index.php\/wp-json\/wp\/v2\/comments?post=9051"}],"version-history":[{"count":7,"href":"https:\/\/martarodriguez.com.co\/index.php\/wp-json\/wp\/v2\/posts\/9051\/revisions"}],"predecessor-version":[{"id":9087,"href":"https:\/\/martarodriguez.com.co\/index.php\/wp-json\/wp\/v2\/posts\/9051\/revisions\/9087"}],"wp:featuredmedia":[{"embeddable":true,"href":"https:\/\/martarodriguez.com.co\/index.php\/wp-json\/wp\/v2\/media\/11633"}],"wp:attachment":[{"href":"https:\/\/martarodriguez.com.co\/index.php\/wp-json\/wp\/v2\/media?parent=9051"}],"wp:term":[{"taxonomy":"category","embeddable":true,"href":"https:\/\/martarodriguez.com.co\/index.php\/wp-json\/wp\/v2\/categories?post=9051"},{"taxonomy":"post_tag","embeddable":true,"href":"https:\/\/martarodriguez.com.co\/index.php\/wp-json\/wp\/v2\/tags?post=9051"}],"curies":[{"name":"wp","href":"https:\/\/api.w.org\/{rel}","templated":true}]}}