{"id":8859,"date":"2024-12-17T16:03:06","date_gmt":"2024-12-17T16:03:06","guid":{"rendered":"https:\/\/martarodriguez.com.co\/?p=8859"},"modified":"2025-06-25T18:53:07","modified_gmt":"2025-06-25T18:53:07","slug":"0221-teologia-4","status":"publish","type":"post","link":"https:\/\/martarodriguez.com.co\/index.php\/2024\/12\/17\/0221-teologia-4\/","title":{"rendered":"0221 Teologi\u0301a #4"},"content":{"rendered":"\t\t<div data-elementor-type=\"wp-post\" data-elementor-id=\"8859\" class=\"elementor elementor-8859\">\n\t\t\t\t\t\t<section class=\"elementor-section elementor-top-section elementor-element elementor-element-31e9a44 elementor-section-boxed elementor-section-height-default elementor-section-height-default exad-glass-effect-no wpr-particle-no wpr-jarallax-no wpr-parallax-no wpr-sticky-section-no exad-sticky-section-no\" data-id=\"31e9a44\" data-element_type=\"section\">\n\t\t\t\t\t\t<div class=\"elementor-container elementor-column-gap-default\">\n\t\t\t\t\t<div class=\"elementor-column elementor-col-100 elementor-top-column elementor-element elementor-element-00c8168 exad-glass-effect-no exad-sticky-section-no\" data-id=\"00c8168\" data-element_type=\"column\">\n\t\t\t<div class=\"elementor-widget-wrap elementor-element-populated\">\n\t\t\t\t\t\t<div class=\"elementor-element elementor-element-0928cc3 exad-sticky-section-no exad-glass-effect-no elementor-widget elementor-widget-text-editor\" data-id=\"0928cc3\" data-element_type=\"widget\" data-widget_type=\"text-editor.default\">\n\t\t\t\t<div class=\"elementor-widget-container\">\n\t\t\t<style>\/*! elementor - v3.21.0 - 15-04-2024 *\/\n.elementor-widget-text-editor.elementor-drop-cap-view-stacked .elementor-drop-cap{background-color:#69727d;color:#fff}.elementor-widget-text-editor.elementor-drop-cap-view-framed .elementor-drop-cap{color:#69727d;border:3px solid;background-color:transparent}.elementor-widget-text-editor:not(.elementor-drop-cap-view-default) .elementor-drop-cap{margin-top:8px}.elementor-widget-text-editor:not(.elementor-drop-cap-view-default) .elementor-drop-cap-letter{width:1em;height:1em}.elementor-widget-text-editor .elementor-drop-cap{float:left;text-align:center;line-height:1;font-size:50px}.elementor-widget-text-editor .elementor-drop-cap-letter{display:inline-block}<\/style>\t\t\t\t<p>Comienza con Ren\u00e9 hablando sobre la muerte de Camilo como la de un gran dirigente, Ren\u00e9 dice que se queda corta la comparaci\u00f3n con Gait\u00e1n, en el sentido de las rupturas que ambos propusieron, desde lo electoral hasta lo beligerante. Analiza el porqu\u00e9 no se logr\u00f3 llegar a la unidad con el proyecto del Frente Unido en la oposici\u00f3n, achac\u00e1ndolo al panorama pol\u00edtico en el que se estaba forjando la ANAPO y el MRL. Luego hay una pregunta sobre el papel revolucionario de los campesinos. Ren\u00e9 responde que a\u00fan esa concepci\u00f3n est\u00e1 vigente, pues muchos de los actuales lideres descollantes vienen del campesinado. Luego viene una pregunta sobre la vida afectiva y amorosa de Camilo. Joe responde que como Camilo tambi\u00e9n fue cura, y los curas suelen encubrir muy bien eso, \u00e9l no pudo comprobar nada de nada. Luego viene otra pregunta; c\u00f3mo actualizar el concepto de clase popular hoy en d\u00eda. Ren\u00e9 responde que desde hace 20 a\u00f1os se ha venido madurando mucho mientras el dogmatismo se ha derrumbado en pro de la unidad, empero en cuanto a la organizaci\u00f3n a\u00fan hay algunos vac\u00edos frente a los cambios que han habido; en la demograf\u00eda, en el estado, en la tecnolog\u00eda. Luego viene otra pregunta acerca de la relaci\u00f3n entre el grupo Golconda y Camilo. Responde Ren\u00e9 que a\u00fan 21 a\u00f1os despu\u00e9s Camilo sigue siendo bastante desconocido, en parte por el desconocimiento del dogmatismo marxista. Dice que junto al Che ambos son figuras que se entrelazan en el proceso de cambio que marxistas y cristianos propugnan. Luego dice que en la d\u00e9cada de los 70 se dio una extensi\u00f3n al pensamiento y pr\u00e1ctica de Camilo, aunque insuficiente. Joe dice que Golconda no naci\u00f3 exclusivamente con Camilo, sino con los tiempos de renovaci\u00f3n de la iglesia. Luego vienen dos preguntas; una sobre el v\u00ednculo real entre Camilo y la teolog\u00eda, y la otra sobre una frase de Eduardo Uma\u00f1a Luna sobre si la par\u00e1bola de Camilo hab\u00eda quedado truncada. Ren\u00e9 responde la primera, dice que en efecto en Camilo hay una ruptura con la teolog\u00eda al pasar de una cr\u00edtica teol\u00f3gica a una cr\u00edtica pol\u00edtica, en el sentido de que para la liberaci\u00f3n no se necesita la teolog\u00eda. &#8220;A m\u00ed lo que me parece importante en el hecho de Camilo es que llegando a la esencia del cristianismo, \u00e9l ve c\u00f3mo en su esencia es incompatible con la sociedad capitalista, y por lo tanto est\u00e1 implicando la revoluci\u00f3n&#8221;. Luego interviene Joe diciendo que Camilo m\u00e1s que pensar lo que hizo fue actuar. Desde el 25\u00b438\u00b4\u00b4est\u00e1 en silencio.<\/p>\t\t\t\t\t\t<\/div>\n\t\t\t\t<\/div>\n\t\t\t\t<div class=\"elementor-element elementor-element-9724743 exad-sticky-section-no exad-glass-effect-no elementor-widget elementor-widget-html\" data-id=\"9724743\" data-element_type=\"widget\" data-widget_type=\"html.default\">\n\t\t\t\t<div class=\"elementor-widget-container\">\n\t\t\t<iframe src=\"https:\/\/audiomack.com\/embed\/cinemestizo\/song\/0221-teologia-4\" scrolling=\"no\" width=\"100%\" height=\"252\" frameborder=\"0\" title=\"0221 Teologia  4\"><\/iframe>\t\t<\/div>\n\t\t\t\t<\/div>\n\t\t\t\t\t<\/div>\n\t\t<\/div>\n\t\t\t\t\t<\/div>\n\t\t<\/section>\n\t\t\t\t<section class=\"elementor-section elementor-top-section elementor-element elementor-element-a656768 elementor-section-boxed elementor-section-height-default elementor-section-height-default exad-glass-effect-no wpr-particle-no wpr-jarallax-no wpr-parallax-no wpr-sticky-section-no exad-sticky-section-no\" data-id=\"a656768\" data-element_type=\"section\">\n\t\t\t\t\t\t<div class=\"elementor-container elementor-column-gap-default\">\n\t\t\t\t\t<div class=\"elementor-column elementor-col-100 elementor-top-column elementor-element elementor-element-ae3dabb exad-glass-effect-no exad-sticky-section-no\" data-id=\"ae3dabb\" data-element_type=\"column\">\n\t\t\t<div class=\"elementor-widget-wrap elementor-element-populated\">\n\t\t\t\t\t\t<div class=\"elementor-element elementor-element-eb89d86 exad-sticky-section-no exad-glass-effect-no elementor-widget elementor-widget-text-editor\" data-id=\"eb89d86\" data-element_type=\"widget\" data-widget_type=\"text-editor.default\">\n\t\t\t\t<div class=\"elementor-widget-container\">\n\t\t\t\t\t\t\t<p><span style=\"font-weight: bolder;\">C\u00d3DIGO:<\/span>&nbsp;0221<\/p>\n<p><span style=\"color: var( --e-global-color-text ); font-family: var( --e-global-typography-text-font-family ), Sans-serif; font-weight: bolder;\">AUTOR\/DIRECTOR\/PRODUCTOR:<\/span><span style=\"color: var( --e-global-color-text ); font-family: var( --e-global-typography-text-font-family ), Sans-serif; font-weight: var( --e-global-typography-text-font-weight );\">&nbsp;Fundaci\u00f3n Cine Documental Investigaci\u00f3n Social<\/span><\/p>\n<p><span style=\"font-weight: bolder;\">IDIOMA:<\/span>&nbsp;Espa\u00f1ol&nbsp;<\/p>\n<p><span style=\"font-weight: bolder;\">PERSONA JUR\u00cdDICA\/NATURAL\/ROL:<\/span>&nbsp;Ren\u00e9 Garc\u00eda, Joe Broderick, Camilo Torre Restrepo, Jorge Eli\u00e9cer Gait\u00e1n, Alfonso L\u00f3pez Michelsen, Gerardo Valencia Cano, Ernesto &#8220;Che&#8221; Guevara, Eduardo Uma\u00f1a Luna<\/p>\n<p><span style=\"color: var( --e-global-color-text ); font-family: var( --e-global-typography-text-font-family ), Sans-serif; font-weight: bolder;\">TOPON\u00cdMICOS:<\/span><span style=\"color: var( --e-global-color-text ); font-family: var( --e-global-typography-text-font-family ), Sans-serif; font-weight: var( --e-global-typography-text-font-weight );\">&nbsp;<\/span>Arauca, Caquet\u00e1, Magdalena Medio, Nororiente Antiqoue\u00f1o, Huila, Tolima, Am\u00e9rica Latina<\/p>\n<p><span style=\"color: var( --e-global-color-text ); font-family: var( --e-global-typography-text-font-family ), Sans-serif; font-weight: bolder;\">TEM\u00c1TICOS:<\/span><span style=\"color: var( --e-global-color-text ); font-family: var( --e-global-typography-text-font-family ), Sans-serif; font-weight: var( --e-global-typography-text-font-weight );\">&nbsp;<\/span><span data-sheets-root=\"1\" style=\"color: var( --e-global-color-text ); font-family: var( --e-global-typography-text-font-family ), Sans-serif; font-weight: var( --e-global-typography-text-font-weight );\">Teolog\u00eda de la liberaci\u00f3n, ANAPO, MRL, Marxismo, Cristianismo<\/span><\/p>\n<p><span style=\"font-weight: bolder;\">CRONOL\u00d3GICOS:<\/span>&nbsp;1987 &#8211; 28 de abril<\/p>\n<p><span style=\"font-weight: bolder;\">UNIDAD DE CONSERVACI\u00d3N:<\/span>&nbsp;Caja<\/p>\n<p><span style=\"font-weight: bolder;\">SOPORTE:<\/span>&nbsp;Magn\u00e9tico<\/p>\n<p><span style=\"font-weight: bolder;\">FORMATO:<\/span>&nbsp;<span style=\"color: var( --e-global-color-text ); font-family: var( --e-global-typography-text-font-family ), Sans-serif; font-weight: var( --e-global-typography-text-font-weight );\">1\/4 pulgada<\/span><\/p>\n<p><span style=\"font-weight: bolder;\">DURACI\u00d3N:<\/span>&nbsp;<span data-sheets-root=\"1\">00:25:40<\/span><\/p>\n<p><span style=\"font-weight: bolder;\">NOTAS:<\/span>&nbsp;N\/A<\/p>\t\t\t\t\t\t<\/div>\n\t\t\t\t<\/div>\n\t\t\t\t\t<\/div>\n\t\t<\/div>\n\t\t\t\t\t<\/div>\n\t\t<\/section>\n\t\t\t\t<\/div>\n\t\t","protected":false},"excerpt":{"rendered":"<p>Comienza con Ren\u00e9 hablando sobre la muerte de Camilo como la de un gran dirigente, Ren\u00e9 dice que se queda corta la comparaci\u00f3n con Gait\u00e1n, en el sentido de las rupturas que ambos propusieron, desde lo electoral hasta lo beligerante. Analiza el porqu\u00e9 no se logr\u00f3 llegar a la unidad con el proyecto del Frente [&hellip;]<\/p>\n","protected":false},"author":1,"featured_media":11633,"comment_status":"open","ping_status":"open","sticky":false,"template":"","format":"standard","meta":{"_acf_changed":false,"footnotes":""},"categories":[26],"tags":[431,543,535,538,101,539,724,537,547,545,542,245,488,540,65,536,541,244,340,470],"class_list":["post-8859","post","type-post","status-publish","format-standard","has-post-thumbnail","hentry","category-audios","tag-alfonso-lopez-michelsen","tag-america-latina","tag-anapo","tag-arauca","tag-camilo-torres-restrepo","tag-caqueta","tag-che-guevara","tag-cristianismo","tag-eduardo-umana-luna","tag-gerardo-valencia-cano","tag-huila","tag-joe-broderick","tag-jorge-eliecer-gaitan","tag-magdalena-medio","tag-marxismo","tag-mrl","tag-nororiente-antioqueno","tag-rene-garcia","tag-teologia-de-la-liberacion","tag-tolima"],"acf":[],"_links":{"self":[{"href":"https:\/\/martarodriguez.com.co\/index.php\/wp-json\/wp\/v2\/posts\/8859","targetHints":{"allow":["GET"]}}],"collection":[{"href":"https:\/\/martarodriguez.com.co\/index.php\/wp-json\/wp\/v2\/posts"}],"about":[{"href":"https:\/\/martarodriguez.com.co\/index.php\/wp-json\/wp\/v2\/types\/post"}],"author":[{"embeddable":true,"href":"https:\/\/martarodriguez.com.co\/index.php\/wp-json\/wp\/v2\/users\/1"}],"replies":[{"embeddable":true,"href":"https:\/\/martarodriguez.com.co\/index.php\/wp-json\/wp\/v2\/comments?post=8859"}],"version-history":[{"count":7,"href":"https:\/\/martarodriguez.com.co\/index.php\/wp-json\/wp\/v2\/posts\/8859\/revisions"}],"predecessor-version":[{"id":8939,"href":"https:\/\/martarodriguez.com.co\/index.php\/wp-json\/wp\/v2\/posts\/8859\/revisions\/8939"}],"wp:featuredmedia":[{"embeddable":true,"href":"https:\/\/martarodriguez.com.co\/index.php\/wp-json\/wp\/v2\/media\/11633"}],"wp:attachment":[{"href":"https:\/\/martarodriguez.com.co\/index.php\/wp-json\/wp\/v2\/media?parent=8859"}],"wp:term":[{"taxonomy":"category","embeddable":true,"href":"https:\/\/martarodriguez.com.co\/index.php\/wp-json\/wp\/v2\/categories?post=8859"},{"taxonomy":"post_tag","embeddable":true,"href":"https:\/\/martarodriguez.com.co\/index.php\/wp-json\/wp\/v2\/tags?post=8859"}],"curies":[{"name":"wp","href":"https:\/\/api.w.org\/{rel}","templated":true}]}}