{"id":8853,"date":"2024-12-17T16:01:02","date_gmt":"2024-12-17T16:01:02","guid":{"rendered":"https:\/\/martarodriguez.com.co\/?p=8853"},"modified":"2024-12-23T19:57:30","modified_gmt":"2024-12-23T19:57:30","slug":"0220-teologia-3","status":"publish","type":"post","link":"https:\/\/martarodriguez.com.co\/index.php\/2024\/12\/17\/0220-teologia-3\/","title":{"rendered":"0220 Teologi\u0301a #3"},"content":{"rendered":"\t\t<div data-elementor-type=\"wp-post\" data-elementor-id=\"8853\" class=\"elementor elementor-8853\">\n\t\t\t\t\t\t<section class=\"elementor-section elementor-top-section elementor-element elementor-element-31e9a44 elementor-section-boxed elementor-section-height-default elementor-section-height-default exad-glass-effect-no wpr-particle-no wpr-jarallax-no wpr-parallax-no wpr-sticky-section-no exad-sticky-section-no\" data-id=\"31e9a44\" data-element_type=\"section\">\n\t\t\t\t\t\t<div class=\"elementor-container elementor-column-gap-default\">\n\t\t\t\t\t<div class=\"elementor-column elementor-col-100 elementor-top-column elementor-element elementor-element-00c8168 exad-glass-effect-no exad-sticky-section-no\" data-id=\"00c8168\" data-element_type=\"column\">\n\t\t\t<div class=\"elementor-widget-wrap elementor-element-populated\">\n\t\t\t\t\t\t<div class=\"elementor-element elementor-element-0928cc3 exad-sticky-section-no exad-glass-effect-no elementor-widget elementor-widget-text-editor\" data-id=\"0928cc3\" data-element_type=\"widget\" data-widget_type=\"text-editor.default\">\n\t\t\t\t<div class=\"elementor-widget-container\">\n\t\t\t<style>\/*! elementor - v3.21.0 - 15-04-2024 *\/\n.elementor-widget-text-editor.elementor-drop-cap-view-stacked .elementor-drop-cap{background-color:#69727d;color:#fff}.elementor-widget-text-editor.elementor-drop-cap-view-framed .elementor-drop-cap{color:#69727d;border:3px solid;background-color:transparent}.elementor-widget-text-editor:not(.elementor-drop-cap-view-default) .elementor-drop-cap{margin-top:8px}.elementor-widget-text-editor:not(.elementor-drop-cap-view-default) .elementor-drop-cap-letter{width:1em;height:1em}.elementor-widget-text-editor .elementor-drop-cap{float:left;text-align:center;line-height:1;font-size:50px}.elementor-widget-text-editor .elementor-drop-cap-letter{display:inline-block}<\/style>\t\t\t\t<p>Se reanuda la charla hablando Joe Broderick sobre el posible lazo que tuvo Camilo para acercarse al ELN. Es en el a\u00f1o 1965 donde irrumpe su figura en el panorama pol\u00edtico de la realidad nacional con fuerza, al sentar las bases del Frente Unido, en agosto de ese a\u00f1o, y dos meses despu\u00e9s viaja a Santander para unirse a la guerrilla. Cuenta que el concepto central de Camilo fue el amor eficaz y luego cuenta una an\u00e9cdota sobre las charlas que daba en la costa colombiana. Del min 7\u00b439\u00b4\u00b4 hasta el 12\u00b448\u00b4\u00b4 hay una intervenci\u00f3n acerca de una canci\u00f3n dedicada a \u00c1lvaro Ulcu\u00e9 Chocu\u00e9, lider nasa de recuperaci\u00f3n de tierras y primer sacerdote cat\u00f3lico ind\u00edgena. Luego hay una pregunta para Ren\u00e9 Garc\u00eda; c\u00f3mo fue la experiencia suya al lado de Camilo y c\u00f3mo influy\u00f3 en su formaci\u00f3n. Responde que fue determinante su actitud, y sobre todo, su muerte. Dice que estudi\u00f3 en el mismo semanario de Camilo, y que recuerda que era carism\u00e1tico y le hac\u00edan corrillo, pero que nunca convers\u00f3 o trabaj\u00f3 con \u00e9l. Dice que Camilo planteaba &#8220;mi muerte abrir\u00e1 caminos&#8221; y que cree hace parte de esos caminos, era una interpelaci\u00f3n a cristianos y marxistas para encontrar posibilidades nuevas del proceso del cambio y de integraci\u00f3n, como Golconda. &#8220;De Camilo no se pod\u00eda deducir una teolog\u00eda, sino de Camilo lo que se puede deducir es el compromiso de un cristiano con un proceso de cambio determinado&#8221;. Dice que Camilo influenci\u00f3 al movimiento cristiano del 67 al 73 en Latinoam\u00e9rica, que culmin\u00f3 con el derrumbe de la Unidad Popular, reactiv\u00e1ndose en Centroam\u00e9rica con el triunfo de la revoluci\u00f3n sandinista. Luego hay otra pregunta; c\u00f3mo ubicamos a Camilo en el desarrollo actual. Ren\u00e9 responde que lo importante precisamente es poderlo ver en lo que est\u00e1 sucediendo, habla sobre las transformaciones que ha habido desde su muerte hace 21 a\u00f1os en la realidad nacional. Dice que el pluralismo en la unidad es central, y que los \u00faltimos a\u00f1os han estado marcados por el proceso de paz, pero luego de la toma al palacio no se puede hablar de paz. Plantea que no hay una coyuntura para plantear un Frente Unido en la actualidad, pero s\u00ed generar una nueva pol\u00edtica unitaria al rededor de las nuevas ideas de la constituci\u00f3n popular. Dice que todo proceso amplio en Colombia, como el Di\u00e1logo Nacional y el proceso de la Uni\u00f3n Patri\u00f3tica, tiene grandes limitaciones entre convertirse en productivos o en desangres para el desarrollo de la revoluci\u00f3n popular. Luego hay unas tres preguntas m\u00e1s donde responde Ren\u00e9 y Joe, sobre el ELN, sobre el pensamiento de Camilo y sobre la verdadera coyuntura revolucionaria de la \u00e9poca y sobre la actitud de la oligarqu\u00eda hacia Camilo.<\/p>\t\t\t\t\t\t<\/div>\n\t\t\t\t<\/div>\n\t\t\t\t<div class=\"elementor-element elementor-element-9724743 exad-sticky-section-no exad-glass-effect-no elementor-widget elementor-widget-html\" data-id=\"9724743\" data-element_type=\"widget\" data-widget_type=\"html.default\">\n\t\t\t\t<div class=\"elementor-widget-container\">\n\t\t\t<iframe src=\"https:\/\/audiomack.com\/embed\/cinemestizo\/song\/0220-teologia-3\" scrolling=\"no\" width=\"100%\" height=\"252\" frameborder=\"0\" title=\"0220 Teologia  3\"><\/iframe>\t\t<\/div>\n\t\t\t\t<\/div>\n\t\t\t\t\t<\/div>\n\t\t<\/div>\n\t\t\t\t\t<\/div>\n\t\t<\/section>\n\t\t\t\t<section class=\"elementor-section elementor-top-section elementor-element elementor-element-7c61cc5 elementor-section-boxed elementor-section-height-default elementor-section-height-default exad-glass-effect-no wpr-particle-no wpr-jarallax-no wpr-parallax-no wpr-sticky-section-no exad-sticky-section-no\" data-id=\"7c61cc5\" data-element_type=\"section\">\n\t\t\t\t\t\t<div class=\"elementor-container elementor-column-gap-default\">\n\t\t\t\t\t<div class=\"elementor-column elementor-col-100 elementor-top-column elementor-element elementor-element-91e6bb1 exad-glass-effect-no exad-sticky-section-no\" data-id=\"91e6bb1\" data-element_type=\"column\">\n\t\t\t<div class=\"elementor-widget-wrap elementor-element-populated\">\n\t\t\t\t\t\t<div class=\"elementor-element elementor-element-4788e98 exad-sticky-section-no exad-glass-effect-no elementor-widget elementor-widget-text-editor\" data-id=\"4788e98\" data-element_type=\"widget\" data-widget_type=\"text-editor.default\">\n\t\t\t\t<div class=\"elementor-widget-container\">\n\t\t\t\t\t\t\t<p><span style=\"font-weight: bolder;\">C\u00d3DIGO:<\/span>\u00a00220<\/p><p><span style=\"color: var( --e-global-color-text ); font-family: var( --e-global-typography-text-font-family ), Sans-serif; font-weight: bolder;\">AUTOR\/DIRECTOR\/PRODUCTOR:<\/span><span style=\"color: var( --e-global-color-text ); font-family: var( --e-global-typography-text-font-family ), Sans-serif; font-weight: var( --e-global-typography-text-font-weight );\">\u00a0Fundaci\u00f3n Cine Documental Investigaci\u00f3n Social<\/span><\/p><p><span style=\"font-weight: bolder;\">IDIOMA:<\/span>\u00a0Espa\u00f1ol\u00a0<\/p><p><span style=\"font-weight: bolder;\">PERSONA JUR\u00cdDICA\/NATURAL\/ROL:<\/span>\u00a0Camilo Torres Restrepo, Alvaro Ulcu\u00e9, Ren\u00e9 Garc\u00eda<\/p><p><span style=\"color: var( --e-global-color-text ); font-family: var( --e-global-typography-text-font-family ), Sans-serif; font-weight: bolder;\">TOPON\u00cdMICOS:<\/span><span style=\"color: var( --e-global-color-text ); font-family: var( --e-global-typography-text-font-family ), Sans-serif; font-weight: var( --e-global-typography-text-font-weight );\">\u00a0<\/span>Colombia, Cuba, Nicaragua<\/p><p><span style=\"color: var( --e-global-color-text ); font-family: var( --e-global-typography-text-font-family ), Sans-serif; font-weight: bolder;\">TEM\u00c1TICOS:<\/span><span style=\"color: var( --e-global-color-text ); font-family: var( --e-global-typography-text-font-family ), Sans-serif; font-weight: var( --e-global-typography-text-font-weight );\">\u00a0<\/span><span style=\"color: var( --e-global-color-text ); font-family: var( --e-global-typography-text-font-family ), Sans-serif; font-weight: var( --e-global-typography-text-font-weight );\" data-sheets-root=\"1\">Teolog\u00eda de la liberaci\u00f3n, ELN, Frente Unido, Golconda,\u00a0<\/span><\/p><p><span style=\"font-weight: bolder;\">CRONOL\u00d3GICOS:<\/span>\u00a01987 &#8211; 28 de abril<\/p><p><span style=\"font-weight: bolder;\">UNIDAD DE CONSERVACI\u00d3N:<\/span>\u00a0Caja<\/p><p><span style=\"font-weight: bolder;\">SOPORTE:<\/span>\u00a0Magn\u00e9tico<\/p><p><span style=\"font-weight: bolder;\">FORMATO:<\/span>\u00a0<span style=\"color: var( --e-global-color-text ); font-family: var( --e-global-typography-text-font-family ), Sans-serif; font-weight: var( --e-global-typography-text-font-weight );\">1\/4 pulgada<\/span><\/p><p><span style=\"font-weight: bolder;\">DURACI\u00d3N:<\/span>\u00a0<span data-sheets-root=\"1\">00:33:03<\/span><\/p><p><span style=\"font-weight: bolder;\">NOTAS:<\/span>\u00a0N\/A<\/p>\t\t\t\t\t\t<\/div>\n\t\t\t\t<\/div>\n\t\t\t\t\t<\/div>\n\t\t<\/div>\n\t\t\t\t\t<\/div>\n\t\t<\/section>\n\t\t\t\t<\/div>\n\t\t","protected":false},"excerpt":{"rendered":"<p>Se reanuda la charla hablando Joe Broderick sobre el posible lazo que tuvo Camilo para acercarse al ELN. Es en el a\u00f1o 1965 donde irrumpe su figura en el panorama pol\u00edtico de la realidad nacional con fuerza, al sentar las bases del Frente Unido, en agosto de ese a\u00f1o, y dos meses despu\u00e9s viaja a [&hellip;]<\/p>\n","protected":false},"author":1,"featured_media":11633,"comment_status":"open","ping_status":"open","sticky":false,"template":"","format":"standard","meta":{"_acf_changed":false,"footnotes":""},"categories":[26],"tags":[459,101,513,220,162,152,511,519,244,340],"class_list":["post-8853","post","type-post","status-publish","format-standard","has-post-thumbnail","hentry","category-audios","tag-alvaro-ulcue","tag-camilo-torres-restrepo","tag-colombia","tag-cuba","tag-eln","tag-frente-unido","tag-golconda","tag-nicaragua","tag-rene-garcia","tag-teologia-de-la-liberacion"],"acf":[],"_links":{"self":[{"href":"https:\/\/martarodriguez.com.co\/index.php\/wp-json\/wp\/v2\/posts\/8853","targetHints":{"allow":["GET"]}}],"collection":[{"href":"https:\/\/martarodriguez.com.co\/index.php\/wp-json\/wp\/v2\/posts"}],"about":[{"href":"https:\/\/martarodriguez.com.co\/index.php\/wp-json\/wp\/v2\/types\/post"}],"author":[{"embeddable":true,"href":"https:\/\/martarodriguez.com.co\/index.php\/wp-json\/wp\/v2\/users\/1"}],"replies":[{"embeddable":true,"href":"https:\/\/martarodriguez.com.co\/index.php\/wp-json\/wp\/v2\/comments?post=8853"}],"version-history":[{"count":10,"href":"https:\/\/martarodriguez.com.co\/index.php\/wp-json\/wp\/v2\/posts\/8853\/revisions"}],"predecessor-version":[{"id":8930,"href":"https:\/\/martarodriguez.com.co\/index.php\/wp-json\/wp\/v2\/posts\/8853\/revisions\/8930"}],"wp:featuredmedia":[{"embeddable":true,"href":"https:\/\/martarodriguez.com.co\/index.php\/wp-json\/wp\/v2\/media\/11633"}],"wp:attachment":[{"href":"https:\/\/martarodriguez.com.co\/index.php\/wp-json\/wp\/v2\/media?parent=8853"}],"wp:term":[{"taxonomy":"category","embeddable":true,"href":"https:\/\/martarodriguez.com.co\/index.php\/wp-json\/wp\/v2\/categories?post=8853"},{"taxonomy":"post_tag","embeddable":true,"href":"https:\/\/martarodriguez.com.co\/index.php\/wp-json\/wp\/v2\/tags?post=8853"}],"curies":[{"name":"wp","href":"https:\/\/api.w.org\/{rel}","templated":true}]}}