{"id":8184,"date":"2024-12-16T22:15:10","date_gmt":"2024-12-16T22:15:10","guid":{"rendered":"https:\/\/martarodriguez.com.co\/?p=8184"},"modified":"2024-12-23T20:14:15","modified_gmt":"2024-12-23T20:14:15","slug":"0248-aniversario-armero-cinta-3","status":"publish","type":"post","link":"https:\/\/martarodriguez.com.co\/index.php\/2024\/12\/16\/0248-aniversario-armero-cinta-3\/","title":{"rendered":"0248 aniversario armero cinta 3"},"content":{"rendered":"\t\t<div data-elementor-type=\"wp-post\" data-elementor-id=\"8184\" class=\"elementor elementor-8184\">\n\t\t\t\t\t\t<section class=\"elementor-section elementor-top-section elementor-element elementor-element-31e9a44 elementor-section-boxed elementor-section-height-default elementor-section-height-default exad-glass-effect-no wpr-particle-no wpr-jarallax-no wpr-parallax-no wpr-sticky-section-no exad-sticky-section-no\" data-id=\"31e9a44\" data-element_type=\"section\">\n\t\t\t\t\t\t<div class=\"elementor-container elementor-column-gap-default\">\n\t\t\t\t\t<div class=\"elementor-column elementor-col-100 elementor-top-column elementor-element elementor-element-00c8168 exad-glass-effect-no exad-sticky-section-no\" data-id=\"00c8168\" data-element_type=\"column\">\n\t\t\t<div class=\"elementor-widget-wrap elementor-element-populated\">\n\t\t\t\t\t\t<div class=\"elementor-element elementor-element-0928cc3 exad-sticky-section-no exad-glass-effect-no elementor-widget elementor-widget-text-editor\" data-id=\"0928cc3\" data-element_type=\"widget\" data-widget_type=\"text-editor.default\">\n\t\t\t\t<div class=\"elementor-widget-container\">\n\t\t\t<style>\/*! elementor - v3.21.0 - 15-04-2024 *\/\n.elementor-widget-text-editor.elementor-drop-cap-view-stacked .elementor-drop-cap{background-color:#69727d;color:#fff}.elementor-widget-text-editor.elementor-drop-cap-view-framed .elementor-drop-cap{color:#69727d;border:3px solid;background-color:transparent}.elementor-widget-text-editor:not(.elementor-drop-cap-view-default) .elementor-drop-cap{margin-top:8px}.elementor-widget-text-editor:not(.elementor-drop-cap-view-default) .elementor-drop-cap-letter{width:1em;height:1em}.elementor-widget-text-editor .elementor-drop-cap{float:left;text-align:center;line-height:1;font-size:50px}.elementor-widget-text-editor .elementor-drop-cap-letter{display:inline-block}<\/style>\t\t\t\t<p>Empieza con el pic\u00f3metro. Luego Jorge Silva dice &#8220;Cinta 3 aniversario de Armero&#8221;. Luego vienen unas arengas; &#8220;\u00a1Queremos soluciones! \u00bfQu\u00e9 nos dan? \u00a1Bolillo y pata!&#8221; &#8220;Por nuestros muestro ni un minuto de silencio, toda una vida de lucha&#8221;. Luego se escucha llorar a una mujer. En el 1\u00b436\u00b4\u00b4hay una repetici\u00f3n del audio. Luego la misma mujer dice que no ve\u00eda a sus hijos por ning\u00fan lado despu\u00e9s de la tragedia, y suplica a Dios, corta, luego vienen pasos, corta y viene un llanto de mujer, corta y se escucha ruido de multitud, corta, y luego viene un alegato de un campesino contra el hecho de haberle arrebatado el meg\u00e1fono un polic\u00eda. Luego arengan &#8220;el pueblo unido, jam\u00e1s ser\u00e1 vencido&#8221; &#8220;\u00bfQu\u00e9 exigimos? \u00a1Soluciones! \u00bfQu\u00e9 nos dan? \u00a1Bolillo y pata!&#8221;. Todos dicen que Resurgir se rob\u00f3 la plata de la ayuda para lo danmnificados, y que Pedro G\u00f3mez hizo cerrucho con Belisario Betancur. Luego sigue el testimonio de un damnificado. Luego siguen arengas y reclamos al gobierno y contra la bota militar. &#8220;Alerta que camina la lucha armerita por el norte del Tolima&#8221;. Luego habla otro campesino haciendo un llamado a los armeritas contra el teniente que vino a maltratarlos. Luego habla otro campesino que dice que el gobierno ha sido negligente en la investigaci\u00f3n por las responsabilidades y acusa a Resurgir de construir casa muy malas y peque\u00f1as. Otra mujer dice que ha oido que todos los damnificados son guerrilleros pero eso es mentira, ella tiene 70 a\u00f1os y se quedo sin nada. Luego habla una madre, que camina con sus hijos, y hablan sobre c\u00f3mo viv\u00edan en Armero y los problemas que ha tenido con Resurgir, y sobre el abandono que ha tenido hace un a\u00f1o y medio, pues de tener dos almacenes y una casa pas\u00f3 a tener nada, y hace un llamado a que se juzgue a los culpables administrativos de la tragedia. Luego sigue el testimonio de otra mujer, dice que naci\u00f3 en Armero, que estudi\u00f3 enfermer\u00eda, y que luego puso dos negocios y le estaba yendo bien, pero ahora tiene que estar protestando para recuperar su tierra, y pide la colaboraci\u00f3n de todos los colombianos. Luego Jorge Silva dice &#8220;Pasos Maria Ema&#8221;. Luego hay otro testimonio de una mujer, dice que el d\u00eda 13 de noviembre vio que una ceniza que llov\u00eda cubri\u00f3 su carro y llam\u00f3 a los bomberos, cruz roja, defensa civil y parroquia, y que todos les dec\u00edan que con un pa\u00f1uelo h\u00famedo en la boca se solucionaba, a las 5pm empez\u00f3 a caer un aguacero grande, pero hacia las 10 de la noche &#8220;se o\u00eda en el tejado como si fuera ma\u00edzpira&#8221; y cuando se asom\u00f3 vio que llov\u00eda arena tambi\u00e9n, luego se escuch\u00f3 un ruido como cuando despega un avi\u00f3n, cuando sali\u00f3 a la esquina un carro de la Cruz Roja se hab\u00eda estrellado contra un carro verde, y el de la Cruz Roja le dijo que corriera porque se vino lagunilla, entonces se fue a la casa y le cont\u00f3 a la vecina pero ella no le crey\u00f3, as\u00ed que cerr\u00f3 su casa y se subi\u00f3 con sus hijos y madre a una volqueta que iba pasando para salir de Armero, pero el lodo los alcanz\u00f3 y les hizo refugiarse en la Loma, dice que faltando 10 pa las 6 de la ma\u00f1ana pas\u00f3 una avioneta, y luego pas\u00f3 un helic\u00f3ptero a las 9am, pero no los ve\u00edan, as\u00ed que les toc\u00f3 abrir monte heridos y desnudos.<\/p>\t\t\t\t\t\t<\/div>\n\t\t\t\t<\/div>\n\t\t\t\t<div class=\"elementor-element elementor-element-9724743 exad-sticky-section-no exad-glass-effect-no elementor-widget elementor-widget-html\" data-id=\"9724743\" data-element_type=\"widget\" data-widget_type=\"html.default\">\n\t\t\t\t<div class=\"elementor-widget-container\">\n\t\t\t<iframe src=\"https:\/\/audiomack.com\/embed\/cinemestizo\/song\/0248-aniversario-armero-cinta-3\" scrolling=\"no\" width=\"100%\" height=\"252\" frameborder=\"0\" title=\"0248  Aniversario Armero Cinta 3\"><\/iframe>\t\t<\/div>\n\t\t\t\t<\/div>\n\t\t\t\t\t<\/div>\n\t\t<\/div>\n\t\t\t\t\t<\/div>\n\t\t<\/section>\n\t\t\t\t<section class=\"elementor-section elementor-top-section elementor-element elementor-element-f2a6e10 elementor-section-boxed elementor-section-height-default elementor-section-height-default exad-glass-effect-no wpr-particle-no wpr-jarallax-no wpr-parallax-no wpr-sticky-section-no exad-sticky-section-no\" data-id=\"f2a6e10\" data-element_type=\"section\">\n\t\t\t\t\t\t<div class=\"elementor-container elementor-column-gap-default\">\n\t\t\t\t\t<div class=\"elementor-column elementor-col-100 elementor-top-column elementor-element elementor-element-db845a2 exad-glass-effect-no exad-sticky-section-no\" data-id=\"db845a2\" data-element_type=\"column\">\n\t\t\t<div class=\"elementor-widget-wrap elementor-element-populated\">\n\t\t\t\t\t\t<div class=\"elementor-element elementor-element-3484276 exad-sticky-section-no exad-glass-effect-no elementor-widget elementor-widget-text-editor\" data-id=\"3484276\" data-element_type=\"widget\" data-widget_type=\"text-editor.default\">\n\t\t\t\t<div class=\"elementor-widget-container\">\n\t\t\t\t\t\t\t<p><span style=\"font-weight: bolder;\">C\u00d3DIGO:<\/span> 0248<\/p><p><span style=\"color: var( --e-global-color-text ); font-family: var( --e-global-typography-text-font-family ), Sans-serif; font-weight: bolder;\">AUTOR\/DIRECTOR\/PRODUCTOR:<\/span><span style=\"color: var( --e-global-color-text ); font-family: var( --e-global-typography-text-font-family ), Sans-serif; font-weight: var( --e-global-typography-text-font-weight );\">\u00a0Fundaci\u00f3n Cine Documental Investigaci\u00f3n Social<\/span><span style=\"color: var( --e-global-color-text ); font-family: var( --e-global-typography-text-font-family ), Sans-serif; font-weight: var( --e-global-typography-text-font-weight );\">\u00a0<\/span><\/p><p><span style=\"font-weight: bolder;\">IDIOMA:<\/span>\u00a0Espa\u00f1ol\u00a0<\/p><p><span style=\"font-weight: bolder;\">PERSONA JUR\u00cdDICA\/NATURAL\/ROL:<\/span>\u00a0Pedro G\u00f3mez Barrera, Virgilio Barco, Iv\u00e1n Rodr\u00edguez, Maria Ema,\u00a0<\/p><p><span style=\"font-weight: bolder;\">TOPON\u00cdMICOS:<\/span>\u00a0Armero, L\u00e9rida, Bogot\u00e1<\/p><p><span style=\"font-weight: bolder;\">TEM\u00c1TICOS:\u00a0<\/span>Nacer de nuevo (1987),\u00a0 Armero<span style=\"color: var( --e-global-color-text ); font-family: var( --e-global-typography-text-font-family ), Sans-serif;\">\u00a0<\/span><\/p><p><span style=\"font-weight: bolder;\">CRONOL\u00d3GICOS:\u00a0<\/span>1986, nov 13<span style=\"color: var( --e-global-color-text ); font-family: var( --e-global-typography-text-font-family ), Sans-serif;\">\u00a0<\/span><\/p><p><span style=\"font-weight: bolder;\">UNIDAD DE CONSERVACI\u00d3N: <\/span>Caja\u00a0<\/p><p><span style=\"font-weight: bolder;\">SOPORTE:<\/span>\u00a0Magn\u00e9tico<\/p><p><span style=\"font-weight: bolder;\">FORMATO:<\/span>\u00a01\/4 pulgada<\/p><p><span style=\"font-weight: bolder;\">DURACI\u00d3N:<\/span>\u00a000:34:25<\/p><p><span style=\"font-weight: bolder;\">NOTAS:<\/span>\u00a0N\/A<\/p>\t\t\t\t\t\t<\/div>\n\t\t\t\t<\/div>\n\t\t\t\t\t<\/div>\n\t\t<\/div>\n\t\t\t\t\t<\/div>\n\t\t<\/section>\n\t\t\t\t<\/div>\n\t\t","protected":false},"excerpt":{"rendered":"<p>Empieza con el pic\u00f3metro. Luego Jorge Silva dice &#8220;Cinta 3 aniversario de Armero&#8221;. Luego vienen unas arengas; &#8220;\u00a1Queremos soluciones! \u00bfQu\u00e9 nos dan? \u00a1Bolillo y pata!&#8221; &#8220;Por nuestros muestro ni un minuto de silencio, toda una vida de lucha&#8221;. Luego se escucha llorar a una mujer. En el 1\u00b436\u00b4\u00b4hay una repetici\u00f3n del audio. Luego la misma [&hellip;]<\/p>\n","protected":false},"author":1,"featured_media":11636,"comment_status":"open","ping_status":"open","sticky":false,"template":"","format":"standard","meta":{"_acf_changed":false,"footnotes":""},"categories":[26],"tags":[31,458,479,466,480,441,477,478],"class_list":["post-8184","post","type-post","status-publish","format-standard","has-post-thumbnail","hentry","category-audios","tag-armero","tag-bogota","tag-ivan-rodriguez","tag-lerida","tag-maria-ema","tag-nacer-de-nuevo-1987","tag-pedro-gomez-barrera","tag-virgilio-barco"],"acf":[],"_links":{"self":[{"href":"https:\/\/martarodriguez.com.co\/index.php\/wp-json\/wp\/v2\/posts\/8184","targetHints":{"allow":["GET"]}}],"collection":[{"href":"https:\/\/martarodriguez.com.co\/index.php\/wp-json\/wp\/v2\/posts"}],"about":[{"href":"https:\/\/martarodriguez.com.co\/index.php\/wp-json\/wp\/v2\/types\/post"}],"author":[{"embeddable":true,"href":"https:\/\/martarodriguez.com.co\/index.php\/wp-json\/wp\/v2\/users\/1"}],"replies":[{"embeddable":true,"href":"https:\/\/martarodriguez.com.co\/index.php\/wp-json\/wp\/v2\/comments?post=8184"}],"version-history":[{"count":7,"href":"https:\/\/martarodriguez.com.co\/index.php\/wp-json\/wp\/v2\/posts\/8184\/revisions"}],"predecessor-version":[{"id":8393,"href":"https:\/\/martarodriguez.com.co\/index.php\/wp-json\/wp\/v2\/posts\/8184\/revisions\/8393"}],"wp:featuredmedia":[{"embeddable":true,"href":"https:\/\/martarodriguez.com.co\/index.php\/wp-json\/wp\/v2\/media\/11636"}],"wp:attachment":[{"href":"https:\/\/martarodriguez.com.co\/index.php\/wp-json\/wp\/v2\/media?parent=8184"}],"wp:term":[{"taxonomy":"category","embeddable":true,"href":"https:\/\/martarodriguez.com.co\/index.php\/wp-json\/wp\/v2\/categories?post=8184"},{"taxonomy":"post_tag","embeddable":true,"href":"https:\/\/martarodriguez.com.co\/index.php\/wp-json\/wp\/v2\/tags?post=8184"}],"curies":[{"name":"wp","href":"https:\/\/api.w.org\/{rel}","templated":true}]}}