{"id":6438,"date":"2024-10-09T18:40:45","date_gmt":"2024-10-09T18:40:45","guid":{"rendered":"https:\/\/martarodriguez.com.co\/?p=6438"},"modified":"2025-01-22T15:45:10","modified_gmt":"2025-01-22T15:45:10","slug":"h0062-cric-nuestras-luchas-de-ayer-y-hoy-cartilla-1","status":"publish","type":"post","link":"https:\/\/martarodriguez.com.co\/index.php\/2024\/10\/09\/h0062-cric-nuestras-luchas-de-ayer-y-hoy-cartilla-1\/","title":{"rendered":"H0062- CRIC. nuestras luchas de ayer y hoy, cartilla 1"},"content":{"rendered":"\t\t<div data-elementor-type=\"wp-post\" data-elementor-id=\"6438\" class=\"elementor elementor-6438\">\n\t\t\t\t\t\t<section class=\"elementor-section elementor-top-section elementor-element elementor-element-3e1c7b59 elementor-section-boxed elementor-section-height-default elementor-section-height-default exad-glass-effect-no wpr-particle-no wpr-jarallax-no wpr-parallax-no wpr-sticky-section-no exad-sticky-section-no\" data-id=\"3e1c7b59\" data-element_type=\"section\">\n\t\t\t\t\t\t<div class=\"elementor-container elementor-column-gap-default\">\n\t\t\t\t\t<div class=\"elementor-column elementor-col-100 elementor-top-column elementor-element elementor-element-45858b58 exad-glass-effect-no exad-sticky-section-no\" data-id=\"45858b58\" data-element_type=\"column\">\n\t\t\t<div class=\"elementor-widget-wrap elementor-element-populated\">\n\t\t\t\t\t\t<div class=\"elementor-element elementor-element-9e30b80 exad-sticky-section-no exad-glass-effect-no elementor-widget elementor-widget-text-editor\" data-id=\"9e30b80\" data-element_type=\"widget\" data-widget_type=\"text-editor.default\">\n\t\t\t\t<div class=\"elementor-widget-container\">\n\t\t\t<style>\/*! elementor - v3.21.0 - 15-04-2024 *\/\n.elementor-widget-text-editor.elementor-drop-cap-view-stacked .elementor-drop-cap{background-color:#69727d;color:#fff}.elementor-widget-text-editor.elementor-drop-cap-view-framed .elementor-drop-cap{color:#69727d;border:3px solid;background-color:transparent}.elementor-widget-text-editor:not(.elementor-drop-cap-view-default) .elementor-drop-cap{margin-top:8px}.elementor-widget-text-editor:not(.elementor-drop-cap-view-default) .elementor-drop-cap-letter{width:1em;height:1em}.elementor-widget-text-editor .elementor-drop-cap{float:left;text-align:center;line-height:1;font-size:50px}.elementor-widget-text-editor .elementor-drop-cap-letter{display:inline-block}<\/style>\t\t\t\t<p>N\u00famero 1 de la cartilla del CRIC &#8220;Nuestras luchas de ayer y hoy&#8221; que tiene como \u00edndice la alianza con los campesinos, el significado de ser indios, los problemas que los aquejan, las luchas que han adelantado, narrativas de los abuelos, nacimiento del CRIC y Programa pol\u00edtico. Paeces, Guambianos, Coconucos y dem\u00e1s ind\u00edgenas del Cauca habitan las monta\u00f1as en las haciendas y resguardos. Se reconocen a s\u00ed mismos como campesinos y denuncian la explotaci\u00f3n a la que son sometidos como proletarios del campo. Entre los principales resguardos se citan Ricaurte, San Jose, Calderas, Polindara, Agua Negra, Araujo, Chinas, Jambalo, Chimborazo, Guayuyaco entre otros.<\/p>\t\t\t\t\t\t<\/div>\n\t\t\t\t<\/div>\n\t\t\t\t<div class=\"elementor-element elementor-element-cbddfd7 exad-sticky-section-no exad-glass-effect-no elementor-widget elementor-widget-pdfjs_viewer\" data-id=\"cbddfd7\" data-element_type=\"widget\" data-widget_type=\"pdfjs_viewer.default\">\n\t\t\t\t<div class=\"elementor-widget-container\">\n\t\t\t<iframe src=\"https:\/\/martarodriguez.com.co\/wp-content\/plugins\/pdf-viewer-for-elementor\/assets\/pdfjs\/web\/viewer.html?file=https:\/\/martarodriguez.com.co\/wp-content\/uploads\/2024\/10\/062-CRIC.-nuestras-luchas-de-ayer-y-hoy-cartilla-1_compressed_page-0001_compressed.pdf&amp;embedded=true\" style=\"display: block; margin-left: auto; margin-right: auto; width: 640px; height: 1020px;\" frameborder=\"1\" marginheight=\"0px\" marginwidth=\"0px\" allowfullscreen><\/iframe>\t\t<\/div>\n\t\t\t\t<\/div>\n\t\t\t\t<div class=\"elementor-element elementor-element-1eebebda exad-sticky-section-no exad-glass-effect-no elementor-widget elementor-widget-text-editor\" data-id=\"1eebebda\" data-element_type=\"widget\" data-widget_type=\"text-editor.default\">\n\t\t\t\t<div class=\"elementor-widget-container\">\n\t\t\t\t\t\t\t<!-- wp:paragraph -->\n<p><strong>C\u00d3DIGO<\/strong>: H0062<\/p>\n<!-- \/wp:paragraph --><!-- wp:paragraph --><!-- \/wp:paragraph --><!-- wp:paragraph -->\n<p><strong>IDIOMA:<\/strong> Espa\u00f1ol<\/p>\n<!-- \/wp:paragraph --><!-- wp:paragraph -->\n<p><strong>PERSONA JUR\u00cdDICA\/NATURAL\/ROL:<\/strong> CRIC, Alvaro Tomb\u00e9, Genaro S\u00e1nchez, Jes\u00fas Pi\u00f1acue, Alcibiades Escue, Luis Felipe Ulchur<\/p>\n<!-- \/wp:paragraph --><!-- wp:paragraph -->\n<p><strong>TOPON\u00cdMICOS:<\/strong> Cauca<\/p>\n<!-- \/wp:paragraph --><!-- wp:paragraph -->\n<p><strong>TEM\u00c1TICOS:<\/strong> Movimientos sociales \/ cooperativismo \/ CRIC \/ organizaci\u00f3n \/ etnocidio \/ problema de tierras<\/p>\n<!-- \/wp:paragraph --><!-- wp:paragraph -->\n<p><strong>CRONOL\u00d3GICOS:<\/strong> 1973<\/p>\n<!-- \/wp:paragraph --><!-- wp:paragraph -->\n<p><strong>SOPORTE:<\/strong> Cartilla<\/p>\n<!-- \/wp:paragraph --><!-- wp:paragraph -->\n<p><strong>CROM\u00cdA: <\/strong>Sepia y Amarillo<\/p>\n<!-- \/wp:paragraph --><!-- wp:paragraph -->\n<p>\u00a0<\/p>\n<!-- \/wp:paragraph -->\t\t\t\t\t\t<\/div>\n\t\t\t\t<\/div>\n\t\t\t\t\t<\/div>\n\t\t<\/div>\n\t\t\t\t\t<\/div>\n\t\t<\/section>\n\t\t\t\t<\/div>\n\t\t","protected":false},"excerpt":{"rendered":"<p>N\u00famero 1 de la cartilla del CRIC &#8220;Nuestras luchas de ayer y hoy&#8221; que tiene como \u00edndice la alianza con los campesinos, el significado de ser indios, los problemas que los aquejan, las luchas que han adelantado, narrativas de los abuelos, nacimiento del CRIC y Programa pol\u00edtico. Paeces, Guambianos, Coconucos y dem\u00e1s ind\u00edgenas del Cauca [&hellip;]<\/p>\n","protected":false},"author":1,"featured_media":11560,"comment_status":"open","ping_status":"open","sticky":false,"template":"","format":"standard","meta":{"_acf_changed":false,"footnotes":""},"categories":[28],"tags":[163,108,89,174,73],"class_list":["post-6438","post","type-post","status-publish","format-standard","has-post-thumbnail","hentry","category-hemeroteca","tag-cooperativismo","tag-cric","tag-etnocidio","tag-movimentos-sociales","tag-problema-de-tierras"],"acf":[],"_links":{"self":[{"href":"https:\/\/martarodriguez.com.co\/index.php\/wp-json\/wp\/v2\/posts\/6438","targetHints":{"allow":["GET"]}}],"collection":[{"href":"https:\/\/martarodriguez.com.co\/index.php\/wp-json\/wp\/v2\/posts"}],"about":[{"href":"https:\/\/martarodriguez.com.co\/index.php\/wp-json\/wp\/v2\/types\/post"}],"author":[{"embeddable":true,"href":"https:\/\/martarodriguez.com.co\/index.php\/wp-json\/wp\/v2\/users\/1"}],"replies":[{"embeddable":true,"href":"https:\/\/martarodriguez.com.co\/index.php\/wp-json\/wp\/v2\/comments?post=6438"}],"version-history":[{"count":11,"href":"https:\/\/martarodriguez.com.co\/index.php\/wp-json\/wp\/v2\/posts\/6438\/revisions"}],"predecessor-version":[{"id":12471,"href":"https:\/\/martarodriguez.com.co\/index.php\/wp-json\/wp\/v2\/posts\/6438\/revisions\/12471"}],"wp:featuredmedia":[{"embeddable":true,"href":"https:\/\/martarodriguez.com.co\/index.php\/wp-json\/wp\/v2\/media\/11560"}],"wp:attachment":[{"href":"https:\/\/martarodriguez.com.co\/index.php\/wp-json\/wp\/v2\/media?parent=6438"}],"wp:term":[{"taxonomy":"category","embeddable":true,"href":"https:\/\/martarodriguez.com.co\/index.php\/wp-json\/wp\/v2\/categories?post=6438"},{"taxonomy":"post_tag","embeddable":true,"href":"https:\/\/martarodriguez.com.co\/index.php\/wp-json\/wp\/v2\/tags?post=6438"}],"curies":[{"name":"wp","href":"https:\/\/api.w.org\/{rel}","templated":true}]}}