{"id":6423,"date":"2024-10-09T18:22:17","date_gmt":"2024-10-09T18:22:17","guid":{"rendered":"https:\/\/martarodriguez.com.co\/?p=6423"},"modified":"2025-01-22T14:28:38","modified_gmt":"2025-01-22T14:28:38","slug":"h0057-cric-denuncia-de-lideres-asesinados-1979","status":"publish","type":"post","link":"https:\/\/martarodriguez.com.co\/index.php\/2024\/10\/09\/h0057-cric-denuncia-de-lideres-asesinados-1979\/","title":{"rendered":"H0057-  CRIC. denuncia de lideres asesinados, 1979"},"content":{"rendered":"\t\t<div data-elementor-type=\"wp-post\" data-elementor-id=\"6423\" class=\"elementor elementor-6423\">\n\t\t\t\t\t\t<section class=\"elementor-section elementor-top-section elementor-element elementor-element-274a4ada elementor-section-boxed elementor-section-height-default elementor-section-height-default exad-glass-effect-no wpr-particle-no wpr-jarallax-no wpr-parallax-no wpr-sticky-section-no exad-sticky-section-no\" data-id=\"274a4ada\" data-element_type=\"section\">\n\t\t\t\t\t\t<div class=\"elementor-container elementor-column-gap-default\">\n\t\t\t\t\t<div class=\"elementor-column elementor-col-100 elementor-top-column elementor-element elementor-element-c9e0749 exad-glass-effect-no exad-sticky-section-no\" data-id=\"c9e0749\" data-element_type=\"column\">\n\t\t\t<div class=\"elementor-widget-wrap elementor-element-populated\">\n\t\t\t\t\t\t<div class=\"elementor-element elementor-element-67cfb09 exad-sticky-section-no exad-glass-effect-no elementor-widget elementor-widget-text-editor\" data-id=\"67cfb09\" data-element_type=\"widget\" data-widget_type=\"text-editor.default\">\n\t\t\t\t<div class=\"elementor-widget-container\">\n\t\t\t<style>\/*! elementor - v3.21.0 - 15-04-2024 *\/\n.elementor-widget-text-editor.elementor-drop-cap-view-stacked .elementor-drop-cap{background-color:#69727d;color:#fff}.elementor-widget-text-editor.elementor-drop-cap-view-framed .elementor-drop-cap{color:#69727d;border:3px solid;background-color:transparent}.elementor-widget-text-editor:not(.elementor-drop-cap-view-default) .elementor-drop-cap{margin-top:8px}.elementor-widget-text-editor:not(.elementor-drop-cap-view-default) .elementor-drop-cap-letter{width:1em;height:1em}.elementor-widget-text-editor .elementor-drop-cap{float:left;text-align:center;line-height:1;font-size:50px}.elementor-widget-text-editor .elementor-drop-cap-letter{display:inline-block}<\/style>\t\t\t\t<p>Documento de los Ind\u00edgenas del Cauca sobre el primer foro nacional por los derechos humanos celebrado en Bogot\u00e1 durante los d\u00edas 29, 30 y 31 de Marzo de 1979. El CRIC denuncia por medio de esta cartilla el atropello, amenazas, crimines y asesinatos contra los pueblos ind\u00edgenas del Cauca y trae una lista de v\u00edctimas durante los \u00faltimos 5 a\u00f1os.<\/p>\t\t\t\t\t\t<\/div>\n\t\t\t\t<\/div>\n\t\t\t\t<div class=\"elementor-element elementor-element-675ff22 exad-sticky-section-no exad-glass-effect-no elementor-widget elementor-widget-pdfjs_viewer\" data-id=\"675ff22\" data-element_type=\"widget\" data-widget_type=\"pdfjs_viewer.default\">\n\t\t\t\t<div class=\"elementor-widget-container\">\n\t\t\t<iframe src=\"https:\/\/martarodriguez.com.co\/wp-content\/plugins\/pdf-viewer-for-elementor\/assets\/pdfjs\/web\/viewer.html?file=https:\/\/martarodriguez.com.co\/wp-content\/uploads\/2024\/10\/057-CRIC.-denuncia-de-lideres-asesinados-1979-compressed-compressed.pdf&amp;embedded=true\" style=\"display: block; margin-left: auto; margin-right: auto; width: 640px; height: 1020px;\" frameborder=\"1\" marginheight=\"0px\" marginwidth=\"0px\" allowfullscreen><\/iframe>\t\t<\/div>\n\t\t\t\t<\/div>\n\t\t\t\t<div class=\"elementor-element elementor-element-332fc58b exad-sticky-section-no exad-glass-effect-no elementor-widget elementor-widget-text-editor\" data-id=\"332fc58b\" data-element_type=\"widget\" data-widget_type=\"text-editor.default\">\n\t\t\t\t<div class=\"elementor-widget-container\">\n\t\t\t\t\t\t\t<!-- wp:paragraph -->\n<p><strong>C\u00d3DIGO<\/strong>: H0057<\/p>\n<!-- \/wp:paragraph --><!-- wp:paragraph --><!-- \/wp:paragraph --><!-- wp:paragraph -->\n<p><strong>IDIOMA:<\/strong> Espa\u00f1ol<\/p>\n<!-- \/wp:paragraph --><!-- wp:paragraph -->\n<p><strong>PERSONA JUR\u00cdDICA\/NATURAL\/ROL:<\/strong> CRIC, Marco Anibal Avirama, Julio Cesar Turbay, Taurino \u00d1uscue, Manuel Trino Morales, Edgar Avirama, Guillermo Amortegui Ramirez, Luis Angel Monroy Cruz, Benjam\u00edn Dindicue<\/p>\n<!-- \/wp:paragraph --><!-- wp:paragraph -->\n<p><strong>TOPON\u00cdMICOS:<\/strong> Cauca<\/p>\n<!-- \/wp:paragraph --><!-- wp:paragraph -->\n<p><strong>TEM\u00c1TICOS:<\/strong> Represi\u00f3n \/ etnocidio \/ movimiento ind\u00edgena \/ militarizaci\u00f3n<\/p>\n<!-- \/wp:paragraph --><!-- wp:paragraph -->\n<p><strong>CRONOL\u00d3GICOS:<\/strong> 1979<\/p>\n<!-- \/wp:paragraph --><!-- wp:paragraph -->\n<p><strong>SOPORTE:<\/strong> Cartilla<\/p>\n<!-- \/wp:paragraph --><!-- wp:paragraph -->\n<p><strong>CROM\u00cdA: <\/strong>Sepia y Rojo<\/p>\n<!-- \/wp:paragraph --><!-- wp:paragraph -->\n<p>\u00a0<\/p>\n<!-- \/wp:paragraph -->\t\t\t\t\t\t<\/div>\n\t\t\t\t<\/div>\n\t\t\t\t\t<\/div>\n\t\t<\/div>\n\t\t\t\t\t<\/div>\n\t\t<\/section>\n\t\t\t\t<\/div>\n\t\t","protected":false},"excerpt":{"rendered":"<p>Documento de los Ind\u00edgenas del Cauca sobre el primer foro nacional por los derechos humanos celebrado en Bogot\u00e1 durante los d\u00edas 29, 30 y 31 de Marzo de 1979. El CRIC denuncia por medio de esta cartilla el atropello, amenazas, crimines y asesinatos contra los pueblos ind\u00edgenas del Cauca y trae una lista de v\u00edctimas [&hellip;]<\/p>\n","protected":false},"author":1,"featured_media":11531,"comment_status":"open","ping_status":"open","sticky":false,"template":"","format":"standard","meta":{"_acf_changed":false,"footnotes":""},"categories":[28],"tags":[89,170,56,169],"class_list":["post-6423","post","type-post","status-publish","format-standard","has-post-thumbnail","hentry","category-hemeroteca","tag-etnocidio","tag-militarizacion","tag-movimiento-indigena","tag-represion"],"acf":[],"_links":{"self":[{"href":"https:\/\/martarodriguez.com.co\/index.php\/wp-json\/wp\/v2\/posts\/6423","targetHints":{"allow":["GET"]}}],"collection":[{"href":"https:\/\/martarodriguez.com.co\/index.php\/wp-json\/wp\/v2\/posts"}],"about":[{"href":"https:\/\/martarodriguez.com.co\/index.php\/wp-json\/wp\/v2\/types\/post"}],"author":[{"embeddable":true,"href":"https:\/\/martarodriguez.com.co\/index.php\/wp-json\/wp\/v2\/users\/1"}],"replies":[{"embeddable":true,"href":"https:\/\/martarodriguez.com.co\/index.php\/wp-json\/wp\/v2\/comments?post=6423"}],"version-history":[{"count":8,"href":"https:\/\/martarodriguez.com.co\/index.php\/wp-json\/wp\/v2\/posts\/6423\/revisions"}],"predecessor-version":[{"id":11871,"href":"https:\/\/martarodriguez.com.co\/index.php\/wp-json\/wp\/v2\/posts\/6423\/revisions\/11871"}],"wp:featuredmedia":[{"embeddable":true,"href":"https:\/\/martarodriguez.com.co\/index.php\/wp-json\/wp\/v2\/media\/11531"}],"wp:attachment":[{"href":"https:\/\/martarodriguez.com.co\/index.php\/wp-json\/wp\/v2\/media?parent=6423"}],"wp:term":[{"taxonomy":"category","embeddable":true,"href":"https:\/\/martarodriguez.com.co\/index.php\/wp-json\/wp\/v2\/categories?post=6423"},{"taxonomy":"post_tag","embeddable":true,"href":"https:\/\/martarodriguez.com.co\/index.php\/wp-json\/wp\/v2\/tags?post=6423"}],"curies":[{"name":"wp","href":"https:\/\/api.w.org\/{rel}","templated":true}]}}