{"id":6289,"date":"2024-10-08T20:49:09","date_gmt":"2024-10-08T20:49:09","guid":{"rendered":"https:\/\/martarodriguez.com.co\/?p=6289"},"modified":"2024-10-10T19:27:00","modified_gmt":"2024-10-10T19:27:00","slug":"h0007-ctr-cura-guerrillero","status":"publish","type":"post","link":"https:\/\/martarodriguez.com.co\/index.php\/2024\/10\/08\/h0007-ctr-cura-guerrillero\/","title":{"rendered":"H0007- CTR cura guerrillero"},"content":{"rendered":"\n<p><strong>C\u00d3DIGO<\/strong>: H0007<\/p>\n\n\n\n<p><strong>DESCRIPCI\u00d3N<\/strong>: El art\u00edculo publicado en el Espectador, 25 a\u00f1os despu\u00e9s de la muerte del sacerdote Camilo Torres Restrepo, escrito por Guillermo Agudelo Giraldo hace parte del Magazine dominical del 17 de febrero. Este es una respuesta a otro art\u00edculo publicado en El Tiempo que critca &#8220;el despliegue laudatorio&#8221; y transcribe parte de los conceptos del libro &#8220;Cuatro Arzobispos que han marcado nuestra historia&#8221; a prop\u00f3sito del Seminario de Bogot\u00e1 que discute el caso de Camilo.<\/p>\n\n\n\n<p><strong>IDIOMA:<\/strong> Espa\u00f1ol<\/p>\n\n\n\n<p><strong>PERSONA JUR\u00cdDICA\/NATURAL\/ROL:<\/strong> Camilo Torres Restrepo \/ Guillermo Agudelo Giraldo \/ Jaime Carvajal \/ Gustavo Gutierrez \/ Cardenal Luis Concha<\/p>\n\n\n\n<p><strong>TOPON\u00cdMICOS:<\/strong> Bogot\u00e1<\/p>\n\n\n\n<p><strong>TEM\u00c1TICOS:<\/strong> Movimiento estudiantil\/ Juventud comunista de Colombia\/ Universidades\/ Camilismo \/ Revoluci\u00f3n<\/p>\n\n\n\n<p><strong>CRONOL\u00d3GICOS:<\/strong> 1991<\/p>\n\n\n\n<p><strong>SOPORTE:<\/strong> Periodico El Espectador<\/p>\n\n\n\n<p><strong>CROM\u00cdA: <\/strong>Sepia<\/p>\n","protected":false},"excerpt":{"rendered":"<p>C\u00d3DIGO: H0007 DESCRIPCI\u00d3N: El art\u00edculo publicado en el Espectador, 25 a\u00f1os despu\u00e9s de la muerte del sacerdote Camilo Torres Restrepo, escrito por Guillermo Agudelo Giraldo hace parte del Magazine dominical del 17 de febrero. Este es una respuesta a otro art\u00edculo publicado en El Tiempo que critca &#8220;el despliegue laudatorio&#8221; y transcribe parte de los [&hellip;]<\/p>\n","protected":false},"author":1,"featured_media":6591,"comment_status":"open","ping_status":"open","sticky":false,"template":"","format":"standard","meta":{"_acf_changed":false,"footnotes":""},"categories":[28],"tags":[147,145,144,148,146],"class_list":["post-6289","post","type-post","status-publish","format-standard","has-post-thumbnail","hentry","category-hemeroteca","tag-camilismo","tag-juventud-comunista-de-colombia","tag-movimiento-estudiantil","tag-revolucion","tag-universidades"],"acf":[],"_links":{"self":[{"href":"https:\/\/martarodriguez.com.co\/index.php\/wp-json\/wp\/v2\/posts\/6289","targetHints":{"allow":["GET"]}}],"collection":[{"href":"https:\/\/martarodriguez.com.co\/index.php\/wp-json\/wp\/v2\/posts"}],"about":[{"href":"https:\/\/martarodriguez.com.co\/index.php\/wp-json\/wp\/v2\/types\/post"}],"author":[{"embeddable":true,"href":"https:\/\/martarodriguez.com.co\/index.php\/wp-json\/wp\/v2\/users\/1"}],"replies":[{"embeddable":true,"href":"https:\/\/martarodriguez.com.co\/index.php\/wp-json\/wp\/v2\/comments?post=6289"}],"version-history":[{"count":3,"href":"https:\/\/martarodriguez.com.co\/index.php\/wp-json\/wp\/v2\/posts\/6289\/revisions"}],"predecessor-version":[{"id":6292,"href":"https:\/\/martarodriguez.com.co\/index.php\/wp-json\/wp\/v2\/posts\/6289\/revisions\/6292"}],"wp:featuredmedia":[{"embeddable":true,"href":"https:\/\/martarodriguez.com.co\/index.php\/wp-json\/wp\/v2\/media\/6591"}],"wp:attachment":[{"href":"https:\/\/martarodriguez.com.co\/index.php\/wp-json\/wp\/v2\/media?parent=6289"}],"wp:term":[{"taxonomy":"category","embeddable":true,"href":"https:\/\/martarodriguez.com.co\/index.php\/wp-json\/wp\/v2\/categories?post=6289"},{"taxonomy":"post_tag","embeddable":true,"href":"https:\/\/martarodriguez.com.co\/index.php\/wp-json\/wp\/v2\/tags?post=6289"}],"curies":[{"name":"wp","href":"https:\/\/api.w.org\/{rel}","templated":true}]}}