{"id":6268,"date":"2024-10-08T20:05:47","date_gmt":"2024-10-08T20:05:47","guid":{"rendered":"https:\/\/martarodriguez.com.co\/?p=6268"},"modified":"2025-01-15T15:02:03","modified_gmt":"2025-01-15T15:02:03","slug":"h0001-ctr_camilo-vive","status":"publish","type":"post","link":"https:\/\/martarodriguez.com.co\/index.php\/2024\/10\/08\/h0001-ctr_camilo-vive\/","title":{"rendered":"H0001-CTR_Camilo Vive"},"content":{"rendered":"\t\t<div data-elementor-type=\"wp-post\" data-elementor-id=\"6268\" class=\"elementor elementor-6268\">\n\t\t\t\t\t\t<section class=\"elementor-section elementor-top-section elementor-element elementor-element-2a6cc43 elementor-section-boxed elementor-section-height-default elementor-section-height-default exad-glass-effect-no wpr-particle-no wpr-jarallax-no wpr-parallax-no wpr-sticky-section-no exad-sticky-section-no\" data-id=\"2a6cc43\" data-element_type=\"section\">\n\t\t\t\t\t\t<div class=\"elementor-container elementor-column-gap-default\">\n\t\t\t\t\t<div class=\"elementor-column elementor-col-100 elementor-top-column elementor-element elementor-element-acbf7dd exad-glass-effect-no exad-sticky-section-no\" data-id=\"acbf7dd\" data-element_type=\"column\">\n\t\t\t<div class=\"elementor-widget-wrap elementor-element-populated\">\n\t\t\t\t\t\t<div class=\"elementor-element elementor-element-2f20156 exad-sticky-section-no exad-glass-effect-no elementor-widget elementor-widget-text-editor\" data-id=\"2f20156\" data-element_type=\"widget\" data-widget_type=\"text-editor.default\">\n\t\t\t\t<div class=\"elementor-widget-container\">\n\t\t\t<style>\/*! elementor - v3.21.0 - 15-04-2024 *\/\n.elementor-widget-text-editor.elementor-drop-cap-view-stacked .elementor-drop-cap{background-color:#69727d;color:#fff}.elementor-widget-text-editor.elementor-drop-cap-view-framed .elementor-drop-cap{color:#69727d;border:3px solid;background-color:transparent}.elementor-widget-text-editor:not(.elementor-drop-cap-view-default) .elementor-drop-cap{margin-top:8px}.elementor-widget-text-editor:not(.elementor-drop-cap-view-default) .elementor-drop-cap-letter{width:1em;height:1em}.elementor-widget-text-editor .elementor-drop-cap{float:left;text-align:center;line-height:1;font-size:50px}.elementor-widget-text-editor .elementor-drop-cap-letter{display:inline-block}<\/style>\t\t\t\t<p>Este documento es la transcripci\u00f3n de una charla dictada por el compa\u00f1ero Pedro Ardila Beltran, abogado defensor de los presos pol\u00edticos, sobre la vida y obra de Camilo Torres Restrepo. Se trata de un discurso elogioso al sacerdote y el sacrificio que escogi\u00f3 por la liberaci\u00f3n nacional. El formato es una carta abierta a campesinos, estudiantes y trabajadores en conmemoraci\u00f3n del aniversario 17 que se celebra en nombre de Camilo donde el autor invita al di\u00e1logo &#8220;con las masas&#8221;.<\/p>\t\t\t\t\t\t<\/div>\n\t\t\t\t<\/div>\n\t\t\t\t<div class=\"elementor-element elementor-element-cea9657 exad-sticky-section-no exad-glass-effect-no elementor-widget elementor-widget-pdfjs_viewer\" data-id=\"cea9657\" data-element_type=\"widget\" data-widget_type=\"pdfjs_viewer.default\">\n\t\t\t\t<div class=\"elementor-widget-container\">\n\t\t\t<iframe src=\"https:\/\/martarodriguez.com.co\/wp-content\/plugins\/pdf-viewer-for-elementor\/assets\/pdfjs\/web\/viewer.html?file=https:\/\/martarodriguez.com.co\/wp-content\/uploads\/2024\/10\/001-CTR_Camilo-Vive-compressed_page-0001_compressed.pdf&amp;embedded=true\" style=\"display: block; margin-left: auto; margin-right: auto; width: 640px; height: 1020px;\" frameborder=\"1\" marginheight=\"0px\" marginwidth=\"0px\" allowfullscreen><\/iframe>\t\t<\/div>\n\t\t\t\t<\/div>\n\t\t\t\t\t<\/div>\n\t\t<\/div>\n\t\t\t\t\t<\/div>\n\t\t<\/section>\n\t\t\t\t<section class=\"elementor-section elementor-top-section elementor-element elementor-element-efd6a0c elementor-section-boxed elementor-section-height-default elementor-section-height-default exad-glass-effect-no wpr-particle-no wpr-jarallax-no wpr-parallax-no wpr-sticky-section-no exad-sticky-section-no\" data-id=\"efd6a0c\" data-element_type=\"section\">\n\t\t\t\t\t\t<div class=\"elementor-container elementor-column-gap-default\">\n\t\t\t\t\t<div class=\"elementor-column elementor-col-100 elementor-top-column elementor-element elementor-element-e48d81c exad-glass-effect-no exad-sticky-section-no\" data-id=\"e48d81c\" data-element_type=\"column\">\n\t\t\t<div class=\"elementor-widget-wrap elementor-element-populated\">\n\t\t\t\t\t\t<div class=\"elementor-element elementor-element-42fb429 exad-sticky-section-no exad-glass-effect-no elementor-widget elementor-widget-text-editor\" data-id=\"42fb429\" data-element_type=\"widget\" data-widget_type=\"text-editor.default\">\n\t\t\t\t<div class=\"elementor-widget-container\">\n\t\t\t\t\t\t\t<p style=\"color: #212529; font-family: Lato, Arial, sans-serif;\"><span style=\"font-weight: bolder;\">C\u00d3DIGO<\/span>: H0001<\/p><p style=\"color: #212529; font-family: Lato, Arial, sans-serif;\"><span style=\"font-weight: bolder;\">IDIOMA:<\/span>\u00a0Espa\u00f1ol<\/p><p style=\"color: #212529; font-family: Lato, Arial, sans-serif;\"><span style=\"font-weight: bolder;\">PERSONA JUR\u00cdDICA\/NATURAL\/ROL:<\/span>\u00a0Camilo Torres Restrepo\/ Pedro Ardila Beltran\/ Isabelita\/ Ernesto Che Guevara<\/p><p style=\"color: #212529; font-family: Lato, Arial, sans-serif;\"><span style=\"font-weight: bolder;\">TOPON\u00cdMICOS:<\/span>\u00a0Bogot\u00e1<\/p><p style=\"color: #212529; font-family: Lato, Arial, sans-serif;\"><span style=\"font-weight: bolder;\">TEM\u00c1TICOS:<\/span>\u00a0Movimiento estudiantil\/ Juventud comunista de Colombia\/ Universidades\/ Camilismo \/ Revoluci\u00f3n<\/p><p style=\"color: #212529; font-family: Lato, Arial, sans-serif;\"><span style=\"font-weight: bolder;\">CRONOL\u00d3GICOS:<\/span>\u00a01983<\/p><p style=\"color: #212529; font-family: Lato, Arial, sans-serif;\"><span style=\"font-weight: bolder;\">SOPORTE:<\/span>\u00a0Peri\u00f3dico<\/p><p style=\"color: #212529; font-family: Lato, Arial, sans-serif;\"><span style=\"font-weight: bolder;\">CROM\u00cdA: <\/span>Color, B\/N<\/p>\t\t\t\t\t\t<\/div>\n\t\t\t\t<\/div>\n\t\t\t\t\t<\/div>\n\t\t<\/div>\n\t\t\t\t\t<\/div>\n\t\t<\/section>\n\t\t\t\t<\/div>\n\t\t","protected":false},"excerpt":{"rendered":"<p>Este documento es la transcripci\u00f3n de una charla dictada por el compa\u00f1ero Pedro Ardila Beltran, abogado defensor de los presos pol\u00edticos, sobre la vida y obra de Camilo Torres Restrepo. Se trata de un discurso elogioso al sacerdote y el sacrificio que escogi\u00f3 por la liberaci\u00f3n nacional. El formato es una carta abierta a campesinos, [&hellip;]<\/p>\n","protected":false},"author":1,"featured_media":10734,"comment_status":"closed","ping_status":"closed","sticky":false,"template":"","format":"standard","meta":{"_acf_changed":false,"footnotes":""},"categories":[28],"tags":[147,145,144,148,146],"class_list":["post-6268","post","type-post","status-publish","format-standard","has-post-thumbnail","hentry","category-hemeroteca","tag-camilismo","tag-juventud-comunista-de-colombia","tag-movimiento-estudiantil","tag-revolucion","tag-universidades"],"acf":[],"_links":{"self":[{"href":"https:\/\/martarodriguez.com.co\/index.php\/wp-json\/wp\/v2\/posts\/6268","targetHints":{"allow":["GET"]}}],"collection":[{"href":"https:\/\/martarodriguez.com.co\/index.php\/wp-json\/wp\/v2\/posts"}],"about":[{"href":"https:\/\/martarodriguez.com.co\/index.php\/wp-json\/wp\/v2\/types\/post"}],"author":[{"embeddable":true,"href":"https:\/\/martarodriguez.com.co\/index.php\/wp-json\/wp\/v2\/users\/1"}],"replies":[{"embeddable":true,"href":"https:\/\/martarodriguez.com.co\/index.php\/wp-json\/wp\/v2\/comments?post=6268"}],"version-history":[{"count":24,"href":"https:\/\/martarodriguez.com.co\/index.php\/wp-json\/wp\/v2\/posts\/6268\/revisions"}],"predecessor-version":[{"id":12342,"href":"https:\/\/martarodriguez.com.co\/index.php\/wp-json\/wp\/v2\/posts\/6268\/revisions\/12342"}],"wp:featuredmedia":[{"embeddable":true,"href":"https:\/\/martarodriguez.com.co\/index.php\/wp-json\/wp\/v2\/media\/10734"}],"wp:attachment":[{"href":"https:\/\/martarodriguez.com.co\/index.php\/wp-json\/wp\/v2\/media?parent=6268"}],"wp:term":[{"taxonomy":"category","embeddable":true,"href":"https:\/\/martarodriguez.com.co\/index.php\/wp-json\/wp\/v2\/categories?post=6268"},{"taxonomy":"post_tag","embeddable":true,"href":"https:\/\/martarodriguez.com.co\/index.php\/wp-json\/wp\/v2\/tags?post=6268"}],"curies":[{"name":"wp","href":"https:\/\/api.w.org\/{rel}","templated":true}]}}