{"id":5348,"date":"2024-07-26T21:59:26","date_gmt":"2024-07-26T21:59:26","guid":{"rendered":"https:\/\/martarodriguez.com.co\/?p=5348"},"modified":"2024-10-02T19:14:03","modified_gmt":"2024-10-02T19:14:03","slug":"302-hacienda-nilo-entrevista-campo-fela","status":"publish","type":"post","link":"https:\/\/martarodriguez.com.co\/index.php\/2024\/07\/26\/302-hacienda-nilo-entrevista-campo-fela\/","title":{"rendered":"0302-Hacienda Nilo Entrevista campo Fela"},"content":{"rendered":"\t\t<div data-elementor-type=\"wp-post\" data-elementor-id=\"5348\" class=\"elementor elementor-5348\">\n\t\t\t\t\t\t<section class=\"elementor-section elementor-top-section elementor-element elementor-element-74f8a36 elementor-section-boxed elementor-section-height-default elementor-section-height-default exad-glass-effect-no wpr-particle-no wpr-jarallax-no wpr-parallax-no wpr-sticky-section-no exad-sticky-section-no\" data-id=\"74f8a36\" data-element_type=\"section\">\n\t\t\t\t\t\t<div class=\"elementor-container elementor-column-gap-default\">\n\t\t\t\t\t<div class=\"elementor-column elementor-col-100 elementor-top-column elementor-element elementor-element-f089499 exad-glass-effect-no exad-sticky-section-no\" data-id=\"f089499\" data-element_type=\"column\">\n\t\t\t<div class=\"elementor-widget-wrap elementor-element-populated\">\n\t\t\t\t\t\t<div class=\"elementor-element elementor-element-fa4cada exad-sticky-section-no exad-glass-effect-no elementor-widget elementor-widget-text-editor\" data-id=\"fa4cada\" data-element_type=\"widget\" data-widget_type=\"text-editor.default\">\n\t\t\t\t<div class=\"elementor-widget-container\">\n\t\t\t<style>\/*! elementor - v3.21.0 - 15-04-2024 *\/\n.elementor-widget-text-editor.elementor-drop-cap-view-stacked .elementor-drop-cap{background-color:#69727d;color:#fff}.elementor-widget-text-editor.elementor-drop-cap-view-framed .elementor-drop-cap{color:#69727d;border:3px solid;background-color:transparent}.elementor-widget-text-editor:not(.elementor-drop-cap-view-default) .elementor-drop-cap{margin-top:8px}.elementor-widget-text-editor:not(.elementor-drop-cap-view-default) .elementor-drop-cap-letter{width:1em;height:1em}.elementor-widget-text-editor .elementor-drop-cap{float:left;text-align:center;line-height:1;font-size:50px}.elementor-widget-text-editor .elementor-drop-cap-letter{display:inline-block}<\/style>\t\t\t\t<p><strong>C\u00d3DIGO:<\/strong> 0302<\/p><p><strong>AUTOR\/DIRECTOR\/PRODUCTOR:<\/strong> Marta Rodr\u00edguez e Ivan Sanjin\u00e9s\/ Fundaci\u00f3n Cine Documental Investigaci\u00f3n Social<\/p><p><strong>DESCRIPCI\u00d3N:<\/strong> Dentro de la Hacienda del Nilo se realiza un encuentro de la comunidad Nasa para llamar la atenci\u00f3n sobre ciertas consignas urgentes dentro de la agenda pol\u00edtica de la organizaci\u00f3n. Una de las defensas m\u00e1s importantes es el derecho a la tierra para el que la trabaja. En este sentido se levanta el discurso de Pi\u00f1akue en denuncia de las violencias que sufre la comunidad por la presencia de grupos armados en el territorio, quien habla en medio de una misa organizada. Ceremonias religiosas tradicionales en el contexto de esta misa cat\u00f3lica dan contexto a los discursos de parte de otros voceros que llaman la paz, la democracia y la lucha ind\u00edgena por el derecho a la tierra.<\/p><p><strong>IDIOMA:<\/strong> espa\u00f1ol \/nasa yuwe<\/p><p><strong>PERSONA JUR\u00cdDICA\/NATURAL\/ROL:<\/strong> Comunidad Nasa, CRIC, Jes\u00fas Pi\u00f1akue<\/p><p><strong>TOPON\u00cdMICOS:<\/strong> Cauca<\/p><p><strong>TEM\u00c1TICOS: <\/strong>Memoria viva, comunidades ind\u00edgenas, organizaciones, CRIC, movimientos sociales, problema de tierras<\/p><p><strong>CRONOL\u00d3GICOS:<\/strong> 1992<\/p><p><strong>UNIDAD DE CONSERVACI\u00d3N:<\/strong> Pl\u00e1stico\u00a0<\/p><p><strong>SOPORTE:<\/strong> MAGNETICO<\/p><p><strong>FORMATO:<\/strong> Hi8<\/p><p><strong>DURACI\u00d3N:<\/strong> 01:03:08<\/p><p><strong>VELOCIDAD:<\/strong> 30<\/p><p><strong>COLOR:<\/strong> COLOR<\/p><p><strong>SONIDO:<\/strong> SI<\/p><p><strong>NOTAS:<\/strong> N\/A<\/p>\t\t\t\t\t\t<\/div>\n\t\t\t\t<\/div>\n\t\t\t\t\t<\/div>\n\t\t<\/div>\n\t\t\t\t\t<\/div>\n\t\t<\/section>\n\t\t\t\t<\/div>\n\t\t","protected":false},"excerpt":{"rendered":"<p>C\u00d3DIGO: 0302 AUTOR\/DIRECTOR\/PRODUCTOR: Marta Rodr\u00edguez e Ivan Sanjin\u00e9s\/ Fundaci\u00f3n Cine Documental Investigaci\u00f3n Social DESCRIPCI\u00d3N: Dentro de la Hacienda del Nilo se realiza un encuentro de la comunidad Nasa para llamar la atenci\u00f3n sobre ciertas consignas urgentes dentro de la agenda pol\u00edtica de la organizaci\u00f3n. Una de las defensas m\u00e1s importantes es el derecho a la [&hellip;]<\/p>\n","protected":false},"author":1,"featured_media":5815,"comment_status":"closed","ping_status":"closed","sticky":false,"template":"","format":"standard","meta":{"_acf_changed":false,"footnotes":""},"categories":[23],"tags":[70,108,107,43,69],"class_list":["post-5348","post","type-post","status-publish","format-standard","has-post-thumbnail","hentry","category-imagenes-en-movimiento","tag-comunidades-indigenas","tag-cric","tag-memoria-viva","tag-movimientos-sociales","tag-organizaciones","rsfv-has-video"],"acf":[],"_links":{"self":[{"href":"https:\/\/martarodriguez.com.co\/index.php\/wp-json\/wp\/v2\/posts\/5348","targetHints":{"allow":["GET"]}}],"collection":[{"href":"https:\/\/martarodriguez.com.co\/index.php\/wp-json\/wp\/v2\/posts"}],"about":[{"href":"https:\/\/martarodriguez.com.co\/index.php\/wp-json\/wp\/v2\/types\/post"}],"author":[{"embeddable":true,"href":"https:\/\/martarodriguez.com.co\/index.php\/wp-json\/wp\/v2\/users\/1"}],"replies":[{"embeddable":true,"href":"https:\/\/martarodriguez.com.co\/index.php\/wp-json\/wp\/v2\/comments?post=5348"}],"version-history":[{"count":14,"href":"https:\/\/martarodriguez.com.co\/index.php\/wp-json\/wp\/v2\/posts\/5348\/revisions"}],"predecessor-version":[{"id":5681,"href":"https:\/\/martarodriguez.com.co\/index.php\/wp-json\/wp\/v2\/posts\/5348\/revisions\/5681"}],"wp:featuredmedia":[{"embeddable":true,"href":"https:\/\/martarodriguez.com.co\/index.php\/wp-json\/wp\/v2\/media\/5815"}],"wp:attachment":[{"href":"https:\/\/martarodriguez.com.co\/index.php\/wp-json\/wp\/v2\/media?parent=5348"}],"wp:term":[{"taxonomy":"category","embeddable":true,"href":"https:\/\/martarodriguez.com.co\/index.php\/wp-json\/wp\/v2\/categories?post=5348"},{"taxonomy":"post_tag","embeddable":true,"href":"https:\/\/martarodriguez.com.co\/index.php\/wp-json\/wp\/v2\/tags?post=5348"}],"curies":[{"name":"wp","href":"https:\/\/api.w.org\/{rel}","templated":true}]}}