{"id":5331,"date":"2024-07-26T20:43:32","date_gmt":"2024-07-26T20:43:32","guid":{"rendered":"https:\/\/martarodriguez.com.co\/?p=5331"},"modified":"2024-12-03T21:48:58","modified_gmt":"2024-12-03T21:48:58","slug":"331-chicaquiv-tierradentro","status":"publish","type":"post","link":"https:\/\/martarodriguez.com.co\/index.php\/2024\/07\/26\/331-chicaquiv-tierradentro\/","title":{"rendered":"0331-Chicaquiv Tierradentro"},"content":{"rendered":"\t\t<div data-elementor-type=\"wp-post\" data-elementor-id=\"5331\" class=\"elementor elementor-5331\">\n\t\t\t\t\t\t<section class=\"elementor-section elementor-top-section elementor-element elementor-element-74f8a36 elementor-section-boxed elementor-section-height-default elementor-section-height-default exad-glass-effect-no wpr-particle-no wpr-jarallax-no wpr-parallax-no wpr-sticky-section-no exad-sticky-section-no\" data-id=\"74f8a36\" data-element_type=\"section\">\n\t\t\t\t\t\t<div class=\"elementor-container elementor-column-gap-default\">\n\t\t\t\t\t<div class=\"elementor-column elementor-col-100 elementor-top-column elementor-element elementor-element-f089499 exad-glass-effect-no exad-sticky-section-no\" data-id=\"f089499\" data-element_type=\"column\">\n\t\t\t<div class=\"elementor-widget-wrap elementor-element-populated\">\n\t\t\t\t\t\t<div class=\"elementor-element elementor-element-fa4cada exad-sticky-section-no exad-glass-effect-no elementor-widget elementor-widget-text-editor\" data-id=\"fa4cada\" data-element_type=\"widget\" data-widget_type=\"text-editor.default\">\n\t\t\t\t<div class=\"elementor-widget-container\">\n\t\t\t<style>\/*! elementor - v3.21.0 - 15-04-2024 *\/\n.elementor-widget-text-editor.elementor-drop-cap-view-stacked .elementor-drop-cap{background-color:#69727d;color:#fff}.elementor-widget-text-editor.elementor-drop-cap-view-framed .elementor-drop-cap{color:#69727d;border:3px solid;background-color:transparent}.elementor-widget-text-editor:not(.elementor-drop-cap-view-default) .elementor-drop-cap{margin-top:8px}.elementor-widget-text-editor:not(.elementor-drop-cap-view-default) .elementor-drop-cap-letter{width:1em;height:1em}.elementor-widget-text-editor .elementor-drop-cap{float:left;text-align:center;line-height:1;font-size:50px}.elementor-widget-text-editor .elementor-drop-cap-letter{display:inline-block}<\/style>\t\t\t\t<p><strong>C\u00d3DIGO:<\/strong> 0331<\/p><p><strong>AUTOR\/DIRECTOR\/PRODUCTOR:<\/strong> Marta Rodr\u00edguez \/ Fundaci\u00f3n Cine Documental Investigaci\u00f3n Social<\/p><p><strong>DESCRIPCI\u00d3N:<\/strong> Se filma en Tierradentro, pueblo de la regi\u00f3n del Cauca, una entrevista colectiva en que ind\u00edgenas nasa hablan de la cosecha y su econom\u00eda basada en la agricultura. La comunidad se encuentra con hachas para trabajar la tierra y documenta la hora del almuerzo. Luego Marta entrevista individualmente a una madre joven ind\u00edgena cabeza de hogar que habla sobre los mecanismos de etnocidio a trav\u00e9s de la educaci\u00f3n de sus hijos y la ense\u00f1anza del espa\u00f1ol por encima de la lengua nasa. La mujer relativiza el discurso de la opresi\u00f3n por parte de la &#8220;gente blanca&#8221; al reconocer la importancia de esta gente a los mercados que les da empleo a las familias ind\u00edgenas. Marta insiste en la agresi\u00f3n que sufrido la cultura y ella responde a prop\u00f3sito del debate de la construcci\u00f3n de las carreteras en la regi\u00f3n. Adem\u00e1s, afirma que todos los habitantes ind\u00edgenas en Calderas tiene tierras amplias pero no se trabajan. Esta entrevista se puede leer como una auto-cr\u00edtica de la comunidad ind\u00edgena; la mujer cita a su pueblo decir &#8220;la cultura es la chicha&#8221; o no quitarse el traje tradicional en la ciudad. Luego, en el registro se presencia un espacio al aire libre donde los ni\u00f1os, ni\u00f1as y jovenes tejen mochilas en croche de manera simultan\u00e9a, seguido de un concierto con instrumentos autoct\u00f3nos dentro de una casa donde se congrega la comunidad y recibe una clase sobre las cualidades de estos instrumentos y una conversaci\u00f3n sobre el significado de lo propio de la cultura.<\/p><p><strong>IDIOMA:<\/strong> espa\u00f1ol \/nasa yuwe<\/p><p><strong>PERSONA JUR\u00cdDICA\/NATURAL\/ROL:<\/strong> Comunidad Nasa<\/p><p><strong>TOPON\u00cdMICOS:<\/strong> Cauca<\/p><p><strong>TEM\u00c1TICOS:<\/strong> Comunidades ind\u00edgenas, organizaciones, derechos humanos, resistencia, problema de tierras, movimientos sociales, religiosidad, cultivos de uso il\u00edcito, m\u00fasica tradicional.<\/p><p><strong>CRONOL\u00d3GICOS:<\/strong> 1994-1996<\/p><p><strong>UNIDAD DE CONSERVACI\u00d3N:<\/strong> Pl\u00e1stico\u00a0<\/p><p><strong>SOPORTE:<\/strong> MAGNETICO<\/p><p><strong>FORMATO:<\/strong> Hi8<\/p><p><strong>DURACI\u00d3N:<\/strong> 00:58:01<\/p><p><strong>VELOCIDAD:<\/strong> 30<\/p><p><strong>COLOR:<\/strong> COLOR<\/p><p><strong>SONIDO:<\/strong> SI<\/p><p><strong>NOTAS:<\/strong> N\/A<\/p>\t\t\t\t\t\t<\/div>\n\t\t\t\t<\/div>\n\t\t\t\t\t<\/div>\n\t\t<\/div>\n\t\t\t\t\t<\/div>\n\t\t<\/section>\n\t\t\t\t<\/div>\n\t\t","protected":false},"excerpt":{"rendered":"<p>C\u00d3DIGO: 0331 AUTOR\/DIRECTOR\/PRODUCTOR: Marta Rodr\u00edguez \/ Fundaci\u00f3n Cine Documental Investigaci\u00f3n Social DESCRIPCI\u00d3N: Se filma en Tierradentro, pueblo de la regi\u00f3n del Cauca, una entrevista colectiva en que ind\u00edgenas nasa hablan de la cosecha y su econom\u00eda basada en la agricultura. La comunidad se encuentra con hachas para trabajar la tierra y documenta la hora del [&hellip;]<\/p>\n","protected":false},"author":1,"featured_media":7871,"comment_status":"closed","ping_status":"closed","sticky":false,"template":"","format":"standard","meta":{"_acf_changed":false,"footnotes":""},"categories":[23],"tags":[70,134,71,43,94,69,73,68,105],"class_list":["post-5331","post","type-post","status-publish","format-standard","has-post-thumbnail","hentry","category-imagenes-en-movimiento","tag-comunidades-indigenas","tag-cultivos-de-uso-ilicito","tag-derechos-humanos","tag-movimientos-sociales","tag-musica-tradicional","tag-organizaciones","tag-problema-de-tierras","tag-religiosidad","tag-resistencia","rsfv-has-video"],"acf":[],"_links":{"self":[{"href":"https:\/\/martarodriguez.com.co\/index.php\/wp-json\/wp\/v2\/posts\/5331","targetHints":{"allow":["GET"]}}],"collection":[{"href":"https:\/\/martarodriguez.com.co\/index.php\/wp-json\/wp\/v2\/posts"}],"about":[{"href":"https:\/\/martarodriguez.com.co\/index.php\/wp-json\/wp\/v2\/types\/post"}],"author":[{"embeddable":true,"href":"https:\/\/martarodriguez.com.co\/index.php\/wp-json\/wp\/v2\/users\/1"}],"replies":[{"embeddable":true,"href":"https:\/\/martarodriguez.com.co\/index.php\/wp-json\/wp\/v2\/comments?post=5331"}],"version-history":[{"count":11,"href":"https:\/\/martarodriguez.com.co\/index.php\/wp-json\/wp\/v2\/posts\/5331\/revisions"}],"predecessor-version":[{"id":5699,"href":"https:\/\/martarodriguez.com.co\/index.php\/wp-json\/wp\/v2\/posts\/5331\/revisions\/5699"}],"wp:featuredmedia":[{"embeddable":true,"href":"https:\/\/martarodriguez.com.co\/index.php\/wp-json\/wp\/v2\/media\/7871"}],"wp:attachment":[{"href":"https:\/\/martarodriguez.com.co\/index.php\/wp-json\/wp\/v2\/media?parent=5331"}],"wp:term":[{"taxonomy":"category","embeddable":true,"href":"https:\/\/martarodriguez.com.co\/index.php\/wp-json\/wp\/v2\/categories?post=5331"},{"taxonomy":"post_tag","embeddable":true,"href":"https:\/\/martarodriguez.com.co\/index.php\/wp-json\/wp\/v2\/tags?post=5331"}],"curies":[{"name":"wp","href":"https:\/\/api.w.org\/{rel}","templated":true}]}}