{"id":5271,"date":"2024-07-26T16:37:20","date_gmt":"2024-07-26T16:37:20","guid":{"rendered":"https:\/\/martarodriguez.com.co\/?p=5271"},"modified":"2024-10-02T21:18:52","modified_gmt":"2024-10-02T21:18:52","slug":"343-comentarios-musica","status":"publish","type":"post","link":"https:\/\/martarodriguez.com.co\/index.php\/2024\/07\/26\/343-comentarios-musica\/","title":{"rendered":"0342-Ejercicio de montaje"},"content":{"rendered":"\t\t<div data-elementor-type=\"wp-post\" data-elementor-id=\"5271\" class=\"elementor elementor-5271\">\n\t\t\t\t\t\t<section class=\"elementor-section elementor-top-section elementor-element elementor-element-74f8a36 elementor-section-boxed elementor-section-height-default elementor-section-height-default exad-glass-effect-no wpr-particle-no wpr-jarallax-no wpr-parallax-no wpr-sticky-section-no exad-sticky-section-no\" data-id=\"74f8a36\" data-element_type=\"section\">\n\t\t\t\t\t\t<div class=\"elementor-container elementor-column-gap-default\">\n\t\t\t\t\t<div class=\"elementor-column elementor-col-100 elementor-top-column elementor-element elementor-element-f089499 exad-glass-effect-no exad-sticky-section-no\" data-id=\"f089499\" data-element_type=\"column\">\n\t\t\t<div class=\"elementor-widget-wrap elementor-element-populated\">\n\t\t\t\t\t\t<div class=\"elementor-element elementor-element-fa4cada exad-sticky-section-no exad-glass-effect-no elementor-widget elementor-widget-text-editor\" data-id=\"fa4cada\" data-element_type=\"widget\" data-widget_type=\"text-editor.default\">\n\t\t\t\t<div class=\"elementor-widget-container\">\n\t\t\t<style>\/*! elementor - v3.21.0 - 15-04-2024 *\/\n.elementor-widget-text-editor.elementor-drop-cap-view-stacked .elementor-drop-cap{background-color:#69727d;color:#fff}.elementor-widget-text-editor.elementor-drop-cap-view-framed .elementor-drop-cap{color:#69727d;border:3px solid;background-color:transparent}.elementor-widget-text-editor:not(.elementor-drop-cap-view-default) .elementor-drop-cap{margin-top:8px}.elementor-widget-text-editor:not(.elementor-drop-cap-view-default) .elementor-drop-cap-letter{width:1em;height:1em}.elementor-widget-text-editor .elementor-drop-cap{float:left;text-align:center;line-height:1;font-size:50px}.elementor-widget-text-editor .elementor-drop-cap-letter{display:inline-block}<\/style>\t\t\t\t<p><strong>C\u00d3DIGO:<\/strong> 0342<\/p><p><strong>AUTOR\/DIRECTOR\/PRODUCTOR:<\/strong> Marta Rodr\u00edguez y Daniel Pi\u00f1akue \/ Fundaci\u00f3n Cine Documental Investigaci\u00f3n Social<\/p><p><strong>DESCRIPCI\u00d3N:<\/strong> Se filma en Tierradentro, pueblo de la regi\u00f3n del Cauca, un evento p\u00fablico que abre con la danza folklorica del grupo de Corinto. El encuentro continua con una serie de discursos sobre los derechos de las comunidades ind\u00edgenas que participan. Se pueden ven los intrumentos aut\u00f3ctonos en el marco del noveno congreso del CRIC, donde se exponen las din\u00e1micas electorales de la organizaci\u00f3n. Representantes de las distintas \u00e9tnias hablan en las distintas lenguas para hacer sus exigencias.<\/p><p><strong>IDIOMA:<\/strong> espa\u00f1ol\/ embera\/ nasa yuwe\/ Namtrik<\/p><p><strong>PERSONA JUR\u00cdDICA\/NATURAL\/ROL:<\/strong> Comunidad Nasa, Comunidad Embera<\/p><p><strong>TOPON\u00cdMICOS:<\/strong> Cauca<\/p><p><strong>TEM\u00c1TICOS:<\/strong> Comunidades ind\u00edgenas, organizaciones, m\u00fasica tradicional, movimientos sociales<\/p><p><strong>CRONOL\u00d3GICOS:<\/strong> 1993-1994<\/p><p><strong>UNIDAD DE CONSERVACI\u00d3N:<\/strong> Pl\u00e1stico<\/p><p><strong>SOPORTE:<\/strong> MAGNETICO<\/p><p><strong>FORMATO:<\/strong> Hi8<\/p><p><strong>DURACI\u00d3N:<\/strong> 01:38:15<\/p><p><strong>VELOCIDAD:<\/strong> 30<\/p><p><strong>COLOR:<\/strong> COLOR<\/p><p><strong>SONIDO:<\/strong> SI<\/p><p><strong>NOTAS:<\/strong> N\/A<\/p>\t\t\t\t\t\t<\/div>\n\t\t\t\t<\/div>\n\t\t\t\t\t<\/div>\n\t\t<\/div>\n\t\t\t\t\t<\/div>\n\t\t<\/section>\n\t\t\t\t<\/div>\n\t\t","protected":false},"excerpt":{"rendered":"<p>C\u00d3DIGO: 0342 AUTOR\/DIRECTOR\/PRODUCTOR: Marta Rodr\u00edguez y Daniel Pi\u00f1akue \/ Fundaci\u00f3n Cine Documental Investigaci\u00f3n Social DESCRIPCI\u00d3N: Se filma en Tierradentro, pueblo de la regi\u00f3n del Cauca, un evento p\u00fablico que abre con la danza folklorica del grupo de Corinto. El encuentro continua con una serie de discursos sobre los derechos de las comunidades ind\u00edgenas que participan. [&hellip;]<\/p>\n","protected":false},"author":1,"featured_media":5829,"comment_status":"closed","ping_status":"closed","sticky":false,"template":"","format":"standard","meta":{"_acf_changed":false,"footnotes":""},"categories":[23],"tags":[70,43,94,69],"class_list":["post-5271","post","type-post","status-publish","format-standard","has-post-thumbnail","hentry","category-imagenes-en-movimiento","tag-comunidades-indigenas","tag-movimientos-sociales","tag-musica-tradicional","tag-organizaciones","rsfv-has-video"],"acf":[],"_links":{"self":[{"href":"https:\/\/martarodriguez.com.co\/index.php\/wp-json\/wp\/v2\/posts\/5271","targetHints":{"allow":["GET"]}}],"collection":[{"href":"https:\/\/martarodriguez.com.co\/index.php\/wp-json\/wp\/v2\/posts"}],"about":[{"href":"https:\/\/martarodriguez.com.co\/index.php\/wp-json\/wp\/v2\/types\/post"}],"author":[{"embeddable":true,"href":"https:\/\/martarodriguez.com.co\/index.php\/wp-json\/wp\/v2\/users\/1"}],"replies":[{"embeddable":true,"href":"https:\/\/martarodriguez.com.co\/index.php\/wp-json\/wp\/v2\/comments?post=5271"}],"version-history":[{"count":12,"href":"https:\/\/martarodriguez.com.co\/index.php\/wp-json\/wp\/v2\/posts\/5271\/revisions"}],"predecessor-version":[{"id":5655,"href":"https:\/\/martarodriguez.com.co\/index.php\/wp-json\/wp\/v2\/posts\/5271\/revisions\/5655"}],"wp:featuredmedia":[{"embeddable":true,"href":"https:\/\/martarodriguez.com.co\/index.php\/wp-json\/wp\/v2\/media\/5829"}],"wp:attachment":[{"href":"https:\/\/martarodriguez.com.co\/index.php\/wp-json\/wp\/v2\/media?parent=5271"}],"wp:term":[{"taxonomy":"category","embeddable":true,"href":"https:\/\/martarodriguez.com.co\/index.php\/wp-json\/wp\/v2\/categories?post=5271"},{"taxonomy":"post_tag","embeddable":true,"href":"https:\/\/martarodriguez.com.co\/index.php\/wp-json\/wp\/v2\/tags?post=5271"}],"curies":[{"name":"wp","href":"https:\/\/api.w.org\/{rel}","templated":true}]}}