{"id":5235,"date":"2024-07-25T18:10:25","date_gmt":"2024-07-25T18:10:25","guid":{"rendered":"https:\/\/martarodriguez.com.co\/?p=5235"},"modified":"2024-12-03T20:19:41","modified_gmt":"2024-12-03T20:19:41","slug":"358-entrevista-rosalba-fuza","status":"publish","type":"post","link":"https:\/\/martarodriguez.com.co\/index.php\/2024\/07\/25\/358-entrevista-rosalba-fuza\/","title":{"rendered":"0358-Entrevista Rosalba Fuza"},"content":{"rendered":"\t\t<div data-elementor-type=\"wp-post\" data-elementor-id=\"5235\" class=\"elementor elementor-5235\">\n\t\t\t\t\t\t<section class=\"elementor-section elementor-top-section elementor-element elementor-element-74f8a36 elementor-section-boxed elementor-section-height-default elementor-section-height-default exad-glass-effect-no wpr-particle-no wpr-jarallax-no wpr-parallax-no wpr-sticky-section-no exad-sticky-section-no\" data-id=\"74f8a36\" data-element_type=\"section\">\n\t\t\t\t\t\t<div class=\"elementor-container elementor-column-gap-default\">\n\t\t\t\t\t<div class=\"elementor-column elementor-col-100 elementor-top-column elementor-element elementor-element-f089499 exad-glass-effect-no exad-sticky-section-no\" data-id=\"f089499\" data-element_type=\"column\">\n\t\t\t<div class=\"elementor-widget-wrap elementor-element-populated\">\n\t\t\t\t\t\t<div class=\"elementor-element elementor-element-fa4cada exad-sticky-section-no exad-glass-effect-no elementor-widget elementor-widget-text-editor\" data-id=\"fa4cada\" data-element_type=\"widget\" data-widget_type=\"text-editor.default\">\n\t\t\t\t<div class=\"elementor-widget-container\">\n\t\t\t<style>\/*! elementor - v3.21.0 - 15-04-2024 *\/\n.elementor-widget-text-editor.elementor-drop-cap-view-stacked .elementor-drop-cap{background-color:#69727d;color:#fff}.elementor-widget-text-editor.elementor-drop-cap-view-framed .elementor-drop-cap{color:#69727d;border:3px solid;background-color:transparent}.elementor-widget-text-editor:not(.elementor-drop-cap-view-default) .elementor-drop-cap{margin-top:8px}.elementor-widget-text-editor:not(.elementor-drop-cap-view-default) .elementor-drop-cap-letter{width:1em;height:1em}.elementor-widget-text-editor .elementor-drop-cap{float:left;text-align:center;line-height:1;font-size:50px}.elementor-widget-text-editor .elementor-drop-cap-letter{display:inline-block}<\/style>\t\t\t\t<p><strong>C\u00d3DIGO:<\/strong> 0358<\/p><p><strong>AUTOR\/DIRECTOR\/PRODUCTOR:<\/strong> Marta Rodr\u00edguez y Lucas Silva \/ Fundaci\u00f3n Cine Documental Investigaci\u00f3n Social<\/p><p><strong>DESCRIPCI\u00d3N:<\/strong> Entrevista de Marta Rodr\u00edguez a Rosalba Fuza, sobreviviente del terremoto del 6 de Junio de 1994, que provoc\u00f3 la avalancha del r\u00edo P\u00e1ez que arras\u00f3 con varias casas y vidas. Los ind\u00edgenas v\u00edctimas de este desastre natural cuentan c\u00f3mo sobrevivieron y cu\u00e1les han sido los mecanismos de resiliencia. Las im\u00e1genes se intercalan con vuelos de helic\u00f3ptero. La entrevista profundiza en los efectos de esta tragedia sobre la cultura de los Nasa y las dificultades de sobreviviencia que Rosalba Fuza ha tenido que enfrentar.<\/p><p><strong>IDIOMA:<\/strong> Espa\u00f1ol<\/p><p><strong>PERSONA JUR\u00cdDICA\/NATURAL\/ROL:<\/strong> Comunidad Nasa (Paez), Rosalba Fuza.<\/p><p><strong>TOPON\u00cdMICOS:<\/strong> Cauca\/Tierradentro<\/p><p><strong>TEM\u00c1TICOS:<\/strong> Los Hijos del Trueno, Comunidades ind\u00edgenas, organizaciones, desastre natural, etnocidio<\/p><p><strong>CRONOL\u00d3GICOS:<\/strong> 1993-1994<\/p><p><strong>UNIDAD DE CONSERVACI\u00d3N:<\/strong> Pl\u00e1stico<\/p><p><strong>SOPORTE:<\/strong> MAGNETICO<\/p><p><strong>FORMATO:<\/strong> Hi8<\/p><p><strong>DURACI\u00d3N:<\/strong> 01:03:05<\/p><p><strong>VELOCIDAD:<\/strong> 30<\/p><p><strong>COLOR:<\/strong> COLOR<\/p><p><strong>SONIDO:<\/strong> SI<\/p><p><strong>NOTAS:<\/strong> N\/A<\/p>\t\t\t\t\t\t<\/div>\n\t\t\t\t<\/div>\n\t\t\t\t\t<\/div>\n\t\t<\/div>\n\t\t\t\t\t<\/div>\n\t\t<\/section>\n\t\t\t\t<\/div>\n\t\t","protected":false},"excerpt":{"rendered":"<p>C\u00d3DIGO: 0358 AUTOR\/DIRECTOR\/PRODUCTOR: Marta Rodr\u00edguez y Lucas Silva \/ Fundaci\u00f3n Cine Documental Investigaci\u00f3n Social DESCRIPCI\u00d3N: Entrevista de Marta Rodr\u00edguez a Rosalba Fuza, sobreviviente del terremoto del 6 de Junio de 1994, que provoc\u00f3 la avalancha del r\u00edo P\u00e1ez que arras\u00f3 con varias casas y vidas. Los ind\u00edgenas v\u00edctimas de este desastre natural cuentan c\u00f3mo sobrevivieron [&hellip;]<\/p>\n","protected":false},"author":1,"featured_media":7834,"comment_status":"closed","ping_status":"closed","sticky":false,"template":"","format":"standard","meta":{"_acf_changed":false,"footnotes":""},"categories":[23],"tags":[70,90,89,88,69],"class_list":["post-5235","post","type-post","status-publish","format-standard","has-post-thumbnail","hentry","category-imagenes-en-movimiento","tag-comunidades-indigenas","tag-desastre-natural","tag-etnocidio","tag-los-hijos-del-trueno","tag-organizaciones","rsfv-has-video"],"acf":[],"_links":{"self":[{"href":"https:\/\/martarodriguez.com.co\/index.php\/wp-json\/wp\/v2\/posts\/5235","targetHints":{"allow":["GET"]}}],"collection":[{"href":"https:\/\/martarodriguez.com.co\/index.php\/wp-json\/wp\/v2\/posts"}],"about":[{"href":"https:\/\/martarodriguez.com.co\/index.php\/wp-json\/wp\/v2\/types\/post"}],"author":[{"embeddable":true,"href":"https:\/\/martarodriguez.com.co\/index.php\/wp-json\/wp\/v2\/users\/1"}],"replies":[{"embeddable":true,"href":"https:\/\/martarodriguez.com.co\/index.php\/wp-json\/wp\/v2\/comments?post=5235"}],"version-history":[{"count":11,"href":"https:\/\/martarodriguez.com.co\/index.php\/wp-json\/wp\/v2\/posts\/5235\/revisions"}],"predecessor-version":[{"id":5744,"href":"https:\/\/martarodriguez.com.co\/index.php\/wp-json\/wp\/v2\/posts\/5235\/revisions\/5744"}],"wp:featuredmedia":[{"embeddable":true,"href":"https:\/\/martarodriguez.com.co\/index.php\/wp-json\/wp\/v2\/media\/7834"}],"wp:attachment":[{"href":"https:\/\/martarodriguez.com.co\/index.php\/wp-json\/wp\/v2\/media?parent=5235"}],"wp:term":[{"taxonomy":"category","embeddable":true,"href":"https:\/\/martarodriguez.com.co\/index.php\/wp-json\/wp\/v2\/categories?post=5235"},{"taxonomy":"post_tag","embeddable":true,"href":"https:\/\/martarodriguez.com.co\/index.php\/wp-json\/wp\/v2\/tags?post=5235"}],"curies":[{"name":"wp","href":"https:\/\/api.w.org\/{rel}","templated":true}]}}