{"id":5096,"date":"2024-06-25T16:37:07","date_gmt":"2024-06-25T16:37:07","guid":{"rendered":"https:\/\/martarodriguez.com.co\/?p=5096"},"modified":"2025-07-04T15:34:19","modified_gmt":"2025-07-04T15:34:19","slug":"0316-natagaima-93-1-entrevista-daniel-pinakue","status":"publish","type":"post","link":"https:\/\/martarodriguez.com.co\/index.php\/2024\/06\/25\/0316-natagaima-93-1-entrevista-daniel-pinakue\/","title":{"rendered":"0316-Natagaima 93-1 Entrevista Daniel Pin\u0303akue"},"content":{"rendered":"\t\t<div data-elementor-type=\"wp-post\" data-elementor-id=\"5096\" class=\"elementor elementor-5096\">\n\t\t\t\t\t\t<section class=\"elementor-section elementor-top-section elementor-element elementor-element-8e7b842 elementor-section-boxed elementor-section-height-default elementor-section-height-default exad-glass-effect-no wpr-particle-no wpr-jarallax-no wpr-parallax-no wpr-sticky-section-no exad-sticky-section-no\" data-id=\"8e7b842\" data-element_type=\"section\">\n\t\t\t\t\t\t<div class=\"elementor-container elementor-column-gap-default\">\n\t\t\t\t\t<div class=\"elementor-column elementor-col-100 elementor-top-column elementor-element elementor-element-8bab453 exad-glass-effect-no exad-sticky-section-no\" data-id=\"8bab453\" data-element_type=\"column\">\n\t\t\t<div class=\"elementor-widget-wrap elementor-element-populated\">\n\t\t\t\t\t\t<div class=\"elementor-element elementor-element-ed89817 exad-sticky-section-no exad-glass-effect-no elementor-widget elementor-widget-text-editor\" data-id=\"ed89817\" data-element_type=\"widget\" data-widget_type=\"text-editor.default\">\n\t\t\t\t<div class=\"elementor-widget-container\">\n\t\t\t<style>\/*! elementor - v3.21.0 - 15-04-2024 *\/\n.elementor-widget-text-editor.elementor-drop-cap-view-stacked .elementor-drop-cap{background-color:#69727d;color:#fff}.elementor-widget-text-editor.elementor-drop-cap-view-framed .elementor-drop-cap{color:#69727d;border:3px solid;background-color:transparent}.elementor-widget-text-editor:not(.elementor-drop-cap-view-default) .elementor-drop-cap{margin-top:8px}.elementor-widget-text-editor:not(.elementor-drop-cap-view-default) .elementor-drop-cap-letter{width:1em;height:1em}.elementor-widget-text-editor .elementor-drop-cap{float:left;text-align:center;line-height:1;font-size:50px}.elementor-widget-text-editor .elementor-drop-cap-letter{display:inline-block}<\/style>\t\t\t\t<p><strong>C\u00d3DIGO<\/strong>: 0316<\/p><p><strong>AUTOR\/DIRECTOR\/PRODUCTOR<\/strong>: Marta Rodr\u00edguez \/ Fundaci\u00f3n Cine Documental Investigaci\u00f3n Social<\/p><p><strong>DESCRIPCI\u00d3N<\/strong>: En el marco del cuarto congreso de comunidades ind\u00edgenas organizado por la ONIC (Organizaci\u00f3n Nacional Ind\u00edgena de Colombia), los ind\u00edgenas participan del proyecto de ley sobre protecci\u00f3n de territorios y el papel de los l\u00edderes en la esfera pol\u00edtica nacional. En un viaje de Marta Rodr\u00edguez a Natagaima, departamento del Tolima, se registra una memoria de los procesos organizativos de los pueblos ind\u00edgenas en esta regi\u00f3n a trav\u00e9s de entrevistas y grabaciones en video que acompa\u00f1a como camar\u00f3grafo el ind\u00edgena Daniel Pi\u00f1akue. Se muestra tambi\u00e9n una entrevista extensa de Marta Rodr\u00edguez a Daniel Pi\u00f1akue quienes hablan sobre los movimientos ind\u00edgenas en la historia de la lucha ind\u00edgena. Adem\u00e1s, Daniel cuenta c\u00f3mo cambia un fus\u00edl por una c\u00e1mara HI-8 al desmovilizarse de la guerrilla ind\u00edgena de Los Quintines.<\/p><p><strong>IDIOMA:<\/strong> Espa\u00f1ol<\/p><p><strong>PERSONA JUR\u00cdDICA\/NATURAL\/ROL:\u00a0<\/strong>Daniel Pi\u00f1akue, Benjamin Dindicue, comunidad ind\u00edgena de Imbabura, comunidad nasa, comunidad embera, comunidad misak, comunidad arhuaca, comunidad U`was\u00a0<\/p><p><strong>TOPON\u00cdMICOS:<\/strong> Tolima<\/p><p><strong>TEM\u00c1TICOS:<\/strong> comunidad de arhuacos, comunidad zen\u00fa, comunidad Nasa, Comunidad de Ingas, Way\u00fau, movimientos sociales, organizaciones ind\u00edgenas, movimientos sociales<\/p><p><strong>CRONOL\u00d3GICOS: <\/strong>1988-1990<\/p><p><strong>UNIDAD DE CONSERVACI\u00d3N: <\/strong>Pl\u00e1stico\u00a0<\/p><p><strong>SOPORTE:<\/strong> MAGNETICO<\/p><p><strong>FORMATO:<\/strong> Hi8<\/p><p><strong>DURACI\u00d3N:<\/strong> 01:03:24<\/p><p><strong>VELOCIDAD: <\/strong>30<\/p><p><strong>COLOR:<\/strong> COLOR<\/p><p><strong>SONIDO:<\/strong> SI<\/p><p><strong>NOTAS:<\/strong> N\/A<\/p>\t\t\t\t\t\t<\/div>\n\t\t\t\t<\/div>\n\t\t\t\t\t<\/div>\n\t\t<\/div>\n\t\t\t\t\t<\/div>\n\t\t<\/section>\n\t\t\t\t<\/div>\n\t\t","protected":false},"excerpt":{"rendered":"<p>C\u00d3DIGO: 0316 AUTOR\/DIRECTOR\/PRODUCTOR: Marta Rodr\u00edguez \/ Fundaci\u00f3n Cine Documental Investigaci\u00f3n Social DESCRIPCI\u00d3N: En el marco del cuarto congreso de comunidades ind\u00edgenas organizado por la ONIC (Organizaci\u00f3n Nacional Ind\u00edgena de Colombia), los ind\u00edgenas participan del proyecto de ley sobre protecci\u00f3n de territorios y el papel de los l\u00edderes en la esfera pol\u00edtica nacional. En un viaje [&hellip;]<\/p>\n","protected":false},"author":1,"featured_media":7851,"comment_status":"closed","ping_status":"closed","sticky":false,"template":"","format":"standard","meta":{"_acf_changed":false,"footnotes":""},"categories":[23],"tags":[39,40,42,41,139,382,43,44,45],"class_list":["post-5096","post","type-post","status-publish","format-standard","has-post-thumbnail","hentry","category-imagenes-en-movimiento","tag-comunidad-de-arhuacos","tag-comunidad-de-ingas","tag-comunidad-nasa","tag-comunidad-zenu","tag-guerrilla-indigena","tag-manuel-quintin-lame","tag-movimientos-sociales","tag-organizaciones-indigenas","tag-wayuu","rsfv-has-video"],"acf":[],"_links":{"self":[{"href":"https:\/\/martarodriguez.com.co\/index.php\/wp-json\/wp\/v2\/posts\/5096","targetHints":{"allow":["GET"]}}],"collection":[{"href":"https:\/\/martarodriguez.com.co\/index.php\/wp-json\/wp\/v2\/posts"}],"about":[{"href":"https:\/\/martarodriguez.com.co\/index.php\/wp-json\/wp\/v2\/types\/post"}],"author":[{"embeddable":true,"href":"https:\/\/martarodriguez.com.co\/index.php\/wp-json\/wp\/v2\/users\/1"}],"replies":[{"embeddable":true,"href":"https:\/\/martarodriguez.com.co\/index.php\/wp-json\/wp\/v2\/comments?post=5096"}],"version-history":[{"count":11,"href":"https:\/\/martarodriguez.com.co\/index.php\/wp-json\/wp\/v2\/posts\/5096\/revisions"}],"predecessor-version":[{"id":5783,"href":"https:\/\/martarodriguez.com.co\/index.php\/wp-json\/wp\/v2\/posts\/5096\/revisions\/5783"}],"wp:featuredmedia":[{"embeddable":true,"href":"https:\/\/martarodriguez.com.co\/index.php\/wp-json\/wp\/v2\/media\/7851"}],"wp:attachment":[{"href":"https:\/\/martarodriguez.com.co\/index.php\/wp-json\/wp\/v2\/media?parent=5096"}],"wp:term":[{"taxonomy":"category","embeddable":true,"href":"https:\/\/martarodriguez.com.co\/index.php\/wp-json\/wp\/v2\/categories?post=5096"},{"taxonomy":"post_tag","embeddable":true,"href":"https:\/\/martarodriguez.com.co\/index.php\/wp-json\/wp\/v2\/tags?post=5096"}],"curies":[{"name":"wp","href":"https:\/\/api.w.org\/{rel}","templated":true}]}}