{"id":5045,"date":"2024-06-24T21:35:54","date_gmt":"2024-06-24T21:35:54","guid":{"rendered":"https:\/\/martarodriguez.com.co\/?p=5045"},"modified":"2024-10-15T19:14:52","modified_gmt":"2024-10-15T19:14:52","slug":"0014-marcha-bogota-abril-uwa-1997","status":"publish","type":"post","link":"https:\/\/martarodriguez.com.co\/index.php\/2024\/06\/24\/0014-marcha-bogota-abril-uwa-1997\/","title":{"rendered":"0014-Marcha Bogota\u0301 Abril U\u00b4WA 1997"},"content":{"rendered":"\t\t<div data-elementor-type=\"wp-post\" data-elementor-id=\"5045\" class=\"elementor elementor-5045\">\n\t\t\t\t\t\t<section class=\"elementor-section elementor-top-section elementor-element elementor-element-8e7b842 elementor-section-boxed elementor-section-height-default elementor-section-height-default exad-glass-effect-no wpr-particle-no wpr-jarallax-no wpr-parallax-no wpr-sticky-section-no exad-sticky-section-no\" data-id=\"8e7b842\" data-element_type=\"section\">\n\t\t\t\t\t\t<div class=\"elementor-container elementor-column-gap-default\">\n\t\t\t\t\t<div class=\"elementor-column elementor-col-100 elementor-top-column elementor-element elementor-element-8bab453 exad-glass-effect-no exad-sticky-section-no\" data-id=\"8bab453\" data-element_type=\"column\">\n\t\t\t<div class=\"elementor-widget-wrap elementor-element-populated\">\n\t\t\t\t\t\t<div class=\"elementor-element elementor-element-ed89817 exad-sticky-section-no exad-glass-effect-no elementor-widget elementor-widget-text-editor\" data-id=\"ed89817\" data-element_type=\"widget\" data-widget_type=\"text-editor.default\">\n\t\t\t\t<div class=\"elementor-widget-container\">\n\t\t\t<style>\/*! elementor - v3.21.0 - 15-04-2024 *\/\n.elementor-widget-text-editor.elementor-drop-cap-view-stacked .elementor-drop-cap{background-color:#69727d;color:#fff}.elementor-widget-text-editor.elementor-drop-cap-view-framed .elementor-drop-cap{color:#69727d;border:3px solid;background-color:transparent}.elementor-widget-text-editor:not(.elementor-drop-cap-view-default) .elementor-drop-cap{margin-top:8px}.elementor-widget-text-editor:not(.elementor-drop-cap-view-default) .elementor-drop-cap-letter{width:1em;height:1em}.elementor-widget-text-editor .elementor-drop-cap{float:left;text-align:center;line-height:1;font-size:50px}.elementor-widget-text-editor .elementor-drop-cap-letter{display:inline-block}<\/style>\t\t\t\t<p><strong>C\u00d3DIGO<\/strong>: 0014<\/p><p><strong>AUTOR\/DIRECTOR\/PRODUCTOR<\/strong>: Marta Rodr\u00edguez y Fernando Restrepo \/ Fundaci\u00f3n Cine Documental Investigaci\u00f3n Social<\/p><p><strong>DESCRIPCI\u00d3N<\/strong>: La Comunidad U\u00b4wa viaja dede Boyac\u00e1 hasta Bogot\u00e1 para marchar en contra de la entrada de la multinacional Oxy. La comunidad se toma las afueras del Ministerio del Medio Ambiente en protesta contra la explotaci\u00f3n petrolera en su territorio. La marcha se toma el Parque Nacional desde donde se llevan a cabo varios discursos y una presi\u00f3n de parte de los U\u00b4wa para exigir cambios al respecto o, de lo contrario, advierten un suicidio colectivo. En el marco de esta marcha, los l\u00edderes de las comunidades ind\u00edgenas se reunen en la Universidad Nacional a discutir la problem\u00e1tica que los asedia. En este registro se documentan los cantos tradicionales en idioma U\u00b4wa Ajka o Tunebo, como preludio al discurso pol\u00edtico que reclama por la protecci\u00f3n de su territorio, luego se documenta una obra de teatro donde se interpreta el papel de la muerte y, finalmente, una marcha que se toma la ciudad perseguida por la pol\u00edcia. Las im\u00e1genes de la marcha se toman en gran parte desde el retrovisor del cami\u00f3n en que van montados los documentalistas.<\/p><p><strong>IDIOMA:<\/strong> Espa\u00f1ol, Uwa<\/p><p><strong>PERSONA JUR\u00cdDICA\/NATURAL\/ROL: <\/strong>Marta Rodr\u00edguez, Fernando Restrepo, Comunidad Uwa<\/p><p><strong>TOPON\u00cdMICOS:<\/strong> Bogot\u00e1<\/p><p><strong>TEM\u00c1TICOS:<\/strong>Comunidades ind\u00edgenas, organizaciones, Uwa, movimientos sociales, derechos humanos, resistencia, problema de tierras.<\/p><p><strong>CRONOL\u00d3GICOS: <\/strong>1997-1999<\/p><p><strong>UNIDAD DE CONSERVACI\u00d3N: <\/strong>Pl\u00e1stico\u00a0<\/p><p><strong>SOPORTE:<\/strong> MAGNETICO<\/p><p><strong>FORMATO:<\/strong> Hi8<\/p><p><strong>DURACI\u00d3N:<\/strong> 00:43:56<\/p><p><strong>VELOCIDAD:<\/strong>30<\/p><p><strong>COLOR:<\/strong> COLOR<\/p><p><strong>SONIDO:<\/strong> SI<\/p><p><strong>NOTAS:<\/strong> N\/A<\/p>\t\t\t\t\t\t<\/div>\n\t\t\t\t<\/div>\n\t\t\t\t\t<\/div>\n\t\t<\/div>\n\t\t\t\t\t<\/div>\n\t\t<\/section>\n\t\t\t\t<\/div>\n\t\t","protected":false},"excerpt":{"rendered":"<p>C\u00d3DIGO: 0014 AUTOR\/DIRECTOR\/PRODUCTOR: Marta Rodr\u00edguez y Fernando Restrepo \/ Fundaci\u00f3n Cine Documental Investigaci\u00f3n Social DESCRIPCI\u00d3N: La Comunidad U\u00b4wa viaja dede Boyac\u00e1 hasta Bogot\u00e1 para marchar en contra de la entrada de la multinacional Oxy. La comunidad se toma las afueras del Ministerio del Medio Ambiente en protesta contra la explotaci\u00f3n petrolera en su territorio. La [&hellip;]<\/p>\n","protected":false},"author":1,"featured_media":6690,"comment_status":"closed","ping_status":"closed","sticky":false,"template":"","format":"standard","meta":{"_acf_changed":false,"footnotes":""},"categories":[23],"tags":[70,71,43,69,73,93,105,140],"class_list":["post-5045","post","type-post","status-publish","format-standard","has-post-thumbnail","hentry","category-imagenes-en-movimiento","tag-comunidades-indigenas","tag-derechos-humanos","tag-movimientos-sociales","tag-organizaciones","tag-problema-de-tierras","tag-problemas-medio-ambientales","tag-resistencia","tag-uwa-2","rsfv-has-video"],"acf":[],"_links":{"self":[{"href":"https:\/\/martarodriguez.com.co\/index.php\/wp-json\/wp\/v2\/posts\/5045","targetHints":{"allow":["GET"]}}],"collection":[{"href":"https:\/\/martarodriguez.com.co\/index.php\/wp-json\/wp\/v2\/posts"}],"about":[{"href":"https:\/\/martarodriguez.com.co\/index.php\/wp-json\/wp\/v2\/types\/post"}],"author":[{"embeddable":true,"href":"https:\/\/martarodriguez.com.co\/index.php\/wp-json\/wp\/v2\/users\/1"}],"replies":[{"embeddable":true,"href":"https:\/\/martarodriguez.com.co\/index.php\/wp-json\/wp\/v2\/comments?post=5045"}],"version-history":[{"count":7,"href":"https:\/\/martarodriguez.com.co\/index.php\/wp-json\/wp\/v2\/posts\/5045\/revisions"}],"predecessor-version":[{"id":6688,"href":"https:\/\/martarodriguez.com.co\/index.php\/wp-json\/wp\/v2\/posts\/5045\/revisions\/6688"}],"wp:featuredmedia":[{"embeddable":true,"href":"https:\/\/martarodriguez.com.co\/index.php\/wp-json\/wp\/v2\/media\/6690"}],"wp:attachment":[{"href":"https:\/\/martarodriguez.com.co\/index.php\/wp-json\/wp\/v2\/media?parent=5045"}],"wp:term":[{"taxonomy":"category","embeddable":true,"href":"https:\/\/martarodriguez.com.co\/index.php\/wp-json\/wp\/v2\/categories?post=5045"},{"taxonomy":"post_tag","embeddable":true,"href":"https:\/\/martarodriguez.com.co\/index.php\/wp-json\/wp\/v2\/tags?post=5045"}],"curies":[{"name":"wp","href":"https:\/\/api.w.org\/{rel}","templated":true}]}}