{"id":3600,"date":"2023-09-20T22:51:56","date_gmt":"2023-09-20T22:51:56","guid":{"rendered":"https:\/\/martarodriguez.com.co\/?p=3600"},"modified":"2024-12-16T16:42:33","modified_gmt":"2024-12-16T16:42:33","slug":"0087-rollo-1-entierro","status":"publish","type":"post","link":"https:\/\/martarodriguez.com.co\/index.php\/2023\/09\/20\/0087-rollo-1-entierro\/","title":{"rendered":"0087- Rollo 1 &#8211; ENTIERRO PARDO LEAL"},"content":{"rendered":"\t\t<div data-elementor-type=\"wp-post\" data-elementor-id=\"3600\" class=\"elementor elementor-3600\">\n\t\t\t\t\t\t<section class=\"elementor-section elementor-top-section elementor-element elementor-element-5c6e249 elementor-section-boxed elementor-section-height-default elementor-section-height-default exad-glass-effect-no wpr-particle-no wpr-jarallax-no wpr-parallax-no wpr-sticky-section-no exad-sticky-section-no\" data-id=\"5c6e249\" data-element_type=\"section\">\n\t\t\t\t\t\t<div class=\"elementor-container elementor-column-gap-default\">\n\t\t\t\t\t<div class=\"elementor-column elementor-col-100 elementor-top-column elementor-element elementor-element-a14c3fc exad-glass-effect-no exad-sticky-section-no\" data-id=\"a14c3fc\" data-element_type=\"column\">\n\t\t\t<div class=\"elementor-widget-wrap elementor-element-populated\">\n\t\t\t\t\t\t<div class=\"elementor-element elementor-element-fced3ab exad-sticky-section-no exad-glass-effect-no elementor-widget elementor-widget-text-editor\" data-id=\"fced3ab\" data-element_type=\"widget\" data-widget_type=\"text-editor.default\">\n\t\t\t\t<div class=\"elementor-widget-container\">\n\t\t\t<style>\/*! elementor - v3.21.0 - 15-04-2024 *\/\n.elementor-widget-text-editor.elementor-drop-cap-view-stacked .elementor-drop-cap{background-color:#69727d;color:#fff}.elementor-widget-text-editor.elementor-drop-cap-view-framed .elementor-drop-cap{color:#69727d;border:3px solid;background-color:transparent}.elementor-widget-text-editor:not(.elementor-drop-cap-view-default) .elementor-drop-cap{margin-top:8px}.elementor-widget-text-editor:not(.elementor-drop-cap-view-default) .elementor-drop-cap-letter{width:1em;height:1em}.elementor-widget-text-editor .elementor-drop-cap{float:left;text-align:center;line-height:1;font-size:50px}.elementor-widget-text-editor .elementor-drop-cap-letter{display:inline-block}<\/style>\t\t\t\t<p><strong>C\u00d3DIGO:<\/strong> 0087<\/p><p><strong>AUTOR\/DIRECTOR\/PRODUCTOR:<\/strong> Marta Rodr\u00edguez \/ Fundaci\u00f3n Cine Documental Investigaci\u00f3n Social\u00a0<\/p><p><strong>DESCRIPCI\u00d3N:<\/strong> <span data-sheets-root=\"1\">En 1987, un 11 de Octubre, es asesinado Jaime Pardo Leal, l\u00edder popular de la Uni\u00f3n Patri\u00f3tica que termin\u00f3 siendo v\u00edctima de la masacre de la UP. Este video muestra la marcha que se organiz\u00f3 en su nombre y contra el homicidio pol\u00edtico que golpe\u00f3 a varios sectores de la sociedad. Fue perseguido por denunciar las alianzas entre narcotr\u00e1ficantes y pol\u00edticos. A su entierro acudieron multitudes de personas que se manifestaron en protesta en la ciudad de Bogot\u00e1. En el video se ve entrar su ata\u00fad al cementerio central con la presencia de representantes de la CUT -sindicato de trabajadores- y cientos de personas tom\u00e1ndose las sepulturas para levantar rostros, flores y discursos en defensa de la vida de los l\u00edderes pol\u00edticos asesinados. <\/span><\/p><p><strong>IDIOMA:<\/strong> Espa\u00f1ol<\/p><p><strong>PERSONA JUR\u00cdDICA\/NATURAL\/ROL:\u00a0<\/strong>Marta Rodriguez, Mario Calderon, CINEP, paramilitares<\/p><p><strong>TOPON\u00cdMICOS:<\/strong> Bogot\u00e1<\/p><p><strong>TEM\u00c1TICOS:<\/strong> Movimientos Sociales, magnicidios, lideres sociales, protesta, participaci\u00f3n popular, Camilo Torres Restrepo, Mario Calder\u00f3n, Cinep\u00a0<\/p><p><strong>CRONOL\u00d3GICOS: <\/strong>1997-1999<\/p><p><strong>UNIDAD DE CONSERVACI\u00d3N:<\/strong> Contenedor pl\u00e1stico de cinta 16mm<\/p><p><strong>SOPORTE: <\/strong>SAF<\/p><p><strong>FORMATO:<\/strong> 16mm<\/p><p><strong>DURACI\u00d3N:<\/strong> 00:09:33<\/p><p><strong>VELOCIDAD: <\/strong>24<\/p><p><strong>COLOR: <\/strong>COLOR<\/p><p><strong>SONIDO:<\/strong> NO<\/p><p><strong>NOTAS:\u00a0<\/strong>N\/A<\/p>\t\t\t\t\t\t<\/div>\n\t\t\t\t<\/div>\n\t\t\t\t\t<\/div>\n\t\t<\/div>\n\t\t\t\t\t<\/div>\n\t\t<\/section>\n\t\t\t\t<\/div>\n\t\t","protected":false},"excerpt":{"rendered":"<p>C\u00d3DIGO: 0087 AUTOR\/DIRECTOR\/PRODUCTOR: Marta Rodr\u00edguez \/ Fundaci\u00f3n Cine Documental Investigaci\u00f3n Social\u00a0 DESCRIPCI\u00d3N: En 1987, un 11 de Octubre, es asesinado Jaime Pardo Leal, l\u00edder popular de la Uni\u00f3n Patri\u00f3tica que termin\u00f3 siendo v\u00edctima de la masacre de la UP. Este video muestra la marcha que se organiz\u00f3 en su nombre y contra el homicidio pol\u00edtico [&hellip;]<\/p>\n","protected":false},"author":1,"featured_media":7916,"comment_status":"closed","ping_status":"closed","sticky":false,"template":"","format":"standard","meta":{"_acf_changed":false,"footnotes":""},"categories":[23],"tags":[],"class_list":["post-3600","post","type-post","status-publish","format-standard","has-post-thumbnail","hentry","category-imagenes-en-movimiento","rsfv-has-video"],"acf":[],"_links":{"self":[{"href":"https:\/\/martarodriguez.com.co\/index.php\/wp-json\/wp\/v2\/posts\/3600","targetHints":{"allow":["GET"]}}],"collection":[{"href":"https:\/\/martarodriguez.com.co\/index.php\/wp-json\/wp\/v2\/posts"}],"about":[{"href":"https:\/\/martarodriguez.com.co\/index.php\/wp-json\/wp\/v2\/types\/post"}],"author":[{"embeddable":true,"href":"https:\/\/martarodriguez.com.co\/index.php\/wp-json\/wp\/v2\/users\/1"}],"replies":[{"embeddable":true,"href":"https:\/\/martarodriguez.com.co\/index.php\/wp-json\/wp\/v2\/comments?post=3600"}],"version-history":[{"count":11,"href":"https:\/\/martarodriguez.com.co\/index.php\/wp-json\/wp\/v2\/posts\/3600\/revisions"}],"predecessor-version":[{"id":8004,"href":"https:\/\/martarodriguez.com.co\/index.php\/wp-json\/wp\/v2\/posts\/3600\/revisions\/8004"}],"wp:featuredmedia":[{"embeddable":true,"href":"https:\/\/martarodriguez.com.co\/index.php\/wp-json\/wp\/v2\/media\/7916"}],"wp:attachment":[{"href":"https:\/\/martarodriguez.com.co\/index.php\/wp-json\/wp\/v2\/media?parent=3600"}],"wp:term":[{"taxonomy":"category","embeddable":true,"href":"https:\/\/martarodriguez.com.co\/index.php\/wp-json\/wp\/v2\/categories?post=3600"},{"taxonomy":"post_tag","embeddable":true,"href":"https:\/\/martarodriguez.com.co\/index.php\/wp-json\/wp\/v2\/tags?post=3600"}],"curies":[{"name":"wp","href":"https:\/\/api.w.org\/{rel}","templated":true}]}}