{"id":3529,"date":"2023-09-20T22:08:04","date_gmt":"2023-09-20T22:08:04","guid":{"rendered":"https:\/\/martarodriguez.com.co\/?p=3529"},"modified":"2025-06-25T17:44:52","modified_gmt":"2025-06-25T17:44:52","slug":"0291","status":"publish","type":"post","link":"https:\/\/martarodriguez.com.co\/index.php\/2023\/09\/20\/0291\/","title":{"rendered":"0291-2-Foro Cultivos il\u00edcitos (6)"},"content":{"rendered":"\t\t<div data-elementor-type=\"wp-post\" data-elementor-id=\"3529\" class=\"elementor elementor-3529\">\n\t\t\t\t\t\t<section class=\"elementor-section elementor-top-section elementor-element elementor-element-735dc8f elementor-section-boxed elementor-section-height-default elementor-section-height-default exad-glass-effect-no wpr-particle-no wpr-jarallax-no wpr-parallax-no wpr-sticky-section-no exad-sticky-section-no\" data-id=\"735dc8f\" data-element_type=\"section\">\n\t\t\t\t\t\t<div class=\"elementor-container elementor-column-gap-default\">\n\t\t\t\t\t<div class=\"elementor-column elementor-col-100 elementor-top-column elementor-element elementor-element-941a92d exad-glass-effect-no exad-sticky-section-no\" data-id=\"941a92d\" data-element_type=\"column\">\n\t\t\t<div class=\"elementor-widget-wrap elementor-element-populated\">\n\t\t\t\t\t\t<div class=\"elementor-element elementor-element-8dfdcbd exad-sticky-section-no exad-glass-effect-no elementor-widget elementor-widget-text-editor\" data-id=\"8dfdcbd\" data-element_type=\"widget\" data-widget_type=\"text-editor.default\">\n\t\t\t\t<div class=\"elementor-widget-container\">\n\t\t\t<style>\/*! elementor - v3.21.0 - 15-04-2024 *\/\n.elementor-widget-text-editor.elementor-drop-cap-view-stacked .elementor-drop-cap{background-color:#69727d;color:#fff}.elementor-widget-text-editor.elementor-drop-cap-view-framed .elementor-drop-cap{color:#69727d;border:3px solid;background-color:transparent}.elementor-widget-text-editor:not(.elementor-drop-cap-view-default) .elementor-drop-cap{margin-top:8px}.elementor-widget-text-editor:not(.elementor-drop-cap-view-default) .elementor-drop-cap-letter{width:1em;height:1em}.elementor-widget-text-editor .elementor-drop-cap{float:left;text-align:center;line-height:1;font-size:50px}.elementor-widget-text-editor .elementor-drop-cap-letter{display:inline-block}<\/style>\t\t\t\t<p><strong>C\u00d3DIGO:<\/strong> 0291-2<\/p><p><strong>AUTOR\/DIRECTOR\/PRODUCTOR:<\/strong> Marta Rodr\u00edguez y Lucas Silva \/ Fundaci\u00f3n Cine Documental Investigaci\u00f3n Social<\/p><p><strong>DESCRIPCI\u00d3N:<\/strong> Para la realizaci\u00f3n de la trilog\u00eda de las amapolas, Marta Rodr\u00edguez y Lucas Silva iniciaron una investigaci\u00f3n sobre c\u00f3mo los cultivos de uso il\u00edcito impactan negativamente las comunidades ind\u00edgenas. Con este fin se grab\u00f3 un foro sobre el tema llevado a cabo por parte de los lideres de la comunidad. Se denuncia que de 6000 hect\u00e1reas de cultivos de uso il\u00edcito: 15% de producci\u00f3n de coca viene de Colombia, 10% de producci\u00f3n de amapola y el 4% de marihuana sobre la producci\u00f3n a nivel mundial. Si bien, se mencionan las ventajas medicinales de estas plantas, as\u00ed como su uso para la fabricaci\u00f3n de fibras para el uso de textiles y ropa. Para las organizaciones no gubernamentales colombianas dedicadas a la defensa medioambiental es fundamental revisar las pol\u00edticas de la erradicaci\u00f3n, pues la guerra contra los cultivos de uso il\u00edcito termina siendo una guerra contra los recursos ecol\u00f3gicos y las estructuras econ\u00f3micas agr\u00edcolas de las comunidades etnicas.<\/p><p><strong>IDIOMA:<\/strong> Espa\u00f1ol<\/p><p><strong>PERSONA JUR\u00cdDICA\/NATURAL\/ROL: <\/strong>Comunidad Nasa (Paez)<\/p><p><strong>TOPON\u00cdMICOS:<\/strong> Cauca<\/p><p><strong>TEM\u00c1TICOS:<\/strong> Amapola, la flor maldita, narcotr\u00e1fico, cultivos de uso il\u00edcito, comunidades ind\u00edgenas, Nasa, problema de tierras, resistencia, organizaciones, l\u00edderes ind\u00edgenas, ancestralidad, conflicto armado, coca<\/p><p><strong>CRONOL\u00d3GICOS:<\/strong> 1994-1997<\/p><p><strong>UNIDAD DE CONSERVACI\u00d3N:<\/strong> Pl\u00e1stico<\/p><p><strong>SOPORTE:<\/strong> MAGNETICO<\/p><p><strong>FORMATO:<\/strong> Hi8<\/p><p><strong>DURACI\u00d3N:<\/strong> 00:32:52<\/p><p><strong>VELOCIDAD:<\/strong> 30<\/p><p><strong>COLOR:<\/strong> COLOR<\/p><p><strong>SONIDO:<\/strong> SI<\/p><p><strong>NOTAS:<\/strong> N\/A<\/p>\t\t\t\t\t\t<\/div>\n\t\t\t\t<\/div>\n\t\t\t\t\t<\/div>\n\t\t<\/div>\n\t\t\t\t\t<\/div>\n\t\t<\/section>\n\t\t\t\t<\/div>\n\t\t","protected":false},"excerpt":{"rendered":"<p>C\u00d3DIGO: 0291-2 AUTOR\/DIRECTOR\/PRODUCTOR: Marta Rodr\u00edguez y Lucas Silva \/ Fundaci\u00f3n Cine Documental Investigaci\u00f3n Social DESCRIPCI\u00d3N: Para la realizaci\u00f3n de la trilog\u00eda de las amapolas, Marta Rodr\u00edguez y Lucas Silva iniciaron una investigaci\u00f3n sobre c\u00f3mo los cultivos de uso il\u00edcito impactan negativamente las comunidades ind\u00edgenas. Con este fin se grab\u00f3 un foro sobre el tema llevado [&hellip;]<\/p>\n","protected":false},"author":1,"featured_media":7885,"comment_status":"closed","ping_status":"closed","sticky":false,"template":"","format":"standard","meta":{"_acf_changed":false,"footnotes":""},"categories":[23],"tags":[82,75,70,86,134,83,85,84,74,69,73,105],"class_list":["post-3529","post","type-post","status-publish","format-standard","has-post-thumbnail","hentry","category-imagenes-en-movimiento","tag-amapola","tag-ancestralidad","tag-comunidades-indigenas","tag-conflicto-armado-colombiano","tag-cultivos-de-uso-ilicito","tag-la-flor-maldita","tag-lideres-indigenas","tag-narcotrafico","tag-nasa","tag-organizaciones","tag-problema-de-tierras","tag-resistencia","rsfv-has-video"],"acf":[],"_links":{"self":[{"href":"https:\/\/martarodriguez.com.co\/index.php\/wp-json\/wp\/v2\/posts\/3529","targetHints":{"allow":["GET"]}}],"collection":[{"href":"https:\/\/martarodriguez.com.co\/index.php\/wp-json\/wp\/v2\/posts"}],"about":[{"href":"https:\/\/martarodriguez.com.co\/index.php\/wp-json\/wp\/v2\/types\/post"}],"author":[{"embeddable":true,"href":"https:\/\/martarodriguez.com.co\/index.php\/wp-json\/wp\/v2\/users\/1"}],"replies":[{"embeddable":true,"href":"https:\/\/martarodriguez.com.co\/index.php\/wp-json\/wp\/v2\/comments?post=3529"}],"version-history":[{"count":29,"href":"https:\/\/martarodriguez.com.co\/index.php\/wp-json\/wp\/v2\/posts\/3529\/revisions"}],"predecessor-version":[{"id":6861,"href":"https:\/\/martarodriguez.com.co\/index.php\/wp-json\/wp\/v2\/posts\/3529\/revisions\/6861"}],"wp:featuredmedia":[{"embeddable":true,"href":"https:\/\/martarodriguez.com.co\/index.php\/wp-json\/wp\/v2\/media\/7885"}],"wp:attachment":[{"href":"https:\/\/martarodriguez.com.co\/index.php\/wp-json\/wp\/v2\/media?parent=3529"}],"wp:term":[{"taxonomy":"category","embeddable":true,"href":"https:\/\/martarodriguez.com.co\/index.php\/wp-json\/wp\/v2\/categories?post=3529"},{"taxonomy":"post_tag","embeddable":true,"href":"https:\/\/martarodriguez.com.co\/index.php\/wp-json\/wp\/v2\/tags?post=3529"}],"curies":[{"name":"wp","href":"https:\/\/api.w.org\/{rel}","templated":true}]}}