{"id":3368,"date":"2023-09-20T21:16:21","date_gmt":"2023-09-20T21:16:21","guid":{"rendered":"https:\/\/martarodriguez.com.co\/?p=3368"},"modified":"2024-12-23T17:46:58","modified_gmt":"2024-12-23T17:46:58","slug":"0036-cauca-77-asamblea-la-estrella-incora","status":"publish","type":"post","link":"https:\/\/martarodriguez.com.co\/index.php\/2023\/09\/20\/0036-cauca-77-asamblea-la-estrella-incora\/","title":{"rendered":"0036 Cauca 77 Asamblea La Estrella (INCORA)"},"content":{"rendered":"\t\t<div data-elementor-type=\"wp-post\" data-elementor-id=\"3368\" class=\"elementor elementor-3368\">\n\t\t\t\t\t\t<section class=\"elementor-section elementor-top-section elementor-element elementor-element-31e9a44 elementor-section-boxed elementor-section-height-default elementor-section-height-default exad-glass-effect-no wpr-particle-no wpr-jarallax-no wpr-parallax-no wpr-sticky-section-no exad-sticky-section-no\" data-id=\"31e9a44\" data-element_type=\"section\">\n\t\t\t\t\t\t<div class=\"elementor-container elementor-column-gap-default\">\n\t\t\t\t\t<div class=\"elementor-column elementor-col-100 elementor-top-column elementor-element elementor-element-00c8168 exad-glass-effect-no exad-sticky-section-no\" data-id=\"00c8168\" data-element_type=\"column\">\n\t\t\t<div class=\"elementor-widget-wrap elementor-element-populated\">\n\t\t\t\t\t\t<div class=\"elementor-element elementor-element-1f48767 exad-sticky-section-no exad-glass-effect-no elementor-widget elementor-widget-text-editor\" data-id=\"1f48767\" data-element_type=\"widget\" data-widget_type=\"text-editor.default\">\n\t\t\t\t<div class=\"elementor-widget-container\">\n\t\t\t<style>\/*! elementor - v3.21.0 - 15-04-2024 *\/\n.elementor-widget-text-editor.elementor-drop-cap-view-stacked .elementor-drop-cap{background-color:#69727d;color:#fff}.elementor-widget-text-editor.elementor-drop-cap-view-framed .elementor-drop-cap{color:#69727d;border:3px solid;background-color:transparent}.elementor-widget-text-editor:not(.elementor-drop-cap-view-default) .elementor-drop-cap{margin-top:8px}.elementor-widget-text-editor:not(.elementor-drop-cap-view-default) .elementor-drop-cap-letter{width:1em;height:1em}.elementor-widget-text-editor .elementor-drop-cap{float:left;text-align:center;line-height:1;font-size:50px}.elementor-widget-text-editor .elementor-drop-cap-letter{display:inline-block}<\/style>\t\t\t\t<p>Sonido ambiente del trabajo de la tierra. Sollozos de un ni\u00f1o. Asamblea en la hacienda La Estrella donde Graciela Tatay declara expropiaci\u00f3n y denuncia la represi\u00f3n a las comunidades, as\u00ed como habla de los procesos de recuperaci\u00f3n de tierras. En su declaraci\u00f3n relata el da\u00f1o a los cultivos y al ganado que ejercen los terratenientes en Coconuco. Se escucha tambi\u00e9n una conversaci\u00f3n entre ind\u00edgenas sobre la explotaci\u00f3n del terrateniente al campesinado, el problema del alcoholismo entre la comunidad, la percepci\u00f3n negativa que recae sobre las comunidades campesinas, entre otros temas que aquejan al campesinado.<\/p>\t\t\t\t\t\t<\/div>\n\t\t\t\t<\/div>\n\t\t\t\t<div class=\"elementor-element elementor-element-9724743 exad-sticky-section-no exad-glass-effect-no elementor-widget elementor-widget-html\" data-id=\"9724743\" data-element_type=\"widget\" data-widget_type=\"html.default\">\n\t\t\t\t<div class=\"elementor-widget-container\">\n\t\t\t<iframe src=\"https:\/\/audiomack.com\/embed\/cinemestizo\/song\/0036-cauca-77-asamblea-la-estrella-incora\" scrolling=\"no\" width=\"100%\" height=\"252\" scrollbars=\"no\" frameborder=\"0\"><\/iframe>\t\t<\/div>\n\t\t\t\t<\/div>\n\t\t\t\t\t<\/div>\n\t\t<\/div>\n\t\t\t\t\t<\/div>\n\t\t<\/section>\n\t\t\t\t<section class=\"elementor-section elementor-top-section elementor-element elementor-element-e1c61e0 elementor-section-boxed elementor-section-height-default elementor-section-height-default exad-glass-effect-no wpr-particle-no wpr-jarallax-no wpr-parallax-no wpr-sticky-section-no exad-sticky-section-no\" data-id=\"e1c61e0\" data-element_type=\"section\">\n\t\t\t\t\t\t<div class=\"elementor-container elementor-column-gap-default\">\n\t\t\t\t\t<div class=\"elementor-column elementor-col-100 elementor-top-column elementor-element elementor-element-d44772f exad-glass-effect-no exad-sticky-section-no\" data-id=\"d44772f\" data-element_type=\"column\">\n\t\t\t<div class=\"elementor-widget-wrap elementor-element-populated\">\n\t\t\t\t\t\t<div class=\"elementor-element elementor-element-06c3ab4 exad-sticky-section-no exad-glass-effect-no elementor-widget elementor-widget-text-editor\" data-id=\"06c3ab4\" data-element_type=\"widget\" data-widget_type=\"text-editor.default\">\n\t\t\t\t<div class=\"elementor-widget-container\">\n\t\t\t\t\t\t\t<p><span style=\"font-weight: bolder;\">C\u00d3DIGO:<\/span>&nbsp;0036<\/p>\n<p><span style=\"color: var( --e-global-color-text ); font-family: var( --e-global-typography-text-font-family ), Sans-serif; font-weight: bolder;\">AUTOR\/DIRECTOR\/PRODUCTOR:<\/span><span style=\"color: var( --e-global-color-text ); font-family: var( --e-global-typography-text-font-family ), Sans-serif; font-weight: var( --e-global-typography-text-font-weight );\">&nbsp;Fundaci\u00f3n Cine Documental Investigaci\u00f3n Social<\/span><\/p>\n<p><span style=\"font-weight: bolder;\">IDIOMA:<\/span>&nbsp;Espa\u00f1ol&nbsp;<\/p>\n<p><span style=\"font-weight: bolder;\">PERSONA JUR\u00cdDICA\/NATURAL\/ROL:<\/span>&nbsp;Graciela Tatay, CRIC<\/p>\n<p><span style=\"font-weight: bolder;\">TOPON\u00cdMICOS:<\/span>&nbsp;Cauca<\/p>\n<p><span style=\"font-weight: bolder;\">TEM\u00c1TICOS:<\/span>&nbsp;<span data-sheets-root=\"1\">Sonido ambiente, recuperaci\u00f3n de tierras, movimiento ind\u00edgena, desigualdad de g\u00e9nero, derechos humanos<\/span><\/p>\n<p><span style=\"font-weight: bolder;\">CRONOL\u00d3GICOS:<\/span>&nbsp;1977<\/p>\n<p><span style=\"font-weight: bolder;\">UNIDAD DE CONSERVACI\u00d3N:<\/span>&nbsp;Caja<\/p>\n<p><span style=\"font-weight: bolder;\">SOPORTE:<\/span>&nbsp;Magn\u00e9tico<\/p>\n<p><span style=\"font-weight: bolder;\">FORMATO:<\/span>&nbsp;<span style=\"color: var( --e-global-color-text ); font-family: var( --e-global-typography-text-font-family ), Sans-serif; font-weight: var( --e-global-typography-text-font-weight );\">1\/4 pulgada<\/span><\/p>\n<p><span style=\"font-weight: bolder;\">DURACI\u00d3N:<\/span>&nbsp;<span data-sheets-root=\"1\">00:25:48<\/span><\/p>\n<p><span style=\"font-weight: bolder;\">NOTAS:<\/span>&nbsp;N\/A<\/p>\t\t\t\t\t\t<\/div>\n\t\t\t\t<\/div>\n\t\t\t\t\t<\/div>\n\t\t<\/div>\n\t\t\t\t\t<\/div>\n\t\t<\/section>\n\t\t\t\t<\/div>\n\t\t","protected":false},"excerpt":{"rendered":"<p>Sonido ambiente del trabajo de la tierra. Sollozos de un ni\u00f1o. Asamblea en la hacienda La Estrella donde Graciela Tatay declara expropiaci\u00f3n y denuncia la represi\u00f3n a las comunidades, as\u00ed como habla de los procesos de recuperaci\u00f3n de tierras. En su declaraci\u00f3n relata el da\u00f1o a los cultivos y al ganado que ejercen los terratenientes [&hellip;]<\/p>\n","protected":false},"author":1,"featured_media":11629,"comment_status":"open","ping_status":"open","sticky":false,"template":"","format":"standard","meta":{"_acf_changed":false,"footnotes":""},"categories":[26],"tags":[377,376,56,25,136,378,24],"class_list":["post-3368","post","type-post","status-publish","format-standard","has-post-thumbnail","hentry","category-audios","tag-desigualdad-de-genero","tag-graciela-tatay","tag-movimiento-indigena","tag-paramilitarismo","tag-recuperacion-de-tierras","tag-sonido-ambiente","tag-violencia"],"acf":[],"_links":{"self":[{"href":"https:\/\/martarodriguez.com.co\/index.php\/wp-json\/wp\/v2\/posts\/3368","targetHints":{"allow":["GET"]}}],"collection":[{"href":"https:\/\/martarodriguez.com.co\/index.php\/wp-json\/wp\/v2\/posts"}],"about":[{"href":"https:\/\/martarodriguez.com.co\/index.php\/wp-json\/wp\/v2\/types\/post"}],"author":[{"embeddable":true,"href":"https:\/\/martarodriguez.com.co\/index.php\/wp-json\/wp\/v2\/users\/1"}],"replies":[{"embeddable":true,"href":"https:\/\/martarodriguez.com.co\/index.php\/wp-json\/wp\/v2\/comments?post=3368"}],"version-history":[{"count":14,"href":"https:\/\/martarodriguez.com.co\/index.php\/wp-json\/wp\/v2\/posts\/3368\/revisions"}],"predecessor-version":[{"id":8285,"href":"https:\/\/martarodriguez.com.co\/index.php\/wp-json\/wp\/v2\/posts\/3368\/revisions\/8285"}],"wp:featuredmedia":[{"embeddable":true,"href":"https:\/\/martarodriguez.com.co\/index.php\/wp-json\/wp\/v2\/media\/11629"}],"wp:attachment":[{"href":"https:\/\/martarodriguez.com.co\/index.php\/wp-json\/wp\/v2\/media?parent=3368"}],"wp:term":[{"taxonomy":"category","embeddable":true,"href":"https:\/\/martarodriguez.com.co\/index.php\/wp-json\/wp\/v2\/categories?post=3368"},{"taxonomy":"post_tag","embeddable":true,"href":"https:\/\/martarodriguez.com.co\/index.php\/wp-json\/wp\/v2\/tags?post=3368"}],"curies":[{"name":"wp","href":"https:\/\/api.w.org\/{rel}","templated":true}]}}