{"id":17735,"date":"2025-11-25T16:03:08","date_gmt":"2025-11-25T16:03:08","guid":{"rendered":"https:\/\/martarodriguez.com.co\/?p=17735"},"modified":"2025-11-25T16:03:10","modified_gmt":"2025-11-25T16:03:10","slug":"0631p2-ano-2001-kimy-pernia-junio-13","status":"publish","type":"post","link":"https:\/\/martarodriguez.com.co\/index.php\/2025\/11\/25\/0631p2-ano-2001-kimy-pernia-junio-13\/","title":{"rendered":"0631P2 A\u00f1o 2001 : Kimy Pernia junio 13"},"content":{"rendered":"\t\t<div data-elementor-type=\"wp-post\" data-elementor-id=\"17735\" class=\"elementor elementor-17735\">\n\t\t\t\t\t\t<section class=\"elementor-section elementor-top-section elementor-element elementor-element-31e9a44 elementor-section-boxed elementor-section-height-default elementor-section-height-default exad-glass-effect-no wpr-particle-no wpr-jarallax-no wpr-parallax-no wpr-sticky-section-no exad-sticky-section-no\" data-id=\"31e9a44\" data-element_type=\"section\">\n\t\t\t\t\t\t<div class=\"elementor-container elementor-column-gap-default\">\n\t\t\t\t\t<div class=\"elementor-column elementor-col-100 elementor-top-column elementor-element elementor-element-00c8168 exad-glass-effect-no exad-sticky-section-no\" data-id=\"00c8168\" data-element_type=\"column\">\n\t\t\t<div class=\"elementor-widget-wrap elementor-element-populated\">\n\t\t\t\t\t\t<div class=\"elementor-element elementor-element-9724743 exad-sticky-section-no exad-glass-effect-no elementor-widget elementor-widget-html\" data-id=\"9724743\" data-element_type=\"widget\" data-widget_type=\"html.default\">\n\t\t\t\t<div class=\"elementor-widget-container\">\n\t\t\t<iframe src=\"https:\/\/audiomack.com\/embed\/cinemestizo\/song\/0384-matrimonio-de-una-mujer-de-las-flores-sept15\" scrolling=\"no\" width=\"100%\" height=\"252\" frameborder=\"0\" title=\"0384 Matrimonio De Una Mujer De Las Flores Sept15\"><\/iframe>\t\t<\/div>\n\t\t\t\t<\/div>\n\t\t\t\t<div class=\"elementor-element elementor-element-0928cc3 exad-sticky-section-no exad-glass-effect-no elementor-widget elementor-widget-text-editor\" data-id=\"0928cc3\" data-element_type=\"widget\" data-widget_type=\"text-editor.default\">\n\t\t\t\t<div class=\"elementor-widget-container\">\n\t\t\t<style>\/*! elementor - v3.21.0 - 15-04-2024 *\/\n.elementor-widget-text-editor.elementor-drop-cap-view-stacked .elementor-drop-cap{background-color:#69727d;color:#fff}.elementor-widget-text-editor.elementor-drop-cap-view-framed .elementor-drop-cap{color:#69727d;border:3px solid;background-color:transparent}.elementor-widget-text-editor:not(.elementor-drop-cap-view-default) .elementor-drop-cap{margin-top:8px}.elementor-widget-text-editor:not(.elementor-drop-cap-view-default) .elementor-drop-cap-letter{width:1em;height:1em}.elementor-widget-text-editor .elementor-drop-cap{float:left;text-align:center;line-height:1;font-size:50px}.elementor-widget-text-editor .elementor-drop-cap-letter{display:inline-block}<\/style>\t\t\t\t<p>Registro de un encuentro ind\u00edgena en el que se denuncia la desaparici\u00f3n del l\u00edder Embera Katio Kimy Pern\u00eda Domic\u00f3, reconocido por su lucha en defensa de los derechos, el territorio y la autonom\u00eda de su pueblo frente a la construcci\u00f3n de la represa hidroel\u00e9ctrica Urr\u00e1 I.<br \/>El 2 de junio de 2001, los paramilitares al mando de Salvatore Mancuso secuestraron y asesinaron en C\u00f3rdoba a Kimy Pern\u00eda Domic\u00f3.<br \/>La grabaci\u00f3n documenta varias intervenciones de participantes que denuncian su desaparici\u00f3n, la persecuci\u00f3n sistem\u00e1tica de l\u00edderes ind\u00edgenas y los efectos destructivos de los megaproyectos sobre las comunidades. Tambi\u00e9n se hace un llamado a la unidad, la resistencia y la defensa de la vida, la tierra y la cultura de los pueblos originarios. El sonido de la grabaci\u00f3n es deficiente, lo que dificulta la comprensi\u00f3n clara de las intervenciones.<\/p>\t\t\t\t\t\t<\/div>\n\t\t\t\t<\/div>\n\t\t\t\t<div class=\"elementor-element elementor-element-b460ad5 exad-sticky-section-no exad-glass-effect-no elementor-widget elementor-widget-text-editor\" data-id=\"b460ad5\" data-element_type=\"widget\" data-widget_type=\"text-editor.default\">\n\t\t\t\t<div class=\"elementor-widget-container\">\n\t\t\t\t\t\t\t<p><strong>C\u00d3DIGO:<\/strong> 0631p1<\/p><p><strong>AUTOR\/DIRECTOR\/PRODUCTOR:<\/strong>\u00a0Fundaci\u00f3n Cine Documental Investigaci\u00f3n Social<\/p><p><strong>IDIOMA: <\/strong>Espa\u00f1ol<\/p><p><strong>PERSONA JUR\u00cdDICA\/NATURAL\/ROL:<\/strong> Kimy Pern\u00eda<\/p><p><strong>TOPON\u00cdMICOS: <\/strong>Bogot\u00e1<\/p><p><strong>TEM\u00c1TICOS:<\/strong> Plan Colombia, Embera, Urra, Asesinato de lideres, Kimy Pern\u00eda, Paramilitarismo, Megaproyectos, Fumigaziones<\/p><p><strong>CRONOL\u00d3GICOS: <\/strong>13\/06\/2001<\/p><p><strong>UNIDAD DE CONSERVACI\u00d3N:\u00a0<\/strong>Caja<\/p><p><strong>SOPORTE:\u00a0<\/strong>Magn\u00e9tico<\/p><p><strong>FORMATO: <\/strong>Cassette<\/p><p><strong>DURACI\u00d3N:<\/strong> 00:31:00<\/p><p><strong>NOTAS:\u00a0<\/strong>N\/A<\/p>\t\t\t\t\t\t<\/div>\n\t\t\t\t<\/div>\n\t\t\t\t\t<\/div>\n\t\t<\/div>\n\t\t\t\t\t<\/div>\n\t\t<\/section>\n\t\t\t\t<\/div>\n\t\t","protected":false},"excerpt":{"rendered":"<p>Registro de un encuentro ind\u00edgena en el que se denuncia la desaparici\u00f3n del l\u00edder Embera Katio Kimy Pern\u00eda Domic\u00f3, reconocido por su lucha en defensa de los derechos, el territorio y la autonom\u00eda de su pueblo frente a la construcci\u00f3n de la represa hidroel\u00e9ctrica Urr\u00e1 I.El 2 de junio de 2001, los paramilitares al mando [&hellip;]<\/p>\n","protected":false},"author":1,"featured_media":14945,"comment_status":"open","ping_status":"open","sticky":false,"template":"","format":"standard","meta":{"_acf_changed":false,"footnotes":""},"categories":[26],"tags":[2384,34,89,2378,2380,2341,2385,2381,2313,38,25,2033,128],"class_list":["post-17735","post","type-post","status-publish","format-standard","has-post-thumbnail","hentry","category-audios","tag-asesinato-de-lideres-2","tag-embera","tag-etnocidio","tag-explotacion-2","tag-fumigaziones","tag-glifosato","tag-kimy-pernia-2","tag-la-oxy","tag-megaproyectos","tag-onic","tag-paramilitarismo","tag-plan-colombia","tag-urra"],"acf":[],"_links":{"self":[{"href":"https:\/\/martarodriguez.com.co\/index.php\/wp-json\/wp\/v2\/posts\/17735","targetHints":{"allow":["GET"]}}],"collection":[{"href":"https:\/\/martarodriguez.com.co\/index.php\/wp-json\/wp\/v2\/posts"}],"about":[{"href":"https:\/\/martarodriguez.com.co\/index.php\/wp-json\/wp\/v2\/types\/post"}],"author":[{"embeddable":true,"href":"https:\/\/martarodriguez.com.co\/index.php\/wp-json\/wp\/v2\/users\/1"}],"replies":[{"embeddable":true,"href":"https:\/\/martarodriguez.com.co\/index.php\/wp-json\/wp\/v2\/comments?post=17735"}],"version-history":[{"count":1,"href":"https:\/\/martarodriguez.com.co\/index.php\/wp-json\/wp\/v2\/posts\/17735\/revisions"}],"predecessor-version":[{"id":17736,"href":"https:\/\/martarodriguez.com.co\/index.php\/wp-json\/wp\/v2\/posts\/17735\/revisions\/17736"}],"wp:featuredmedia":[{"embeddable":true,"href":"https:\/\/martarodriguez.com.co\/index.php\/wp-json\/wp\/v2\/media\/14945"}],"wp:attachment":[{"href":"https:\/\/martarodriguez.com.co\/index.php\/wp-json\/wp\/v2\/media?parent=17735"}],"wp:term":[{"taxonomy":"category","embeddable":true,"href":"https:\/\/martarodriguez.com.co\/index.php\/wp-json\/wp\/v2\/categories?post=17735"},{"taxonomy":"post_tag","embeddable":true,"href":"https:\/\/martarodriguez.com.co\/index.php\/wp-json\/wp\/v2\/tags?post=17735"}],"curies":[{"name":"wp","href":"https:\/\/api.w.org\/{rel}","templated":true}]}}