{"id":17653,"date":"2025-11-21T22:37:42","date_gmt":"2025-11-21T22:37:42","guid":{"rendered":"https:\/\/martarodriguez.com.co\/?p=17653"},"modified":"2025-12-01T18:04:06","modified_gmt":"2025-12-01T18:04:06","slug":"0472-entrevista-con-lucia","status":"publish","type":"post","link":"https:\/\/martarodriguez.com.co\/index.php\/2025\/11\/21\/0472-entrevista-con-lucia\/","title":{"rendered":"0472 &#8211; Entrevista con Luc\u00eda"},"content":{"rendered":"\t\t<div data-elementor-type=\"wp-post\" data-elementor-id=\"17653\" class=\"elementor elementor-17653\">\n\t\t\t\t\t\t<section class=\"elementor-section elementor-top-section elementor-element elementor-element-74f8a36 elementor-section-boxed elementor-section-height-default elementor-section-height-default exad-glass-effect-no wpr-particle-no wpr-jarallax-no wpr-parallax-no wpr-sticky-section-no exad-sticky-section-no\" data-id=\"74f8a36\" data-element_type=\"section\">\n\t\t\t\t\t\t<div class=\"elementor-container elementor-column-gap-default\">\n\t\t\t\t\t<div class=\"elementor-column elementor-col-100 elementor-top-column elementor-element elementor-element-f089499 exad-glass-effect-no exad-sticky-section-no\" data-id=\"f089499\" data-element_type=\"column\">\n\t\t\t<div class=\"elementor-widget-wrap elementor-element-populated\">\n\t\t\t\t\t\t<div class=\"elementor-element elementor-element-fa4cada exad-sticky-section-no exad-glass-effect-no elementor-widget elementor-widget-text-editor\" data-id=\"fa4cada\" data-element_type=\"widget\" data-widget_type=\"text-editor.default\">\n\t\t\t\t<div class=\"elementor-widget-container\">\n\t\t\t<style>\/*! elementor - v3.21.0 - 15-04-2024 *\/\n.elementor-widget-text-editor.elementor-drop-cap-view-stacked .elementor-drop-cap{background-color:#69727d;color:#fff}.elementor-widget-text-editor.elementor-drop-cap-view-framed .elementor-drop-cap{color:#69727d;border:3px solid;background-color:transparent}.elementor-widget-text-editor:not(.elementor-drop-cap-view-default) .elementor-drop-cap{margin-top:8px}.elementor-widget-text-editor:not(.elementor-drop-cap-view-default) .elementor-drop-cap-letter{width:1em;height:1em}.elementor-widget-text-editor .elementor-drop-cap{float:left;text-align:center;line-height:1;font-size:50px}.elementor-widget-text-editor .elementor-drop-cap-letter{display:inline-block}<\/style>\t\t\t\t<p><strong>C\u00d3DIGO:<\/strong> 472 &#8211; Entrevista con Luc\u00eda\u00a0<\/p><p><strong>AUTOR\/DIRECTOR\/PRODUCTOR:<\/strong> Fundaci\u00f3n Cine Documental Investigaci\u00f3n Social<\/p><p><strong>DESCRIPCI\u00d3N:\u00a0<\/strong>Empieza con dos mujeres haci\u00e9ndose trenzas. En el plano hay una mujer jugando y cantando con un ni\u00f1o que est\u00e1 en sus piernas, el ni\u00f1o tiene menos de un a\u00f1o, a\u00fan es un beb\u00e9. Marta Rodriguez le hace una entrevista a la se\u00f1ora Luc\u00eda. La noche anterior hablaron ellas dos, Luc\u00eda le cont\u00f3 parte de su historia, y marta quer\u00eda tener ese testimonio. Hablan sobre la maternidad en medio de la guerra. Las madres y el drama que tienen que vivir en medio de la guerra. Ella perdi\u00f3 a su esposo, lo mataron los paramilitares porque el hombre hablaba mal de los paras, ellos lo buscaban para matarlo. Cuando iban por la marcha de Pavarand\u00f3, ella, junto con otras mujeres, andaban a pie limpio y dorm\u00edan por ah\u00ed. Las mujeres que reci\u00e9n par\u00edan ten\u00edan que igual caminar al otro d\u00eda. Duraron un mes en total de caminar. La comida que ten\u00edan era muy escasa, apenas si pod\u00edan comer yuca, ca\u00f1a y otro par de alimentos, y en muchas ocasiones los ni\u00f1os lloraban de hambre. Eso era lo m\u00e1s doloroso para Luc\u00eda. Ella no vive con el esposo, tiene que encargarse de los trabajos pesados pero en esa ocasi\u00f3n no ha trabajado, en este desplazamiento. La vida de ella era muy rica, se viv\u00eda muy suave, en ese tiempo todo lo que trabajaba se ve\u00eda, ahora no, ahora es distinto, ya no se ve la plata y si se ve le tienen que dar a los actores armados, la guerrila o los paras. A la mam\u00e1 de Luc\u00eda le dieron un derrame cerebral. Fernando enfoca la cara de Luc\u00eda cuando hacen silencio. Los paramilitares son gente de la regi\u00f3n, Luc\u00eda dice que el grupo lo conformaron los campesinos. Los campesinos no matan guerrilleros, los paras matan campesinos y los pasan como guerrilleros. Luc\u00eda tiene 44 a\u00f1os. Ella piensa que en el futuro no se sabe nada, todo lo deja en dios. Ella es adventista del s\u00e9ptimo d\u00eda. Una buena parte de la gente de la regi\u00f3n del Urab\u00e1 pertenece a esa religi\u00f3n. Ella se cas\u00f3 a los doce a\u00f1os. Luc\u00eda no sabe leer ni escribir, ella no estudi\u00f3 porque los padres no la obligaron y ella cogi\u00f3 marido r\u00e1pido, tuvo el primer hijo a los veinte a\u00f1os. Ella vive con miedo de que lleguen los paras. La guerrilla hace presencia en la regi\u00f3n pero la guerrilla no hace tanto da\u00f1o como los paras. Ellos solo pasan y no saludan. Luc\u00eda dice que no sabe de qu\u00e9 vive la guerrilla. Los paramilitares s\u00ed andan con el ej\u00e9rcito, juntos, en los aviones, en los barcos, en todo. Marta aparece en la imagen. Luego, la mujer le muestra d\u00f3nde era la casa, pues los paramilitares se la quemaron, apenas las estacas. Luego entran a la casa y ella le cuenta c\u00f3mo era la casa que ten\u00eda antes de aquel episodio. Tienen arroz colgado en el techo. El material finaliza cuando ella habla de Pavarand\u00f3.\u00a0<\/p><p><strong>IDIOMA:\u00a0<\/strong>Espa\u00f1ol<\/p><p><strong>PERSONA NATURAL\/JURICA\/ROL:\u00a0<\/strong>Luc\u00eda, esposo de Luc\u00eda, Marta Rodriguez.\u00a0<\/p><p><strong>TOPON\u00cdMICOS:\u00a0<\/strong>Vah\u00eda Cupica &#8211; Choc\u00f3\u00a0<\/p><p><strong>TEMATICOS:\u00a0<\/strong>Testimonio. Desplazamiento. Masacre. Operaci\u00f3n Genesis. Marcha de Pavarand\u00f3. Exiliados. Cacarica. Choc\u00f3.\u00a0<\/p><p><strong>CRONOL\u00d3GICOS: <\/strong>2000\u00a0<\/p><p><strong>UNIDAD DE CONSERVACI\u00d3N:<\/strong> Pl\u00e1stico<\/p><p><strong>SOPORTE:<\/strong> Magn\u00e9tico\u00a0<\/p><p><strong>FORMATO:<\/strong> Hi8<\/p><p><strong>DURACI\u00d3N: <\/strong>01:01:58<\/p><p><strong>VELOCIDAD: <\/strong>29,97<\/p><p><strong>COLOR:<\/strong> Color<\/p><p><strong>SONIDO:<\/strong> SI<\/p><p><strong>NOTAS: <\/strong>Marta Rodriguez aparece caminando en el minuto 50:38.<\/p>\t\t\t\t\t\t<\/div>\n\t\t\t\t<\/div>\n\t\t\t\t\t<\/div>\n\t\t<\/div>\n\t\t\t\t\t<\/div>\n\t\t<\/section>\n\t\t\t\t<\/div>\n\t\t","protected":false},"excerpt":{"rendered":"<p>C\u00d3DIGO: 472 &#8211; Entrevista con Luc\u00eda\u00a0 AUTOR\/DIRECTOR\/PRODUCTOR: Fundaci\u00f3n Cine Documental Investigaci\u00f3n Social DESCRIPCI\u00d3N:\u00a0Empieza con dos mujeres haci\u00e9ndose trenzas. En el plano hay una mujer jugando y cantando con un ni\u00f1o que est\u00e1 en sus piernas, el ni\u00f1o tiene menos de un a\u00f1o, a\u00fan es un beb\u00e9. Marta Rodriguez le hace una entrevista a la se\u00f1ora [&hellip;]<\/p>\n","protected":false},"author":1,"featured_media":17655,"comment_status":"closed","ping_status":"closed","sticky":false,"template":"","format":"standard","meta":{"_acf_changed":false,"footnotes":""},"categories":[23],"tags":[],"class_list":["post-17653","post","type-post","status-publish","format-standard","has-post-thumbnail","hentry","category-imagenes-en-movimiento","rsfv-has-video"],"acf":[],"_links":{"self":[{"href":"https:\/\/martarodriguez.com.co\/index.php\/wp-json\/wp\/v2\/posts\/17653","targetHints":{"allow":["GET"]}}],"collection":[{"href":"https:\/\/martarodriguez.com.co\/index.php\/wp-json\/wp\/v2\/posts"}],"about":[{"href":"https:\/\/martarodriguez.com.co\/index.php\/wp-json\/wp\/v2\/types\/post"}],"author":[{"embeddable":true,"href":"https:\/\/martarodriguez.com.co\/index.php\/wp-json\/wp\/v2\/users\/1"}],"replies":[{"embeddable":true,"href":"https:\/\/martarodriguez.com.co\/index.php\/wp-json\/wp\/v2\/comments?post=17653"}],"version-history":[{"count":5,"href":"https:\/\/martarodriguez.com.co\/index.php\/wp-json\/wp\/v2\/posts\/17653\/revisions"}],"predecessor-version":[{"id":17800,"href":"https:\/\/martarodriguez.com.co\/index.php\/wp-json\/wp\/v2\/posts\/17653\/revisions\/17800"}],"wp:featuredmedia":[{"embeddable":true,"href":"https:\/\/martarodriguez.com.co\/index.php\/wp-json\/wp\/v2\/media\/17655"}],"wp:attachment":[{"href":"https:\/\/martarodriguez.com.co\/index.php\/wp-json\/wp\/v2\/media?parent=17653"}],"wp:term":[{"taxonomy":"category","embeddable":true,"href":"https:\/\/martarodriguez.com.co\/index.php\/wp-json\/wp\/v2\/categories?post=17653"},{"taxonomy":"post_tag","embeddable":true,"href":"https:\/\/martarodriguez.com.co\/index.php\/wp-json\/wp\/v2\/tags?post=17653"}],"curies":[{"name":"wp","href":"https:\/\/api.w.org\/{rel}","templated":true}]}}