{"id":17635,"date":"2025-11-21T22:03:26","date_gmt":"2025-11-21T22:03:26","guid":{"rendered":"https:\/\/martarodriguez.com.co\/?p=17635"},"modified":"2025-12-01T18:04:33","modified_gmt":"2025-12-01T18:04:33","slug":"0469-estructura-nunca-mas","status":"publish","type":"post","link":"https:\/\/martarodriguez.com.co\/index.php\/2025\/11\/21\/0469-estructura-nunca-mas\/","title":{"rendered":"0469 &#8211; Estructura Nunca M\u00e1s"},"content":{"rendered":"\t\t<div data-elementor-type=\"wp-post\" data-elementor-id=\"17635\" class=\"elementor elementor-17635\">\n\t\t\t\t\t\t<section class=\"elementor-section elementor-top-section elementor-element elementor-element-74f8a36 elementor-section-boxed elementor-section-height-default elementor-section-height-default exad-glass-effect-no wpr-particle-no wpr-jarallax-no wpr-parallax-no wpr-sticky-section-no exad-sticky-section-no\" data-id=\"74f8a36\" data-element_type=\"section\">\n\t\t\t\t\t\t<div class=\"elementor-container elementor-column-gap-default\">\n\t\t\t\t\t<div class=\"elementor-column elementor-col-100 elementor-top-column elementor-element elementor-element-f089499 exad-glass-effect-no exad-sticky-section-no\" data-id=\"f089499\" data-element_type=\"column\">\n\t\t\t<div class=\"elementor-widget-wrap elementor-element-populated\">\n\t\t\t\t\t\t<div class=\"elementor-element elementor-element-fa4cada exad-sticky-section-no exad-glass-effect-no elementor-widget elementor-widget-text-editor\" data-id=\"fa4cada\" data-element_type=\"widget\" data-widget_type=\"text-editor.default\">\n\t\t\t\t<div class=\"elementor-widget-container\">\n\t\t\t<style>\/*! elementor - v3.21.0 - 15-04-2024 *\/\n.elementor-widget-text-editor.elementor-drop-cap-view-stacked .elementor-drop-cap{background-color:#69727d;color:#fff}.elementor-widget-text-editor.elementor-drop-cap-view-framed .elementor-drop-cap{color:#69727d;border:3px solid;background-color:transparent}.elementor-widget-text-editor:not(.elementor-drop-cap-view-default) .elementor-drop-cap{margin-top:8px}.elementor-widget-text-editor:not(.elementor-drop-cap-view-default) .elementor-drop-cap-letter{width:1em;height:1em}.elementor-widget-text-editor .elementor-drop-cap{float:left;text-align:center;line-height:1;font-size:50px}.elementor-widget-text-editor .elementor-drop-cap-letter{display:inline-block}<\/style>\t\t\t\t<p><strong>C\u00d3DIGO:<\/strong> 469 &#8211; Estructura Nunca M\u00e1s\u00a0<\/p><p><strong>AUTOR\/DIRECTOR\/PRODUCTOR:<\/strong> Fundaci\u00f3n Cine Documental Investigaci\u00f3n Social<\/p><p><strong>DESCRIPCI\u00d3N:\u00a0<\/strong>El material pertenece a un corte que hizo Fernando Restrepo y Marta Rodriguez. Este no es el corte definitivo, seg\u00fan Fernando. El material plantea la estructura general del documental. Los primeros testimonios corresponden a la fecha de la operaci\u00f3n g\u00e9nesis, en donde salieron desplazados cientos de afros de la regi\u00f3n del Cacarica. Aparece Soraya hablando. El testimonio le causa un inmenso dolor, tanto que le cuesta hablar. Aparece una de las ni\u00f1as de las cantoras de Clamores. La primera parte plantea el problema estructural del conflicto en la regi\u00f3n del Urab\u00e1, en el Dari\u00e9n y el norte del Choc\u00f3. Cuenta tambi\u00e9n la relaci\u00f3n que hay entre la tierra y los hombres y mujeres de la zona. Hay una buena cantidad de relatos sobre el desplazamiento. No es un s\u00f3lo desplazamiento, son varios episodios en varios momentos a lo largo de la \u00faltima d\u00e9cada de 90. Cuenta tambi\u00e9n la historia de la violencia de la zona. Tambi\u00e9n se habla los problemas del desplazamiento, lo que apela a la cotidianidad como lavar platos, criar los hijos, conseguir trabajo, conseguir algo de plata. Luego hay unas demostraciones culturales de los desplazados del cacarico. <\/p><p><strong>IDIOMA:\u00a0<\/strong>Espa\u00f1ol<\/p><p><strong>PERSONA NATURAL\/JURICA\/ROL:\u00a0<\/strong><\/p><p><strong>TOPON\u00cdMICOS:\u00a0<\/strong>Vah\u00eda Cupica &#8211; Choc\u00f3\u00a0<\/p><p><strong>TEMATICOS:<\/strong>Pel\u00edcula. Documental. Cacarica. Apartad\u00f3. Nunca m\u00e1s. Desplazados. Masacre. Violencia. V\u00edctimas. Operaci\u00f3n g\u00e9nesis. Destierro.<\/p><p><strong>CRONOL\u00d3GICOS: <\/strong>2000\u00a0<\/p><p><strong>UNIDAD DE CONSERVACI\u00d3N:<\/strong> Pl\u00e1stico<\/p><p><strong>SOPORTE:<\/strong> Magn\u00e9tico\u00a0<\/p><p><strong>FORMATO:<\/strong> Hi8<\/p><p><strong>DURACI\u00d3N: 43:15:00<\/strong><\/p><p><strong>VELOCIDAD: <\/strong>29,97<\/p><p><strong>COLOR:<\/strong> Color<\/p><p><strong>SONIDO:<\/strong> SI<\/p><p><strong>NOTAS:\u00a0<\/strong><\/p>\t\t\t\t\t\t<\/div>\n\t\t\t\t<\/div>\n\t\t\t\t\t<\/div>\n\t\t<\/div>\n\t\t\t\t\t<\/div>\n\t\t<\/section>\n\t\t\t\t<\/div>\n\t\t","protected":false},"excerpt":{"rendered":"<p>C\u00d3DIGO: 469 &#8211; Estructura Nunca M\u00e1s\u00a0 AUTOR\/DIRECTOR\/PRODUCTOR: Fundaci\u00f3n Cine Documental Investigaci\u00f3n Social DESCRIPCI\u00d3N:\u00a0El material pertenece a un corte que hizo Fernando Restrepo y Marta Rodriguez. Este no es el corte definitivo, seg\u00fan Fernando. El material plantea la estructura general del documental. Los primeros testimonios corresponden a la fecha de la operaci\u00f3n g\u00e9nesis, en donde salieron [&hellip;]<\/p>\n","protected":false},"author":1,"featured_media":17637,"comment_status":"closed","ping_status":"closed","sticky":false,"template":"","format":"standard","meta":{"_acf_changed":false,"footnotes":""},"categories":[23],"tags":[],"class_list":["post-17635","post","type-post","status-publish","format-standard","has-post-thumbnail","hentry","category-imagenes-en-movimiento","rsfv-has-video"],"acf":[],"_links":{"self":[{"href":"https:\/\/martarodriguez.com.co\/index.php\/wp-json\/wp\/v2\/posts\/17635","targetHints":{"allow":["GET"]}}],"collection":[{"href":"https:\/\/martarodriguez.com.co\/index.php\/wp-json\/wp\/v2\/posts"}],"about":[{"href":"https:\/\/martarodriguez.com.co\/index.php\/wp-json\/wp\/v2\/types\/post"}],"author":[{"embeddable":true,"href":"https:\/\/martarodriguez.com.co\/index.php\/wp-json\/wp\/v2\/users\/1"}],"replies":[{"embeddable":true,"href":"https:\/\/martarodriguez.com.co\/index.php\/wp-json\/wp\/v2\/comments?post=17635"}],"version-history":[{"count":5,"href":"https:\/\/martarodriguez.com.co\/index.php\/wp-json\/wp\/v2\/posts\/17635\/revisions"}],"predecessor-version":[{"id":17803,"href":"https:\/\/martarodriguez.com.co\/index.php\/wp-json\/wp\/v2\/posts\/17635\/revisions\/17803"}],"wp:featuredmedia":[{"embeddable":true,"href":"https:\/\/martarodriguez.com.co\/index.php\/wp-json\/wp\/v2\/media\/17637"}],"wp:attachment":[{"href":"https:\/\/martarodriguez.com.co\/index.php\/wp-json\/wp\/v2\/media?parent=17635"}],"wp:term":[{"taxonomy":"category","embeddable":true,"href":"https:\/\/martarodriguez.com.co\/index.php\/wp-json\/wp\/v2\/categories?post=17635"},{"taxonomy":"post_tag","embeddable":true,"href":"https:\/\/martarodriguez.com.co\/index.php\/wp-json\/wp\/v2\/tags?post=17635"}],"curies":[{"name":"wp","href":"https:\/\/api.w.org\/{rel}","templated":true}]}}