{"id":17607,"date":"2025-11-21T21:36:22","date_gmt":"2025-11-21T21:36:22","guid":{"rendered":"https:\/\/martarodriguez.com.co\/?p=17607"},"modified":"2025-12-01T18:05:16","modified_gmt":"2025-12-01T18:05:16","slug":"0466-canciones-de-ramiro-osorio","status":"publish","type":"post","link":"https:\/\/martarodriguez.com.co\/index.php\/2025\/11\/21\/0466-canciones-de-ramiro-osorio\/","title":{"rendered":"0466 &#8211; Canciones de Ramiro Osorio"},"content":{"rendered":"\t\t<div data-elementor-type=\"wp-post\" data-elementor-id=\"17607\" class=\"elementor elementor-17607\">\n\t\t\t\t\t\t<section class=\"elementor-section elementor-top-section elementor-element elementor-element-74f8a36 elementor-section-boxed elementor-section-height-default elementor-section-height-default exad-glass-effect-no wpr-particle-no wpr-jarallax-no wpr-parallax-no wpr-sticky-section-no exad-sticky-section-no\" data-id=\"74f8a36\" data-element_type=\"section\">\n\t\t\t\t\t\t<div class=\"elementor-container elementor-column-gap-default\">\n\t\t\t\t\t<div class=\"elementor-column elementor-col-100 elementor-top-column elementor-element elementor-element-f089499 exad-glass-effect-no exad-sticky-section-no\" data-id=\"f089499\" data-element_type=\"column\">\n\t\t\t<div class=\"elementor-widget-wrap elementor-element-populated\">\n\t\t\t\t\t\t<div class=\"elementor-element elementor-element-fa4cada exad-sticky-section-no exad-glass-effect-no elementor-widget elementor-widget-text-editor\" data-id=\"fa4cada\" data-element_type=\"widget\" data-widget_type=\"text-editor.default\">\n\t\t\t\t<div class=\"elementor-widget-container\">\n\t\t\t<style>\/*! elementor - v3.21.0 - 15-04-2024 *\/\n.elementor-widget-text-editor.elementor-drop-cap-view-stacked .elementor-drop-cap{background-color:#69727d;color:#fff}.elementor-widget-text-editor.elementor-drop-cap-view-framed .elementor-drop-cap{color:#69727d;border:3px solid;background-color:transparent}.elementor-widget-text-editor:not(.elementor-drop-cap-view-default) .elementor-drop-cap{margin-top:8px}.elementor-widget-text-editor:not(.elementor-drop-cap-view-default) .elementor-drop-cap-letter{width:1em;height:1em}.elementor-widget-text-editor .elementor-drop-cap{float:left;text-align:center;line-height:1;font-size:50px}.elementor-widget-text-editor .elementor-drop-cap-letter{display:inline-block}<\/style>\t\t\t\t<p><strong>C\u00d3DIGO:<\/strong> 466 &#8211; Canciones de Ramiro Osorio\u00a0<\/p><p><strong>AUTOR\/DIRECTOR\/PRODUCTOR:<\/strong> Fundaci\u00f3n Cine Documental Investigaci\u00f3n Social<\/p><p><strong>DESCRIPCI\u00d3N:\u00a0<\/strong>El material pertenece al primer retorno al territorio del Cacarica. La coordinaci\u00f3n general se compone de 26 personas. En el video puede verse un hombre negro dando una entrevista sobre el contexto del retorno al territorio. Proyectos de vivienda, Titulaci\u00f3n Colectiva de la tierra, Protecci\u00f3n, Coproducci\u00f3n, Reparaci\u00f3n Moral, esas son las exigencias de los habitantes del retorno. Los patriarcas son las autoridades de las comunidades. El retorno se est\u00e1 haciendo de forma escalonada, trabajando de zona en zona. El hombre dice que para sembrar y cosechar ma\u00edz, son cuatro semanas y media para recibir el fruto de la tierra. La cosecha tiene una costumbre. En ese momento la gente se encuentra muy feliz con la idea de poder volver a sembrar ma\u00edz, porque la vida tiene sentido cuando es en comunidad, con todos y para todos. La comunidad tambi\u00e9n cosecha arroz. El arroz encuentra las condiciones perfectas para crecer, adem\u00e1s, la regi\u00f3n tiene una variedad muy amplia de frutas. En general las frutas se pierden porque no hay c\u00f3mo sacar la fruta, y lo que pueden sacar, lo pagan muy barato. Luego de la entrevista, el hombre le agradeci\u00f3 a Marta Rodriguez y Fernando Restrepo por el trabajo que est\u00e1n haciendo de documentar todo ese proceso. Al final del material hay un espacio para los alabados. Termina el video.\u00a0<\/p><p><strong>IDIOMA:\u00a0<\/strong>Espa\u00f1ol<\/p><p><strong>PERSONA NATURAL\/JURICA\/ROL:\u00a0<\/strong>Ana y su madre<\/p><p><strong>TOPON\u00cdMICOS:\u00a0<\/strong>Turbo &#8211; Antioquia\u00a0\u00a0<\/p><p><strong>TEMATICOS:\u00a0<\/strong>Operaci\u00f3n G\u00e9nesis. Cacarica. Choc\u00f3. Desplazados. Masacre. Terror. Asesinatos. Testimonio. V\u00edctimas. Desplazados. Desterrados. Canciones. Memoria. Vallenatos.\u00a0<\/p><p><strong>CRONOL\u00d3GICOS: <\/strong>2002\u00a0<\/p><p><strong>UNIDAD DE CONSERVACI\u00d3N:<\/strong> Pl\u00e1stico<\/p><p><strong>SOPORTE:<\/strong> Magn\u00e9tico\u00a0<\/p><p><strong>FORMATO:<\/strong> Hi8<\/p><p><strong>DURACI\u00d3N:<\/strong> 03:07:00<\/p><p><strong>VELOCIDAD: <\/strong>29,97<\/p><p><strong>COLOR:<\/strong> Color<\/p><p><strong>SONIDO:<\/strong> SI<\/p><p><strong>NOTAS:\u00a0<\/strong><\/p>\t\t\t\t\t\t<\/div>\n\t\t\t\t<\/div>\n\t\t\t\t\t<\/div>\n\t\t<\/div>\n\t\t\t\t\t<\/div>\n\t\t<\/section>\n\t\t\t\t<\/div>\n\t\t","protected":false},"excerpt":{"rendered":"<p>C\u00d3DIGO: 466 &#8211; Canciones de Ramiro Osorio\u00a0 AUTOR\/DIRECTOR\/PRODUCTOR: Fundaci\u00f3n Cine Documental Investigaci\u00f3n Social DESCRIPCI\u00d3N:\u00a0El material pertenece al primer retorno al territorio del Cacarica. La coordinaci\u00f3n general se compone de 26 personas. En el video puede verse un hombre negro dando una entrevista sobre el contexto del retorno al territorio. Proyectos de vivienda, Titulaci\u00f3n Colectiva de [&hellip;]<\/p>\n","protected":false},"author":1,"featured_media":17602,"comment_status":"closed","ping_status":"closed","sticky":false,"template":"","format":"standard","meta":{"_acf_changed":false,"footnotes":""},"categories":[23],"tags":[],"class_list":["post-17607","post","type-post","status-publish","format-standard","has-post-thumbnail","hentry","category-imagenes-en-movimiento","rsfv-has-video"],"acf":[],"_links":{"self":[{"href":"https:\/\/martarodriguez.com.co\/index.php\/wp-json\/wp\/v2\/posts\/17607","targetHints":{"allow":["GET"]}}],"collection":[{"href":"https:\/\/martarodriguez.com.co\/index.php\/wp-json\/wp\/v2\/posts"}],"about":[{"href":"https:\/\/martarodriguez.com.co\/index.php\/wp-json\/wp\/v2\/types\/post"}],"author":[{"embeddable":true,"href":"https:\/\/martarodriguez.com.co\/index.php\/wp-json\/wp\/v2\/users\/1"}],"replies":[{"embeddable":true,"href":"https:\/\/martarodriguez.com.co\/index.php\/wp-json\/wp\/v2\/comments?post=17607"}],"version-history":[{"count":5,"href":"https:\/\/martarodriguez.com.co\/index.php\/wp-json\/wp\/v2\/posts\/17607\/revisions"}],"predecessor-version":[{"id":17808,"href":"https:\/\/martarodriguez.com.co\/index.php\/wp-json\/wp\/v2\/posts\/17607\/revisions\/17808"}],"wp:featuredmedia":[{"embeddable":true,"href":"https:\/\/martarodriguez.com.co\/index.php\/wp-json\/wp\/v2\/media\/17602"}],"wp:attachment":[{"href":"https:\/\/martarodriguez.com.co\/index.php\/wp-json\/wp\/v2\/media?parent=17607"}],"wp:term":[{"taxonomy":"category","embeddable":true,"href":"https:\/\/martarodriguez.com.co\/index.php\/wp-json\/wp\/v2\/categories?post=17607"},{"taxonomy":"post_tag","embeddable":true,"href":"https:\/\/martarodriguez.com.co\/index.php\/wp-json\/wp\/v2\/tags?post=17607"}],"curies":[{"name":"wp","href":"https:\/\/api.w.org\/{rel}","templated":true}]}}