{"id":17545,"date":"2025-11-20T22:14:12","date_gmt":"2025-11-20T22:14:12","guid":{"rendered":"https:\/\/martarodriguez.com.co\/?p=17545"},"modified":"2025-12-01T18:06:19","modified_gmt":"2025-12-01T18:06:19","slug":"0460-afrocolombianos-4-2","status":"publish","type":"post","link":"https:\/\/martarodriguez.com.co\/index.php\/2025\/11\/20\/0460-afrocolombianos-4-2\/","title":{"rendered":"0460 &#8211; Afrocolombianos 4 2"},"content":{"rendered":"\t\t<div data-elementor-type=\"wp-post\" data-elementor-id=\"17545\" class=\"elementor elementor-17545\">\n\t\t\t\t\t\t<section class=\"elementor-section elementor-top-section elementor-element elementor-element-74f8a36 elementor-section-boxed elementor-section-height-default elementor-section-height-default exad-glass-effect-no wpr-particle-no wpr-jarallax-no wpr-parallax-no wpr-sticky-section-no exad-sticky-section-no\" data-id=\"74f8a36\" data-element_type=\"section\">\n\t\t\t\t\t\t<div class=\"elementor-container elementor-column-gap-default\">\n\t\t\t\t\t<div class=\"elementor-column elementor-col-100 elementor-top-column elementor-element elementor-element-f089499 exad-glass-effect-no exad-sticky-section-no\" data-id=\"f089499\" data-element_type=\"column\">\n\t\t\t<div class=\"elementor-widget-wrap elementor-element-populated\">\n\t\t\t\t\t\t<div class=\"elementor-element elementor-element-fa4cada exad-sticky-section-no exad-glass-effect-no elementor-widget elementor-widget-text-editor\" data-id=\"fa4cada\" data-element_type=\"widget\" data-widget_type=\"text-editor.default\">\n\t\t\t\t<div class=\"elementor-widget-container\">\n\t\t\t<style>\/*! elementor - v3.21.0 - 15-04-2024 *\/\n.elementor-widget-text-editor.elementor-drop-cap-view-stacked .elementor-drop-cap{background-color:#69727d;color:#fff}.elementor-widget-text-editor.elementor-drop-cap-view-framed .elementor-drop-cap{color:#69727d;border:3px solid;background-color:transparent}.elementor-widget-text-editor:not(.elementor-drop-cap-view-default) .elementor-drop-cap{margin-top:8px}.elementor-widget-text-editor:not(.elementor-drop-cap-view-default) .elementor-drop-cap-letter{width:1em;height:1em}.elementor-widget-text-editor .elementor-drop-cap{float:left;text-align:center;line-height:1;font-size:50px}.elementor-widget-text-editor .elementor-drop-cap-letter{display:inline-block}<\/style>\t\t\t\t<p><strong>C\u00d3DIGO:<\/strong> 460 &#8211; Afrocolombianos 4 2<\/p><p><strong>AUTOR\/DIRECTOR\/PRODUCTOR:<\/strong> Fundaci\u00f3n Cine Documental Investigaci\u00f3n Social<\/p><p><strong>DESCRIPCI\u00d3N: <\/strong>El material corresponde a una entrevista hecha por Marta Rodriguez a una mujer desplazada. Ella afirma ser de la comunidad Chicao, Carm\u00e9n del Dari\u00e9n. La mujer cuenta que no la desplazaron directamente, pero que fue por rumores sobre los paramilitares que ven\u00edan a matarlos. No hubo una certeza directa, pero si hab\u00eda un bloqueo econ\u00f3mico impuesto en la zona, donde no pod\u00edan comprar nada ni tener nada. El Estado Colombiano no ha hecho absolutamente nada por ellos. Los sufrimientos han sido muy crueles. Un n\u00famero aproximado de quinientas personas salieron de Domingod\u00f3 desplazadas. All\u00ed la situaci\u00f3n era muy dif\u00edcil, no se pod\u00eda subsistir. Viven en una tristeza absoluta. En una casa viven hasta cinco familias, con todos los respectivos hijos, viviendo revueltos. Ella tiene diez hijos. El video se para ah\u00ed. Contin\u00faa en el siguiente casete. <br \/>\u00a0<\/p><p><strong>TOPON\u00cdMICOS:<\/strong> Hotel Bacat\u00e1\u00a0<\/p><p><strong>TEM\u00c1TICOS:<\/strong> Afrocolombiano. Afro. Congresoafrocolombiano. Campesinos. Exodo. Evento. Desplazamiento. Destierro.<\/p><p><strong>CRONOL\u00d3GICOS: <\/strong>2003\u00a0<\/p><p><strong>UNIDAD DE CONSERVACI\u00d3N:<\/strong> Pl\u00e1stico<\/p><p><strong>SOPORTE:<\/strong> Magn\u00e9tico\u00a0<\/p><p><strong>FORMATO:<\/strong> Hi8<\/p><p><strong>DURACI\u00d3N:<\/strong> 4:36<\/p><p><strong>VELOCIDAD: <\/strong>29,97<\/p><p><strong>COLOR:<\/strong> Color<\/p><p><strong>SONIDO:<\/strong> SI<\/p><p><strong>NOTAS:\u00a0<\/strong><\/p>\t\t\t\t\t\t<\/div>\n\t\t\t\t<\/div>\n\t\t\t\t\t<\/div>\n\t\t<\/div>\n\t\t\t\t\t<\/div>\n\t\t<\/section>\n\t\t\t\t<\/div>\n\t\t","protected":false},"excerpt":{"rendered":"<p>C\u00d3DIGO: 460 &#8211; Afrocolombianos 4 2 AUTOR\/DIRECTOR\/PRODUCTOR: Fundaci\u00f3n Cine Documental Investigaci\u00f3n Social DESCRIPCI\u00d3N: El material corresponde a una entrevista hecha por Marta Rodriguez a una mujer desplazada. Ella afirma ser de la comunidad Chicao, Carm\u00e9n del Dari\u00e9n. La mujer cuenta que no la desplazaron directamente, pero que fue por rumores sobre los paramilitares que ven\u00edan [&hellip;]<\/p>\n","protected":false},"author":1,"featured_media":17548,"comment_status":"closed","ping_status":"closed","sticky":false,"template":"","format":"standard","meta":{"_acf_changed":false,"footnotes":""},"categories":[23],"tags":[],"class_list":["post-17545","post","type-post","status-publish","format-standard","has-post-thumbnail","hentry","category-imagenes-en-movimiento","rsfv-has-video"],"acf":[],"_links":{"self":[{"href":"https:\/\/martarodriguez.com.co\/index.php\/wp-json\/wp\/v2\/posts\/17545","targetHints":{"allow":["GET"]}}],"collection":[{"href":"https:\/\/martarodriguez.com.co\/index.php\/wp-json\/wp\/v2\/posts"}],"about":[{"href":"https:\/\/martarodriguez.com.co\/index.php\/wp-json\/wp\/v2\/types\/post"}],"author":[{"embeddable":true,"href":"https:\/\/martarodriguez.com.co\/index.php\/wp-json\/wp\/v2\/users\/1"}],"replies":[{"embeddable":true,"href":"https:\/\/martarodriguez.com.co\/index.php\/wp-json\/wp\/v2\/comments?post=17545"}],"version-history":[{"count":6,"href":"https:\/\/martarodriguez.com.co\/index.php\/wp-json\/wp\/v2\/posts\/17545\/revisions"}],"predecessor-version":[{"id":17815,"href":"https:\/\/martarodriguez.com.co\/index.php\/wp-json\/wp\/v2\/posts\/17545\/revisions\/17815"}],"wp:featuredmedia":[{"embeddable":true,"href":"https:\/\/martarodriguez.com.co\/index.php\/wp-json\/wp\/v2\/media\/17548"}],"wp:attachment":[{"href":"https:\/\/martarodriguez.com.co\/index.php\/wp-json\/wp\/v2\/media?parent=17545"}],"wp:term":[{"taxonomy":"category","embeddable":true,"href":"https:\/\/martarodriguez.com.co\/index.php\/wp-json\/wp\/v2\/categories?post=17545"},{"taxonomy":"post_tag","embeddable":true,"href":"https:\/\/martarodriguez.com.co\/index.php\/wp-json\/wp\/v2\/tags?post=17545"}],"curies":[{"name":"wp","href":"https:\/\/api.w.org\/{rel}","templated":true}]}}