{"id":17539,"date":"2025-11-20T22:09:51","date_gmt":"2025-11-20T22:09:51","guid":{"rendered":"https:\/\/martarodriguez.com.co\/?p=17539"},"modified":"2025-12-01T18:06:28","modified_gmt":"2025-12-01T18:06:28","slug":"0460-afrocolombianos-4","status":"publish","type":"post","link":"https:\/\/martarodriguez.com.co\/index.php\/2025\/11\/20\/0460-afrocolombianos-4\/","title":{"rendered":"0460 &#8211; Afrocolombianos 4"},"content":{"rendered":"\t\t<div data-elementor-type=\"wp-post\" data-elementor-id=\"17539\" class=\"elementor elementor-17539\">\n\t\t\t\t\t\t<section class=\"elementor-section elementor-top-section elementor-element elementor-element-74f8a36 elementor-section-boxed elementor-section-height-default elementor-section-height-default exad-glass-effect-no wpr-particle-no wpr-jarallax-no wpr-parallax-no wpr-sticky-section-no exad-sticky-section-no\" data-id=\"74f8a36\" data-element_type=\"section\">\n\t\t\t\t\t\t<div class=\"elementor-container elementor-column-gap-default\">\n\t\t\t\t\t<div class=\"elementor-column elementor-col-100 elementor-top-column elementor-element elementor-element-f089499 exad-glass-effect-no exad-sticky-section-no\" data-id=\"f089499\" data-element_type=\"column\">\n\t\t\t<div class=\"elementor-widget-wrap elementor-element-populated\">\n\t\t\t\t\t\t<div class=\"elementor-element elementor-element-fa4cada exad-sticky-section-no exad-glass-effect-no elementor-widget elementor-widget-text-editor\" data-id=\"fa4cada\" data-element_type=\"widget\" data-widget_type=\"text-editor.default\">\n\t\t\t\t<div class=\"elementor-widget-container\">\n\t\t\t<style>\/*! elementor - v3.21.0 - 15-04-2024 *\/\n.elementor-widget-text-editor.elementor-drop-cap-view-stacked .elementor-drop-cap{background-color:#69727d;color:#fff}.elementor-widget-text-editor.elementor-drop-cap-view-framed .elementor-drop-cap{color:#69727d;border:3px solid;background-color:transparent}.elementor-widget-text-editor:not(.elementor-drop-cap-view-default) .elementor-drop-cap{margin-top:8px}.elementor-widget-text-editor:not(.elementor-drop-cap-view-default) .elementor-drop-cap-letter{width:1em;height:1em}.elementor-widget-text-editor .elementor-drop-cap{float:left;text-align:center;line-height:1;font-size:50px}.elementor-widget-text-editor .elementor-drop-cap-letter{display:inline-block}<\/style>\t\t\t\t<p><strong>C\u00d3DIGO:<\/strong> 460 &#8211; Afrocolombianos 4<\/p><p><strong>AUTOR\/DIRECTOR\/PRODUCTOR:<\/strong> Fundaci\u00f3n Cine Documental Investigaci\u00f3n Social<\/p><p><strong>DESCRIPCI\u00d3N: <\/strong>El material es un fragmento de 22 minutos de foro de afrocolombianos. Comienza con una mujer hablando sobre la importancia de crear una base de apoyo afro mutua, tambi\u00e9n de la apropiaci\u00f3n territorial e incidir en el territorio en una articulaci\u00f3n conjunta de las y los j\u00f3venes afrocolombianos, promoviendo la resistencia en el territorio. Promover la autonom\u00eda. Constituir consejos comunitarios en \u00e1reas donde no existen. C\u00edrculos de estudio. Tertulia comunitaria. Desarrollo econ\u00f3mico y econom\u00eda juvenil. Proyectar la industrializaci\u00f3n y comercializaci\u00f3n agr\u00edcola de territorios afro. Elaboraci\u00f3n de proyectos empresariales con enfoque \u00e9tnico y racial. Crear un punto de encuentro, reflexi\u00f3n para buscar alternativas y soluciones para los problemas de la comunidad afrocolombiana en las ciudades. Los planes de desarrollo deben tener participaci\u00f3n afrocolombiana, tanto nacional como departamental y local. Garantizar la protecci\u00f3n a los derechos humanos. Formar a los j\u00f3venes en proyectos educativos con enfoque ambiental. El tema ambiental debe ser trasversal a las prioridades de la lucha afro, pues no se entiende lo afro sin relaci\u00f3n con la naturaleza y el territorio. Luego de la intervenci\u00f3n de la mujer, sigue una ronda de palabras de varias personas afro que tienen temas similares entre s\u00ed, cuyo enfoque especial es la unidad entre la comunidad afro. Exigir igualdad. Proteger el territorio y los derechos humanos. Romper la estratificaci\u00f3n. La juventud tiene que asumir una posici\u00f3n cr\u00edtica frente al uso y consumo de drogas. La posibilidad de la creaci\u00f3n de una universidad Afro, cuya visi\u00f3n tenga un enfoque racial, dejando de mendigar los cupos que hay con convenios universitarios, etc. Que cada joven tenga un compromiso de trabajo con su territorio. La ronda de palabras contin\u00faa. Luego hay una entrevista con una mujer que cuenta su desplazamiento. El video se corta y as\u00ed termina.\u00a0\u00a0<\/p><p><strong>TOPON\u00cdMICOS:<\/strong> Hotel Bacat\u00e1\u00a0<\/p><p><strong>TEM\u00c1TICOS:<\/strong> Afrocolombiano. Afro. Congresoafrocolombiano. Campesinos. Exodo. Evento. Desplazamiento. Destierro.<\/p><p><strong>CRONOL\u00d3GICOS: <\/strong>2003\u00a0<\/p><p><strong>UNIDAD DE CONSERVACI\u00d3N:<\/strong> Pl\u00e1stico<\/p><p><strong>SOPORTE:<\/strong> Magn\u00e9tico\u00a0<\/p><p><strong>FORMATO:<\/strong> Hi8<\/p><p><strong>DURACI\u00d3N:<\/strong> 22:37:00<\/p><p><strong>VELOCIDAD: <\/strong>29,97<\/p><p><strong>COLOR:<\/strong> Color<\/p><p><strong>SONIDO:<\/strong> SI<\/p><p><strong>NOTAS:\u00a0<\/strong><\/p>\t\t\t\t\t\t<\/div>\n\t\t\t\t<\/div>\n\t\t\t\t\t<\/div>\n\t\t<\/div>\n\t\t\t\t\t<\/div>\n\t\t<\/section>\n\t\t\t\t<\/div>\n\t\t","protected":false},"excerpt":{"rendered":"<p>C\u00d3DIGO: 460 &#8211; Afrocolombianos 4 AUTOR\/DIRECTOR\/PRODUCTOR: Fundaci\u00f3n Cine Documental Investigaci\u00f3n Social DESCRIPCI\u00d3N: El material es un fragmento de 22 minutos de foro de afrocolombianos. Comienza con una mujer hablando sobre la importancia de crear una base de apoyo afro mutua, tambi\u00e9n de la apropiaci\u00f3n territorial e incidir en el territorio en una articulaci\u00f3n conjunta de [&hellip;]<\/p>\n","protected":false},"author":1,"featured_media":17540,"comment_status":"closed","ping_status":"closed","sticky":false,"template":"","format":"standard","meta":{"_acf_changed":false,"footnotes":""},"categories":[23],"tags":[],"class_list":["post-17539","post","type-post","status-publish","format-standard","has-post-thumbnail","hentry","category-imagenes-en-movimiento","rsfv-has-video"],"acf":[],"_links":{"self":[{"href":"https:\/\/martarodriguez.com.co\/index.php\/wp-json\/wp\/v2\/posts\/17539","targetHints":{"allow":["GET"]}}],"collection":[{"href":"https:\/\/martarodriguez.com.co\/index.php\/wp-json\/wp\/v2\/posts"}],"about":[{"href":"https:\/\/martarodriguez.com.co\/index.php\/wp-json\/wp\/v2\/types\/post"}],"author":[{"embeddable":true,"href":"https:\/\/martarodriguez.com.co\/index.php\/wp-json\/wp\/v2\/users\/1"}],"replies":[{"embeddable":true,"href":"https:\/\/martarodriguez.com.co\/index.php\/wp-json\/wp\/v2\/comments?post=17539"}],"version-history":[{"count":5,"href":"https:\/\/martarodriguez.com.co\/index.php\/wp-json\/wp\/v2\/posts\/17539\/revisions"}],"predecessor-version":[{"id":17816,"href":"https:\/\/martarodriguez.com.co\/index.php\/wp-json\/wp\/v2\/posts\/17539\/revisions\/17816"}],"wp:featuredmedia":[{"embeddable":true,"href":"https:\/\/martarodriguez.com.co\/index.php\/wp-json\/wp\/v2\/media\/17540"}],"wp:attachment":[{"href":"https:\/\/martarodriguez.com.co\/index.php\/wp-json\/wp\/v2\/media?parent=17539"}],"wp:term":[{"taxonomy":"category","embeddable":true,"href":"https:\/\/martarodriguez.com.co\/index.php\/wp-json\/wp\/v2\/categories?post=17539"},{"taxonomy":"post_tag","embeddable":true,"href":"https:\/\/martarodriguez.com.co\/index.php\/wp-json\/wp\/v2\/tags?post=17539"}],"curies":[{"name":"wp","href":"https:\/\/api.w.org\/{rel}","templated":true}]}}