{"id":17458,"date":"2025-11-20T17:53:03","date_gmt":"2025-11-20T17:53:03","guid":{"rendered":"https:\/\/martarodriguez.com.co\/?p=17458"},"modified":"2025-12-01T18:08:16","modified_gmt":"2025-12-01T18:08:16","slug":"0448-territorio-cultura-y-desplazamiento-10","status":"publish","type":"post","link":"https:\/\/martarodriguez.com.co\/index.php\/2025\/11\/20\/0448-territorio-cultura-y-desplazamiento-10\/","title":{"rendered":"0448 &#8211; Territorio, Cultura y Desplazamiento #10"},"content":{"rendered":"\t\t<div data-elementor-type=\"wp-post\" data-elementor-id=\"17458\" class=\"elementor elementor-17458\">\n\t\t\t\t\t\t<section class=\"elementor-section elementor-top-section elementor-element elementor-element-74f8a36 elementor-section-boxed elementor-section-height-default elementor-section-height-default exad-glass-effect-no wpr-particle-no wpr-jarallax-no wpr-parallax-no wpr-sticky-section-no exad-sticky-section-no\" data-id=\"74f8a36\" data-element_type=\"section\">\n\t\t\t\t\t\t<div class=\"elementor-container elementor-column-gap-default\">\n\t\t\t\t\t<div class=\"elementor-column elementor-col-100 elementor-top-column elementor-element elementor-element-f089499 exad-glass-effect-no exad-sticky-section-no\" data-id=\"f089499\" data-element_type=\"column\">\n\t\t\t<div class=\"elementor-widget-wrap elementor-element-populated\">\n\t\t\t\t\t\t<div class=\"elementor-element elementor-element-fa4cada exad-sticky-section-no exad-glass-effect-no elementor-widget elementor-widget-text-editor\" data-id=\"fa4cada\" data-element_type=\"widget\" data-widget_type=\"text-editor.default\">\n\t\t\t\t<div class=\"elementor-widget-container\">\n\t\t\t<style>\/*! elementor - v3.21.0 - 15-04-2024 *\/\n.elementor-widget-text-editor.elementor-drop-cap-view-stacked .elementor-drop-cap{background-color:#69727d;color:#fff}.elementor-widget-text-editor.elementor-drop-cap-view-framed .elementor-drop-cap{color:#69727d;border:3px solid;background-color:transparent}.elementor-widget-text-editor:not(.elementor-drop-cap-view-default) .elementor-drop-cap{margin-top:8px}.elementor-widget-text-editor:not(.elementor-drop-cap-view-default) .elementor-drop-cap-letter{width:1em;height:1em}.elementor-widget-text-editor .elementor-drop-cap{float:left;text-align:center;line-height:1;font-size:50px}.elementor-widget-text-editor .elementor-drop-cap-letter{display:inline-block}<\/style>\t\t\t\t<p><strong>C\u00d3DIGO:<\/strong> 448 &#8211; Territorio, Cultura y Desplazamiento #10\u00a0<\/p><p><strong>AUTOR\/DIRECTOR\/PRODUCTOR:<\/strong> Fundaci\u00f3n Cine Documental Investigaci\u00f3n Social<\/p><p><strong>DESCRIPCI\u00d3N:<\/strong>Comienza con un grupo de ni\u00f1os reflexionando sobre el desplazamiento y el valor art\u00edstico que tiene el trabajo de los menores en el teatro. Cada ni\u00f1o est\u00e1 contando su situaci\u00f3n de desplazamiento, se\u00f1alando a los actores precisos que causan la violencia en su regi\u00f3n. Un ni\u00f1o resume la vida en el campo y su ubicaci\u00f3n. Quedaba en el municipio de Tulu\u00e1, Valle del Cauca. El ni\u00f1o dice que sembraban ma\u00edz, tomate, que ten\u00edan una yegua, la casa era espaciosa para una familia numerosa. El ni\u00f1o viv\u00eda con la t\u00eda, quien desapareci\u00f3 luego de que la bajaran de un bus. El ni\u00f1o se corta de dolor cuando habla de la t\u00eda y la mam\u00e1. Luego otro ni\u00f1o cuenta su historia en el teatro luego del desplazamiento, haciendo m\u00e1scaras y actuando en sus propias historias. \u00c9l y su familia se desplazaron porque en la vereda vecina de la suya, empezaron a matar a la gente y la familia decidi\u00f3 desplazarse por miedo. A continuaci\u00f3n una ni\u00f1a cuenta sobre su desplazamiento, el miedo sigue siendo el factor fundamental del desplazamiento. La ni\u00f1a se llama Yasalin Garc\u00e9s. La siguiente ni\u00f1a se llama Claudia Yamilse Flores. Ella cuenta que cuando ella a\u00fan viv\u00eda en su casa, la vecina lleg\u00f3 con un comunicado de un grupo armado donde dec\u00eda que si las familias no se iban, las iban a matar. Ella dice que la vida en su finca era muy buena, sembraban mango y otros productos. Otra ni\u00f1a cuenta que se enter\u00f3 de la orden de desplazamiento que otro grupo armado hab\u00eda dado en la regi\u00f3n por sus profesoras, porque las escuch\u00f3 hablando. La alcald\u00eda mand\u00f3 dos volquetas para que todas las familias de la regi\u00f3n se desplazaran. Llegaron a vivir en Puerto Frazadas.<\/p><p><strong>IDIOMA:<\/strong> Espa\u00f1ol\u00a0<\/p><p><strong>PERSONA JUR\u00cdDICA\/NATURAL\/ROL:<\/strong> Patricia Ariza. Orlando Fals Borda. Arturo Alape. Hernando G\u00f3mez. Alfredo Molano. Cresp\u00edn Izquierdo.\u00a0<\/p><p><strong>TOPON\u00cdMICOS:<\/strong> Hotel Tequendama Bogot\u00e1 &#8211; Colombia\u00a0<\/p><p><strong>TEM\u00c1TICOS:<\/strong> Desplazados. Ni\u00f1ez. Teatro. Guerra. Propuesta art\u00edstica.<\/p><p><strong>CRONOL\u00d3GICOS: <\/strong>1999 &#8211; 2002\u00a0<\/p><p><strong>UNIDAD DE CONSERVACI\u00d3N:<\/strong> Pl\u00e1stico<\/p><p><strong>SOPORTE:<\/strong> Magn\u00e9tico\u00a0<\/p><p><strong>FORMATO:<\/strong> Hi8<\/p><p><strong>DURACI\u00d3N:<\/strong> 01:01:53<\/p><p><strong>VELOCIDAD: <\/strong>29,97<\/p><p><strong>COLOR:<\/strong> Color<\/p><p><strong>SONIDO:<\/strong> SI<\/p><p><strong>NOTAS:\u00a0<\/strong><\/p>\t\t\t\t\t\t<\/div>\n\t\t\t\t<\/div>\n\t\t\t\t\t<\/div>\n\t\t<\/div>\n\t\t\t\t\t<\/div>\n\t\t<\/section>\n\t\t\t\t<\/div>\n\t\t","protected":false},"excerpt":{"rendered":"<p>C\u00d3DIGO: 448 &#8211; Territorio, Cultura y Desplazamiento #10\u00a0 AUTOR\/DIRECTOR\/PRODUCTOR: Fundaci\u00f3n Cine Documental Investigaci\u00f3n Social DESCRIPCI\u00d3N:Comienza con un grupo de ni\u00f1os reflexionando sobre el desplazamiento y el valor art\u00edstico que tiene el trabajo de los menores en el teatro. Cada ni\u00f1o est\u00e1 contando su situaci\u00f3n de desplazamiento, se\u00f1alando a los actores precisos que causan la violencia [&hellip;]<\/p>\n","protected":false},"author":1,"featured_media":17460,"comment_status":"closed","ping_status":"closed","sticky":false,"template":"","format":"standard","meta":{"_acf_changed":false,"footnotes":""},"categories":[23],"tags":[231,164,513,1543,457,48,2580],"class_list":["post-17458","post","type-post","status-publish","format-standard","has-post-thumbnail","hentry","category-imagenes-en-movimiento","tag-arturo-alape","tag-campesinos","tag-colombia","tag-cundinamarca","tag-jorge-silva","tag-marta-rodriguez","tag-viota","rsfv-has-video"],"acf":[],"_links":{"self":[{"href":"https:\/\/martarodriguez.com.co\/index.php\/wp-json\/wp\/v2\/posts\/17458","targetHints":{"allow":["GET"]}}],"collection":[{"href":"https:\/\/martarodriguez.com.co\/index.php\/wp-json\/wp\/v2\/posts"}],"about":[{"href":"https:\/\/martarodriguez.com.co\/index.php\/wp-json\/wp\/v2\/types\/post"}],"author":[{"embeddable":true,"href":"https:\/\/martarodriguez.com.co\/index.php\/wp-json\/wp\/v2\/users\/1"}],"replies":[{"embeddable":true,"href":"https:\/\/martarodriguez.com.co\/index.php\/wp-json\/wp\/v2\/comments?post=17458"}],"version-history":[{"count":5,"href":"https:\/\/martarodriguez.com.co\/index.php\/wp-json\/wp\/v2\/posts\/17458\/revisions"}],"predecessor-version":[{"id":17828,"href":"https:\/\/martarodriguez.com.co\/index.php\/wp-json\/wp\/v2\/posts\/17458\/revisions\/17828"}],"wp:featuredmedia":[{"embeddable":true,"href":"https:\/\/martarodriguez.com.co\/index.php\/wp-json\/wp\/v2\/media\/17460"}],"wp:attachment":[{"href":"https:\/\/martarodriguez.com.co\/index.php\/wp-json\/wp\/v2\/media?parent=17458"}],"wp:term":[{"taxonomy":"category","embeddable":true,"href":"https:\/\/martarodriguez.com.co\/index.php\/wp-json\/wp\/v2\/categories?post=17458"},{"taxonomy":"post_tag","embeddable":true,"href":"https:\/\/martarodriguez.com.co\/index.php\/wp-json\/wp\/v2\/tags?post=17458"}],"curies":[{"name":"wp","href":"https:\/\/api.w.org\/{rel}","templated":true}]}}