{"id":17408,"date":"2025-11-20T15:45:54","date_gmt":"2025-11-20T15:45:54","guid":{"rendered":"https:\/\/martarodriguez.com.co\/?p=17408"},"modified":"2025-11-20T15:47:58","modified_gmt":"2025-11-20T15:47:58","slug":"0566-4-soraya-vallecillas","status":"publish","type":"post","link":"https:\/\/martarodriguez.com.co\/index.php\/2025\/11\/20\/0566-4-soraya-vallecillas\/","title":{"rendered":"0566 &#8211; #4 soraya vallecillas"},"content":{"rendered":"\t\t<div data-elementor-type=\"wp-post\" data-elementor-id=\"17408\" class=\"elementor elementor-17408\">\n\t\t\t\t\t\t<section class=\"elementor-section elementor-top-section elementor-element elementor-element-74f8a36 elementor-section-boxed elementor-section-height-default elementor-section-height-default exad-glass-effect-no wpr-particle-no wpr-jarallax-no wpr-parallax-no wpr-sticky-section-no exad-sticky-section-no\" data-id=\"74f8a36\" data-element_type=\"section\">\n\t\t\t\t\t\t<div class=\"elementor-container elementor-column-gap-default\">\n\t\t\t\t\t<div class=\"elementor-column elementor-col-100 elementor-top-column elementor-element elementor-element-f089499 exad-glass-effect-no exad-sticky-section-no\" data-id=\"f089499\" data-element_type=\"column\">\n\t\t\t<div class=\"elementor-widget-wrap elementor-element-populated\">\n\t\t\t\t\t\t<div class=\"elementor-element elementor-element-fa4cada exad-sticky-section-no exad-glass-effect-no elementor-widget elementor-widget-text-editor\" data-id=\"fa4cada\" data-element_type=\"widget\" data-widget_type=\"text-editor.default\">\n\t\t\t\t<div class=\"elementor-widget-container\">\n\t\t\t<style>\/*! elementor - v3.21.0 - 15-04-2024 *\/\n.elementor-widget-text-editor.elementor-drop-cap-view-stacked .elementor-drop-cap{background-color:#69727d;color:#fff}.elementor-widget-text-editor.elementor-drop-cap-view-framed .elementor-drop-cap{color:#69727d;border:3px solid;background-color:transparent}.elementor-widget-text-editor:not(.elementor-drop-cap-view-default) .elementor-drop-cap{margin-top:8px}.elementor-widget-text-editor:not(.elementor-drop-cap-view-default) .elementor-drop-cap-letter{width:1em;height:1em}.elementor-widget-text-editor .elementor-drop-cap{float:left;text-align:center;line-height:1;font-size:50px}.elementor-widget-text-editor .elementor-drop-cap-letter{display:inline-block}<\/style>\t\t\t\t<p><strong>C\u00d3DIGO:<\/strong> 0566 &#8211; #6 soraya vallecillas<\/p><p><strong>AUTOR\/DIRECTOR\/PRODUCTOR:<\/strong> Fundaci\u00f3n Cine Documental Investigaci\u00f3n Social<\/p><p><strong>DESCRIPCI\u00d3N:<\/strong> Empieza con un paneo de un barco Amerindia II saliendo del puerto hasta la orilla del puerto. Luego sigue una toma de Soraya haciendo una ensalada mientras Vallecillas intenta hacer la conversaci\u00f3n. Luego Vallecillas vuelve a comparar la esclavitud con el desplazamiento, a hablar sobre la perdida de seres queridos. Luego hay varias tomas de ellos conversando sobre las vacaciones de los ni\u00f1os, sobre el colegio y la matricula, sobre las materias perdidas. Luego hay unas tomas de las calles aleda\u00f1as al puerto, y de Vallecillas con su coche jalado por un caballo, y llegando al puesto de Soraya. Despu\u00e9s siguen unas tomas a la orilla del puerto, de una vendedora de pescado. Luego siguen unas tomas de fotograf\u00edas del entierro de Marta Palma y otras de ella, en el sonido ambiente cae un tremendo aguacero. Luego sigue una toma de la casa Ana Felipa con ella en la puerta, dirigi\u00e9ndose a hacia la c\u00e1mara, y tambi\u00e9n de la casa sale el hijo mayor de Marta (Gonzalo). Luego unas tomas de las v\u00edas del barrio. La toma de ellos saliendo de casa se repite, luego ellos caminando por el barrio, y luego por Turbo, en direcci\u00f3n al cementerio. Luego una toma de la entrada del cementerio y ellos entrando, recorri\u00e9ndolo y finalmente frente a la tumba de Marta Palma, madre, hija, hermana. Luego ellos hablan de su dolor, de su duelo, de que no hab\u00edan vuelto despu\u00e9s del entierro. Gonzalo cuenta c\u00f3mo fueron las \u00faltimas horas de su padre, Jos\u00e9 Domingo, que ten\u00eda 18 a\u00f1os cuando ocurri\u00f3, dice que mucha gente tambi\u00e9n ha quedado huerfana por la guerra. Ana Felipa igualmente cuenta que otro de sus nietos tambi\u00e9n fue huerfano, su hijo mayor lo perdi\u00f3 en la masacre de La Chinita. Gonzalo responde a una pregunta de Marta Rodr\u00edguez sobre qu\u00e9 piensa de la guerra; &#8220;Choc\u00f3 en esta violencia ha sufrido mucho&#8221;. Dice que hay que tratar de seguir adelante, super\u00e1ndose, con la ayuda de Dios. Comenta igualmente que quiere estudiar Sistemas. Responde una pregunta sobre qu\u00e9 piensa sobre su padre; &#8220;era un hombre trabajador, me valoraba mucho, me alcahuetiava, y que para mi fue un buen padre mientras estuvo vivo, responsable y todo eso.&#8221; Luego habla sobre c\u00f3mo qued\u00f3 sin herencia a causa del desplazamiento. Luego comenta sobre la personalidad de Marta; &#8220;se la llevaba muy bien con todos&#8221;. Luego hablan sobre la causa de muerte de Marta Palma; pena moral. Luego Gonzalo responde una pregunta sobre c\u00f3mo hacer que acabe el dolor, dice que hay que concientizar a los grupos armados. Cuenta que fueron los paramilitares quienes asesinaron a su padre, y que tambi\u00e9n muri\u00f3 por la misma bala, una sobrina de 8 a\u00f1os. Luego hablan de los \u00faltimos momentos de Jos\u00e9 Domingo, quien recibi\u00f3 cuatro impactos, y a los cuatro d\u00edas se desplazaron, y eso salv\u00f3 a los hijos de Marta Palma de ser reclutados por el frente 47 de las FARC. Siguen unas tomas de la entrada del cementerio sin personas. Luego Ana Felipa cuenta c\u00f3mo fue el d\u00eda del entierro de Marta y por qu\u00e9 no hab\u00eda vuelto. Luego Alicia tambi\u00e9n cuenta c\u00f3mo fue tambi\u00e9n el d\u00eda del entierro de su marido, y de su trauma de estar en el cementerio. Entonces Ana Felipa recuerda c\u00f3mo lleg\u00f3 Marta de Medell\u00edn e implora fortaleza a Dios. Siguen unas tomas, por dentro y por fuera, de una casa deshabitada, abandonada, llena de matas. Luego una toma de un ni\u00f1o jugando con un carro y con el barro, haciendo bolitas de greda y tierra, mientras se van uniendo otros ni\u00f1os.<\/p><p><strong>IDIOMA:<\/strong> Espa\u00f1ol\u00a0<\/p><p><strong>PERSONA JUR\u00cdDICA\/NATURAL\/ROL:<\/strong> Soraya Palacios, Marta Palma, Gonzalo Domingo<\/p><p><strong>TOPON\u00cdMICOS:<\/strong> Turbo, Curvarad\u00f3,<\/p><p><strong>TEM\u00c1TICOS:<\/strong> Soraya: amor no es olvido (2006) y Una sola casa se vence (2004), Desplazados, Desterrados, Comunidades Negras, Desplazamiento<\/p><p><strong>CRONOL\u00d3GICOS:<\/strong> 2003\u00a0<\/p><p><strong>UNIDAD DE CONSERVACI\u00d3N:<\/strong> Pl\u00e1stico<\/p><p><strong>SOPORTE:<\/strong> Magn\u00e9tico\u00a0<\/p><p><strong>FORMATO:<\/strong> Hi8<\/p><p><strong>DURACI\u00d3N:<\/strong> 01:01:55<\/p><p><strong>VELOCIDAD: <\/strong>29,97<\/p><p><strong>COLOR:<\/strong> Color<\/p><p><strong>SONIDO:<\/strong> SI<\/p><p><strong>NOTAS:<\/strong>La c\u00e1mara la hizo Fernando Restrepo. Habr\u00eda que determinar la fecha, el tiempo y los camar\u00f3grafos que hicieron los dos viajes de grabaci\u00f3n de los rushes de Una sola casa se vence y Soraya: amor no es olvido.<\/p>\t\t\t\t\t\t<\/div>\n\t\t\t\t<\/div>\n\t\t\t\t\t<\/div>\n\t\t<\/div>\n\t\t\t\t\t<\/div>\n\t\t<\/section>\n\t\t\t\t<\/div>\n\t\t","protected":false},"excerpt":{"rendered":"<p>C\u00d3DIGO: 0566 &#8211; #6 soraya vallecillas AUTOR\/DIRECTOR\/PRODUCTOR: Fundaci\u00f3n Cine Documental Investigaci\u00f3n Social DESCRIPCI\u00d3N: Empieza con un paneo de un barco Amerindia II saliendo del puerto hasta la orilla del puerto. Luego sigue una toma de Soraya haciendo una ensalada mientras Vallecillas intenta hacer la conversaci\u00f3n. Luego Vallecillas vuelve a comparar la esclavitud con el desplazamiento, [&hellip;]<\/p>\n","protected":false},"author":1,"featured_media":17410,"comment_status":"closed","ping_status":"closed","sticky":false,"template":"","format":"standard","meta":{"_acf_changed":false,"footnotes":""},"categories":[23],"tags":[231,164,513,1543,457,48,2580],"class_list":["post-17408","post","type-post","status-publish","format-standard","has-post-thumbnail","hentry","category-imagenes-en-movimiento","tag-arturo-alape","tag-campesinos","tag-colombia","tag-cundinamarca","tag-jorge-silva","tag-marta-rodriguez","tag-viota","rsfv-has-video"],"acf":[],"_links":{"self":[{"href":"https:\/\/martarodriguez.com.co\/index.php\/wp-json\/wp\/v2\/posts\/17408","targetHints":{"allow":["GET"]}}],"collection":[{"href":"https:\/\/martarodriguez.com.co\/index.php\/wp-json\/wp\/v2\/posts"}],"about":[{"href":"https:\/\/martarodriguez.com.co\/index.php\/wp-json\/wp\/v2\/types\/post"}],"author":[{"embeddable":true,"href":"https:\/\/martarodriguez.com.co\/index.php\/wp-json\/wp\/v2\/users\/1"}],"replies":[{"embeddable":true,"href":"https:\/\/martarodriguez.com.co\/index.php\/wp-json\/wp\/v2\/comments?post=17408"}],"version-history":[{"count":4,"href":"https:\/\/martarodriguez.com.co\/index.php\/wp-json\/wp\/v2\/posts\/17408\/revisions"}],"predecessor-version":[{"id":17413,"href":"https:\/\/martarodriguez.com.co\/index.php\/wp-json\/wp\/v2\/posts\/17408\/revisions\/17413"}],"wp:featuredmedia":[{"embeddable":true,"href":"https:\/\/martarodriguez.com.co\/index.php\/wp-json\/wp\/v2\/media\/17410"}],"wp:attachment":[{"href":"https:\/\/martarodriguez.com.co\/index.php\/wp-json\/wp\/v2\/media?parent=17408"}],"wp:term":[{"taxonomy":"category","embeddable":true,"href":"https:\/\/martarodriguez.com.co\/index.php\/wp-json\/wp\/v2\/categories?post=17408"},{"taxonomy":"post_tag","embeddable":true,"href":"https:\/\/martarodriguez.com.co\/index.php\/wp-json\/wp\/v2\/tags?post=17408"}],"curies":[{"name":"wp","href":"https:\/\/api.w.org\/{rel}","templated":true}]}}