{"id":17152,"date":"2025-11-18T20:26:50","date_gmt":"2025-11-18T20:26:50","guid":{"rendered":"https:\/\/martarodriguez.com.co\/?p=17152"},"modified":"2025-11-18T20:29:37","modified_gmt":"2025-11-18T20:29:37","slug":"unidad-indigena-no-47-ano-6-marzo-de-1981_el-unuma-denuncia","status":"publish","type":"post","link":"https:\/\/martarodriguez.com.co\/index.php\/2025\/11\/18\/unidad-indigena-no-47-ano-6-marzo-de-1981_el-unuma-denuncia\/","title":{"rendered":"H02560d UI 47 &#8211; El Unuma denuncia"},"content":{"rendered":"\t\t<div data-elementor-type=\"wp-post\" data-elementor-id=\"17152\" class=\"elementor elementor-17152\">\n\t\t\t\t\t\t<section class=\"elementor-section elementor-top-section elementor-element elementor-element-77752575 elementor-section-boxed elementor-section-height-default elementor-section-height-default exad-glass-effect-no wpr-particle-no wpr-jarallax-no wpr-parallax-no wpr-sticky-section-no exad-sticky-section-no\" data-id=\"77752575\" data-element_type=\"section\">\n\t\t\t\t\t\t<div class=\"elementor-container elementor-column-gap-default\">\n\t\t\t\t\t<div class=\"elementor-column elementor-col-100 elementor-top-column elementor-element elementor-element-6fd6a63d exad-glass-effect-no exad-sticky-section-no\" data-id=\"6fd6a63d\" data-element_type=\"column\">\n\t\t\t<div class=\"elementor-widget-wrap elementor-element-populated\">\n\t\t\t\t\t\t<div class=\"elementor-element elementor-element-ff202df exad-sticky-section-no exad-glass-effect-no elementor-widget elementor-widget-image\" data-id=\"ff202df\" data-element_type=\"widget\" data-widget_type=\"image.default\">\n\t\t\t\t<div class=\"elementor-widget-container\">\n\t\t\t<style>\/*! elementor - v3.21.0 - 15-04-2024 *\/\n.elementor-widget-image{text-align:center}.elementor-widget-image a{display:inline-block}.elementor-widget-image a img[src$=\".svg\"]{width:48px}.elementor-widget-image img{vertical-align:middle;display:inline-block}<\/style>\t\t\t\t\t\t\t\t\t\t<img fetchpriority=\"high\" decoding=\"async\" width=\"1000\" height=\"1280\" src=\"https:\/\/martarodriguez.com.co\/wp-content\/uploads\/2025\/11\/4-4.jpg\" class=\"attachment-2048x2048 size-2048x2048 wp-image-17156\" alt=\"\" srcset=\"https:\/\/martarodriguez.com.co\/wp-content\/uploads\/2025\/11\/4-4.jpg 1000w, https:\/\/martarodriguez.com.co\/wp-content\/uploads\/2025\/11\/4-4-234x300.jpg 234w, https:\/\/martarodriguez.com.co\/wp-content\/uploads\/2025\/11\/4-4-800x1024.jpg 800w, https:\/\/martarodriguez.com.co\/wp-content\/uploads\/2025\/11\/4-4-768x983.jpg 768w, https:\/\/martarodriguez.com.co\/wp-content\/uploads\/2025\/11\/4-4-750x960.jpg 750w, https:\/\/martarodriguez.com.co\/wp-content\/uploads\/2025\/11\/4-4-600x768.jpg 600w\" sizes=\"(max-width: 1000px) 100vw, 1000px\" \/>\t\t\t\t\t\t\t\t\t\t\t\t\t<\/div>\n\t\t\t\t<\/div>\n\t\t\t\t<div class=\"elementor-element elementor-element-77b5c1c exad-sticky-section-no exad-glass-effect-no elementor-widget elementor-widget-text-editor\" data-id=\"77b5c1c\" data-element_type=\"widget\" data-widget_type=\"text-editor.default\">\n\t\t\t\t<div class=\"elementor-widget-container\">\n\t\t\t<style>\/*! elementor - v3.21.0 - 15-04-2024 *\/\n.elementor-widget-text-editor.elementor-drop-cap-view-stacked .elementor-drop-cap{background-color:#69727d;color:#fff}.elementor-widget-text-editor.elementor-drop-cap-view-framed .elementor-drop-cap{color:#69727d;border:3px solid;background-color:transparent}.elementor-widget-text-editor:not(.elementor-drop-cap-view-default) .elementor-drop-cap{margin-top:8px}.elementor-widget-text-editor:not(.elementor-drop-cap-view-default) .elementor-drop-cap-letter{width:1em;height:1em}.elementor-widget-text-editor .elementor-drop-cap{float:left;text-align:center;line-height:1;font-size:50px}.elementor-widget-text-editor .elementor-drop-cap-letter{display:inline-block}<\/style>\t\t\t\t<p><span data-sheets-root=\"1\">Carta abierta, escrita a mano, dirigida al pueblo colombiano, suscrita por cinco miembros de la organizaci\u00f3n ind\u00edgena UNUMA, de la Comisaria del Vichada, en la que se denuncian atropellos y abusos de misi\u00f3n Tsunape y de colonos, en particular de un supuesto indigenista llamado Pacho Salazar<\/span><\/p>\t\t\t\t\t\t<\/div>\n\t\t\t\t<\/div>\n\t\t\t\t<div class=\"elementor-element elementor-element-496b670 exad-sticky-section-no exad-glass-effect-no elementor-widget elementor-widget-text-editor\" data-id=\"496b670\" data-element_type=\"widget\" data-widget_type=\"text-editor.default\">\n\t\t\t\t<div class=\"elementor-widget-container\">\n\t\t\t\t\t\t\t<p><strong>C\u00d3DIGO<\/strong>: H0260d<\/p>\n<p><strong>IDIOMA:<\/strong> Castellano<\/p>\n<p><strong style=\"color: var( --e-global-color-text ); font-family: var( --e-global-typography-text-font-family ), Sans-serif;\">PERSONA JUR\u00cdDICA\/NATURAL\/ROL:<\/strong>\u00a0<\/p>\n<p><strong>TOPON\u00cdMICOS:<\/strong> Lomas de Ilarco, Tolima, Caldono, S\u00faarez, Popay\u00e1n<\/p>\n<p><strong style=\"color: var( --e-global-color-text ); font-family: var( --e-global-typography-text-font-family ), Sans-serif;\">TEM\u00c1TICOS: <\/strong>V Congreso del CRIC, El Cabuyo Resguardo Vitonc\u00f3, Pi\u00f1uelo Resguardo de Munchique, La Laguna municipio de Caldono, El Chiman resguardo de Guamb\u00eda, Maravalle municipio de S\u00faarez, El Canelo municipio de Popay\u00e1n, Taller de trabajo pedag\u00f3gico, m\u00e9todo de educaci\u00f3n para ni\u00f1os indigenas, maestros escogidos por la comunidad<\/p>\n<p><!-- \/wp:paragraph --><!-- wp:paragraph --><\/p>\n<p><strong>CRONOL\u00d3GICOS:<\/strong> <span data-sheets-root=\"1\">1981<\/span><\/p>\n<p><!-- \/wp:paragraph --><!-- wp:paragraph --><\/p>\n<p><!-- \/wp:paragraph --><!-- wp:paragraph --><\/p>\n<p><!-- \/wp:paragraph --><\/p>\t\t\t\t\t\t<\/div>\n\t\t\t\t<\/div>\n\t\t\t\t\t<\/div>\n\t\t<\/div>\n\t\t\t\t\t<\/div>\n\t\t<\/section>\n\t\t\t\t<\/div>\n\t\t","protected":false},"excerpt":{"rendered":"<p>Carta abierta, escrita a mano, dirigida al pueblo colombiano, suscrita por cinco miembros de la organizaci\u00f3n ind\u00edgena UNUMA, de la Comisaria del Vichada, en la que se denuncian atropellos y abusos de misi\u00f3n Tsunape y de colonos, en particular de un supuesto indigenista llamado Pacho Salazar C\u00d3DIGO: H0260d IDIOMA: Castellano PERSONA JUR\u00cdDICA\/NATURAL\/ROL:\u00a0 TOPON\u00cdMICOS: Lomas de [&hellip;]<\/p>\n","protected":false},"author":1,"featured_media":17154,"comment_status":"closed","ping_status":"open","sticky":false,"template":"","format":"standard","meta":{"_acf_changed":false,"footnotes":""},"categories":[28],"tags":[2853,2650,2850,2849,2846,2851,2847,2852,2848,2845,673],"class_list":["post-17152","post","type-post","status-publish","format-standard","has-post-thumbnail","hentry","category-hemeroteca","tag-abusos","tag-buenavista","tag-eladio-estrada","tag-emiliano-rodriguez","tag-juan-pablo-lebernie","tag-juan-rafael-ponare","tag-martin-garcia-guiton","tag-mision","tag-pablo-emilio-gaitan","tag-pacho-salazar","tag-vichada"],"acf":[],"_links":{"self":[{"href":"https:\/\/martarodriguez.com.co\/index.php\/wp-json\/wp\/v2\/posts\/17152","targetHints":{"allow":["GET"]}}],"collection":[{"href":"https:\/\/martarodriguez.com.co\/index.php\/wp-json\/wp\/v2\/posts"}],"about":[{"href":"https:\/\/martarodriguez.com.co\/index.php\/wp-json\/wp\/v2\/types\/post"}],"author":[{"embeddable":true,"href":"https:\/\/martarodriguez.com.co\/index.php\/wp-json\/wp\/v2\/users\/1"}],"replies":[{"embeddable":true,"href":"https:\/\/martarodriguez.com.co\/index.php\/wp-json\/wp\/v2\/comments?post=17152"}],"version-history":[{"count":5,"href":"https:\/\/martarodriguez.com.co\/index.php\/wp-json\/wp\/v2\/posts\/17152\/revisions"}],"predecessor-version":[{"id":17159,"href":"https:\/\/martarodriguez.com.co\/index.php\/wp-json\/wp\/v2\/posts\/17152\/revisions\/17159"}],"wp:featuredmedia":[{"embeddable":true,"href":"https:\/\/martarodriguez.com.co\/index.php\/wp-json\/wp\/v2\/media\/17154"}],"wp:attachment":[{"href":"https:\/\/martarodriguez.com.co\/index.php\/wp-json\/wp\/v2\/media?parent=17152"}],"wp:term":[{"taxonomy":"category","embeddable":true,"href":"https:\/\/martarodriguez.com.co\/index.php\/wp-json\/wp\/v2\/categories?post=17152"},{"taxonomy":"post_tag","embeddable":true,"href":"https:\/\/martarodriguez.com.co\/index.php\/wp-json\/wp\/v2\/tags?post=17152"}],"curies":[{"name":"wp","href":"https:\/\/api.w.org\/{rel}","templated":true}]}}