{"id":17048,"date":"2025-11-15T05:45:17","date_gmt":"2025-11-15T05:45:17","guid":{"rendered":"https:\/\/martarodriguez.com.co\/?p=17048"},"modified":"2025-11-18T19:42:00","modified_gmt":"2025-11-18T19:42:00","slug":"unidad-indigena-no-46-ano-6-enero-de-1981_suplemento-escolar_tupac-amaru-1ra-parte","status":"publish","type":"post","link":"https:\/\/martarodriguez.com.co\/index.php\/2025\/11\/15\/unidad-indigena-no-46-ano-6-enero-de-1981_suplemento-escolar_tupac-amaru-1ra-parte\/","title":{"rendered":"H0259n UI 46 &#8211; Tupac Amaru 1ra Parte."},"content":{"rendered":"\t\t<div data-elementor-type=\"wp-post\" data-elementor-id=\"17048\" class=\"elementor elementor-17048\">\n\t\t\t\t\t\t<section class=\"elementor-section elementor-top-section elementor-element elementor-element-77752575 elementor-section-boxed elementor-section-height-default elementor-section-height-default exad-glass-effect-no wpr-particle-no wpr-jarallax-no wpr-parallax-no wpr-sticky-section-no exad-sticky-section-no\" data-id=\"77752575\" data-element_type=\"section\">\n\t\t\t\t\t\t<div class=\"elementor-container elementor-column-gap-default\">\n\t\t\t\t\t<div class=\"elementor-column elementor-col-100 elementor-top-column elementor-element elementor-element-6fd6a63d exad-glass-effect-no exad-sticky-section-no\" data-id=\"6fd6a63d\" data-element_type=\"column\">\n\t\t\t<div class=\"elementor-widget-wrap elementor-element-populated\">\n\t\t\t\t\t\t<div class=\"elementor-element elementor-element-d6b3162 exad-sticky-section-no exad-glass-effect-no elementor-widget elementor-widget-pdfjs_viewer\" data-id=\"d6b3162\" data-element_type=\"widget\" data-widget_type=\"pdfjs_viewer.default\">\n\t\t\t\t<div class=\"elementor-widget-container\">\n\t\t\t<iframe src=\"https:\/\/martarodriguez.com.co\/wp-content\/plugins\/pdf-viewer-for-elementor\/assets\/pdfjs\/web\/viewer.html?file=https:\/\/martarodriguez.com.co\/wp-content\/uploads\/2025\/11\/1-3.pdf&amp;embedded=true\" style=\"display: block; margin-left: auto; margin-right: auto; width: 640px; height: 1020px;\" frameborder=\"1\" marginheight=\"0px\" marginwidth=\"0px\" allowfullscreen><\/iframe>\t\t<\/div>\n\t\t\t\t<\/div>\n\t\t\t\t<div class=\"elementor-element elementor-element-77b5c1c exad-sticky-section-no exad-glass-effect-no elementor-widget elementor-widget-text-editor\" data-id=\"77b5c1c\" data-element_type=\"widget\" data-widget_type=\"text-editor.default\">\n\t\t\t\t<div class=\"elementor-widget-container\">\n\t\t\t<style>\/*! elementor - v3.21.0 - 15-04-2024 *\/\n.elementor-widget-text-editor.elementor-drop-cap-view-stacked .elementor-drop-cap{background-color:#69727d;color:#fff}.elementor-widget-text-editor.elementor-drop-cap-view-framed .elementor-drop-cap{color:#69727d;border:3px solid;background-color:transparent}.elementor-widget-text-editor:not(.elementor-drop-cap-view-default) .elementor-drop-cap{margin-top:8px}.elementor-widget-text-editor:not(.elementor-drop-cap-view-default) .elementor-drop-cap-letter{width:1em;height:1em}.elementor-widget-text-editor .elementor-drop-cap{float:left;text-align:center;line-height:1;font-size:50px}.elementor-widget-text-editor .elementor-drop-cap-letter{display:inline-block}<\/style>\t\t\t\t<p><span data-sheets-root=\"1\">El suplemento hace un repaso por la geograf\u00eda, la cultura y la historia del Imperio Incaico, destacando su conocimiento en la agricultura y la astronom\u00eda, mencionando su organizaci\u00f3n social y sus destacado conocimiento en el arte de tejer, as\u00ed como en su sistema de escritura, los quipus. Se destacan la propiedad colectiva de la tierra y el trabajo comunal sobre ella, as\u00ed como el trueque para intencambiar bienes. Se describe el papel que los Chasquis tuvieron y las construcciones como puentes o tambos que se utilizaban para viajar a trav\u00e9s del imperio. Al final se exhorta a los ni\u00f1os a guardar el suplemento, para decidir si en el siguiente congreso del CRIC quieren que contin\u00fae el c\u00f3mic sobre T\u00fapac Amaru. <\/span><\/p>\t\t\t\t\t\t<\/div>\n\t\t\t\t<\/div>\n\t\t\t\t<div class=\"elementor-element elementor-element-496b670 exad-sticky-section-no exad-glass-effect-no elementor-widget elementor-widget-text-editor\" data-id=\"496b670\" data-element_type=\"widget\" data-widget_type=\"text-editor.default\">\n\t\t\t\t<div class=\"elementor-widget-container\">\n\t\t\t\t\t\t\t<p><strong>C\u00d3DIGO<\/strong>: H0259n<\/p>\n<p><strong>IDIOMA:<\/strong> Castellano<\/p>\n<p><strong style=\"color: var( --e-global-color-text ); font-family: var( --e-global-typography-text-font-family ), Sans-serif;\">PERSONA JUR\u00cdDICA\/NATURAL\/ROL:<\/strong> <span data-sheets-root=\"1\">Jos\u00e9 Gabriel Condorcanqui, T\u00fapac Amaru, <\/span><\/p>\n<p><strong>TOPON\u00cdMICOS: <\/strong>Per\u00fa, Am\u00e9rica, M\u00e9xico, Colombia, Chile, Per\u00fa, Bolivia, Ecuador, Cuzco, Argentina,<\/p>\n<p><strong style=\"color: var( --e-global-color-text ); font-family: var( --e-global-typography-text-font-family ), Sans-serif;\">TEM\u00c1TICOS: <\/strong>Revoluci\u00f3n de 1781, Aztecas, Mayas, Chibchas, Incas, Chim\u00fa, Chavian, Nazca, Tiahuanaco, Imperio del Tahuantinsuyo, Uncos, Anakus, Chasquis, Pacha Mama, Quechua, Inti, Quilla,<\/p>\n<p><!-- \/wp:paragraph --><!-- wp:paragraph --><\/p>\n<p><strong>CRONOL\u00d3GICOS:<\/strong> <span data-sheets-root=\"1\">1981<\/span><\/p>\n<p><!-- \/wp:paragraph --><!-- wp:paragraph --><\/p>\n<p><!-- \/wp:paragraph --><!-- wp:paragraph --><\/p>\n<p><!-- \/wp:paragraph --><\/p>\t\t\t\t\t\t<\/div>\n\t\t\t\t<\/div>\n\t\t\t\t\t<\/div>\n\t\t<\/div>\n\t\t\t\t\t<\/div>\n\t\t<\/section>\n\t\t\t\t<\/div>\n\t\t","protected":false},"excerpt":{"rendered":"<p>El suplemento hace un repaso por la geograf\u00eda, la cultura y la historia del Imperio Incaico, destacando su conocimiento en la agricultura y la astronom\u00eda, mencionando su organizaci\u00f3n social y sus destacado conocimiento en el arte de tejer, as\u00ed como en su sistema de escritura, los quipus. Se destacan la propiedad colectiva de la tierra [&hellip;]<\/p>\n","protected":false},"author":1,"featured_media":17050,"comment_status":"closed","ping_status":"open","sticky":false,"template":"","format":"standard","meta":{"_acf_changed":false,"footnotes":""},"categories":[28],"tags":[1744,2809,614,2800,1414,2810,2804,1523,613,2803,513,2798,1206,2807,2802,2813,2796,2801,1102,2805,2811,1285,2812,2814,2799,2806,2797,2808],"class_list":["post-17048","post","type-post","status-publish","format-standard","has-post-thumbnail","hentry","category-hemeroteca","tag-america","tag-anakus","tag-argentina","tag-aztecas","tag-bolivia","tag-chasquis","tag-chavian","tag-chibchas","tag-chile","tag-chimu","tag-colombia","tag-cuzco","tag-ecuador","tag-imperio-del-tahuantinsuyo","tag-incas","tag-inti","tag-jose-gabriel-condorcanqui","tag-mayas","tag-mexico","tag-nazca","tag-pacha-mama","tag-peru","tag-quechua","tag-quilla","tag-revolucion-de-1781","tag-tiahuanaco","tag-tupac-amaru","tag-uncos"],"acf":[],"_links":{"self":[{"href":"https:\/\/martarodriguez.com.co\/index.php\/wp-json\/wp\/v2\/posts\/17048","targetHints":{"allow":["GET"]}}],"collection":[{"href":"https:\/\/martarodriguez.com.co\/index.php\/wp-json\/wp\/v2\/posts"}],"about":[{"href":"https:\/\/martarodriguez.com.co\/index.php\/wp-json\/wp\/v2\/types\/post"}],"author":[{"embeddable":true,"href":"https:\/\/martarodriguez.com.co\/index.php\/wp-json\/wp\/v2\/users\/1"}],"replies":[{"embeddable":true,"href":"https:\/\/martarodriguez.com.co\/index.php\/wp-json\/wp\/v2\/comments?post=17048"}],"version-history":[{"count":11,"href":"https:\/\/martarodriguez.com.co\/index.php\/wp-json\/wp\/v2\/posts\/17048\/revisions"}],"predecessor-version":[{"id":17127,"href":"https:\/\/martarodriguez.com.co\/index.php\/wp-json\/wp\/v2\/posts\/17048\/revisions\/17127"}],"wp:featuredmedia":[{"embeddable":true,"href":"https:\/\/martarodriguez.com.co\/index.php\/wp-json\/wp\/v2\/media\/17050"}],"wp:attachment":[{"href":"https:\/\/martarodriguez.com.co\/index.php\/wp-json\/wp\/v2\/media?parent=17048"}],"wp:term":[{"taxonomy":"category","embeddable":true,"href":"https:\/\/martarodriguez.com.co\/index.php\/wp-json\/wp\/v2\/categories?post=17048"},{"taxonomy":"post_tag","embeddable":true,"href":"https:\/\/martarodriguez.com.co\/index.php\/wp-json\/wp\/v2\/tags?post=17048"}],"curies":[{"name":"wp","href":"https:\/\/api.w.org\/{rel}","templated":true}]}}