{"id":16937,"date":"2025-11-15T04:53:21","date_gmt":"2025-11-15T04:53:21","guid":{"rendered":"https:\/\/martarodriguez.com.co\/?p=16937"},"modified":"2025-11-15T04:54:45","modified_gmt":"2025-11-15T04:54:45","slug":"unidad-indigena-no-46-ano-6-enero-de-1981_portada","status":"publish","type":"post","link":"https:\/\/martarodriguez.com.co\/index.php\/2025\/11\/15\/unidad-indigena-no-46-ano-6-enero-de-1981_portada\/","title":{"rendered":"H0259 UI 46 -Portada"},"content":{"rendered":"\t\t<div data-elementor-type=\"wp-post\" data-elementor-id=\"16937\" class=\"elementor elementor-16937\">\n\t\t\t\t\t\t<section class=\"elementor-section elementor-top-section elementor-element elementor-element-77752575 elementor-section-boxed elementor-section-height-default elementor-section-height-default exad-glass-effect-no wpr-particle-no wpr-jarallax-no wpr-parallax-no wpr-sticky-section-no exad-sticky-section-no\" data-id=\"77752575\" data-element_type=\"section\">\n\t\t\t\t\t\t<div class=\"elementor-container elementor-column-gap-default\">\n\t\t\t\t\t<div class=\"elementor-column elementor-col-100 elementor-top-column elementor-element elementor-element-6fd6a63d exad-glass-effect-no exad-sticky-section-no\" data-id=\"6fd6a63d\" data-element_type=\"column\">\n\t\t\t<div class=\"elementor-widget-wrap elementor-element-populated\">\n\t\t\t\t\t\t<div class=\"elementor-element elementor-element-dc5542b exad-sticky-section-no exad-glass-effect-no elementor-widget elementor-widget-image\" data-id=\"dc5542b\" data-element_type=\"widget\" data-widget_type=\"image.default\">\n\t\t\t\t<div class=\"elementor-widget-container\">\n\t\t\t<style>\/*! elementor - v3.21.0 - 15-04-2024 *\/\n.elementor-widget-image{text-align:center}.elementor-widget-image a{display:inline-block}.elementor-widget-image a img[src$=\".svg\"]{width:48px}.elementor-widget-image img{vertical-align:middle;display:inline-block}<\/style>\t\t\t\t\t\t\t\t\t\t<img fetchpriority=\"high\" decoding=\"async\" width=\"750\" height=\"962\" src=\"https:\/\/martarodriguez.com.co\/wp-content\/uploads\/2025\/11\/1-7-798x1024.jpg\" class=\"attachment-large size-large wp-image-16948\" alt=\"\" srcset=\"https:\/\/martarodriguez.com.co\/wp-content\/uploads\/2025\/11\/1-7-798x1024.jpg 798w, https:\/\/martarodriguez.com.co\/wp-content\/uploads\/2025\/11\/1-7-234x300.jpg 234w, https:\/\/martarodriguez.com.co\/wp-content\/uploads\/2025\/11\/1-7-768x986.jpg 768w, https:\/\/martarodriguez.com.co\/wp-content\/uploads\/2025\/11\/1-7-750x963.jpg 750w, https:\/\/martarodriguez.com.co\/wp-content\/uploads\/2025\/11\/1-7-600x770.jpg 600w, https:\/\/martarodriguez.com.co\/wp-content\/uploads\/2025\/11\/1-7.jpg 997w\" sizes=\"(max-width: 750px) 100vw, 750px\" \/>\t\t\t\t\t\t\t\t\t\t\t\t\t<\/div>\n\t\t\t\t<\/div>\n\t\t\t\t<div class=\"elementor-element elementor-element-77b5c1c exad-sticky-section-no exad-glass-effect-no elementor-widget elementor-widget-text-editor\" data-id=\"77b5c1c\" data-element_type=\"widget\" data-widget_type=\"text-editor.default\">\n\t\t\t\t<div class=\"elementor-widget-container\">\n\t\t\t<style>\/*! elementor - v3.21.0 - 15-04-2024 *\/\n.elementor-widget-text-editor.elementor-drop-cap-view-stacked .elementor-drop-cap{background-color:#69727d;color:#fff}.elementor-widget-text-editor.elementor-drop-cap-view-framed .elementor-drop-cap{color:#69727d;border:3px solid;background-color:transparent}.elementor-widget-text-editor:not(.elementor-drop-cap-view-default) .elementor-drop-cap{margin-top:8px}.elementor-widget-text-editor:not(.elementor-drop-cap-view-default) .elementor-drop-cap-letter{width:1em;height:1em}.elementor-widget-text-editor .elementor-drop-cap{float:left;text-align:center;line-height:1;font-size:50px}.elementor-widget-text-editor .elementor-drop-cap-letter{display:inline-block}<\/style>\t\t\t\t<p><span data-sheets-root=\"1\">Portada del n\u00famero 46 de Unidad Ind\u00edgena. En la parte superior de la portada, el encabezado, en un marco de color rojo con \u00e1ngulos redondeados, est\u00e1 el nombre del peri\u00f3dico y su imagen logot\u00edpica de tres indigenas de diferentes comunidades de perfil y tres cuartos. Justo abajo, en un rengl\u00f3n, est\u00e1n escritos mes, a\u00f1o, director, apartado a\u00e9reo, tel\u00e9fono, ciudad, licencia de Min Gobierno, Tarjeta Postal Red. En el cuerpo, enmarcada por unas delgadas l\u00edneas negras, hay una fotograf\u00eda en grises donde vemos en un plano medio abierto de una mujer que sostiene un atado de flores mientras carga a una ni\u00f1a peque\u00f1a a su espalda; la mirada de la mujer se dirige al lado derecho del cuadro. Hacia la esquina superior derecha hay un texto en letras rojas: &#8220;Nos derrotar\u00e1n el d\u00eda\/ que echen por tierra\/ el coraz\u00f3n de nuestras mujeres&#8221;. En la parte inferior, enmarcado por un rect\u00e1ngulo de color rojo de l\u00edneas delgadas, aparece el n\u00famero, a\u00f1o y mes, as\u00ed como algunos titulares en letras de color negro y rojo; &#8220;Preparemos el sexto congreso&#8221;, &#8220;Reuni\u00f3n ampliada de la coordinadora nacional ind\u00edgena&#8221;, &#8220;Navidad y represi\u00f3n&#8221;, &#8220;Formar profesores ind\u00edgenas para educar de acuerdo con la situaci\u00f3n de los ind\u00edgenas y su respectiva lengua&#8221;. <\/span><\/p>\t\t\t\t\t\t<\/div>\n\t\t\t\t<\/div>\n\t\t\t\t<div class=\"elementor-element elementor-element-496b670 exad-sticky-section-no exad-glass-effect-no elementor-widget elementor-widget-text-editor\" data-id=\"496b670\" data-element_type=\"widget\" data-widget_type=\"text-editor.default\">\n\t\t\t\t<div class=\"elementor-widget-container\">\n\t\t\t\t\t\t\t<p><strong>C\u00d3DIGO<\/strong>: H0259<\/p>\n<p><strong>IDIOMA:<\/strong> Castellano<\/p>\n<p><strong style=\"color: var( --e-global-color-text ); font-family: var( --e-global-typography-text-font-family ), Sans-serif;\">PERSONA JUR\u00cdDICA\/NATURAL\/ROL:<\/strong>\u00a0<\/p>\n<p><strong>TOPON\u00cdMICOS:\u00a0<\/strong><\/p>\n<p><strong style=\"color: var( --e-global-color-text ); font-family: var( --e-global-typography-text-font-family ), Sans-serif;\">TEM\u00c1TICOS:<\/strong> <span data-sheets-root=\"1\">Portada, Unidad Ind\u00edgena, Sexto Congreso, Coordinadora Nacional Ind\u00edgena, Represi\u00f3n, Educaci\u00f3n Biling\u00fce, Educaci\u00f3n Propia, <\/span><\/p>\n<p><!-- \/wp:paragraph --><!-- wp:paragraph --><\/p>\n<p><strong>CRONOL\u00d3GICOS:<\/strong> <span data-sheets-root=\"1\">1981<\/span><\/p>\n<p><!-- \/wp:paragraph --><!-- wp:paragraph --><\/p>\n<p><!-- \/wp:paragraph --><!-- wp:paragraph --><\/p>\n<p><!-- \/wp:paragraph --><\/p>\t\t\t\t\t\t<\/div>\n\t\t\t\t<\/div>\n\t\t\t\t\t<\/div>\n\t\t<\/div>\n\t\t\t\t\t<\/div>\n\t\t<\/section>\n\t\t\t\t<\/div>\n\t\t","protected":false},"excerpt":{"rendered":"<p>Portada del n\u00famero 46 de Unidad Ind\u00edgena. En la parte superior de la portada, el encabezado, en un marco de color rojo con \u00e1ngulos redondeados, est\u00e1 el nombre del peri\u00f3dico y su imagen logot\u00edpica de tres indigenas de diferentes comunidades de perfil y tres cuartos. Justo abajo, en un rengl\u00f3n, est\u00e1n escritos mes, a\u00f1o, director, [&hellip;]<\/p>\n","protected":false},"author":1,"featured_media":16946,"comment_status":"closed","ping_status":"open","sticky":false,"template":"","format":"standard","meta":{"_acf_changed":false,"footnotes":""},"categories":[28],"tags":[2694,1769,2004,1418,169,2695,1184],"class_list":["post-16937","post","type-post","status-publish","format-standard","has-post-thumbnail","hentry","category-hemeroteca","tag-coordinadora-nacional-indigena","tag-educacion-bilingue","tag-educacion-propia","tag-portada","tag-represion","tag-sexto-congreso","tag-unidad-indigena"],"acf":[],"_links":{"self":[{"href":"https:\/\/martarodriguez.com.co\/index.php\/wp-json\/wp\/v2\/posts\/16937","targetHints":{"allow":["GET"]}}],"collection":[{"href":"https:\/\/martarodriguez.com.co\/index.php\/wp-json\/wp\/v2\/posts"}],"about":[{"href":"https:\/\/martarodriguez.com.co\/index.php\/wp-json\/wp\/v2\/types\/post"}],"author":[{"embeddable":true,"href":"https:\/\/martarodriguez.com.co\/index.php\/wp-json\/wp\/v2\/users\/1"}],"replies":[{"embeddable":true,"href":"https:\/\/martarodriguez.com.co\/index.php\/wp-json\/wp\/v2\/comments?post=16937"}],"version-history":[{"count":5,"href":"https:\/\/martarodriguez.com.co\/index.php\/wp-json\/wp\/v2\/posts\/16937\/revisions"}],"predecessor-version":[{"id":16951,"href":"https:\/\/martarodriguez.com.co\/index.php\/wp-json\/wp\/v2\/posts\/16937\/revisions\/16951"}],"wp:featuredmedia":[{"embeddable":true,"href":"https:\/\/martarodriguez.com.co\/index.php\/wp-json\/wp\/v2\/media\/16946"}],"wp:attachment":[{"href":"https:\/\/martarodriguez.com.co\/index.php\/wp-json\/wp\/v2\/media?parent=16937"}],"wp:term":[{"taxonomy":"category","embeddable":true,"href":"https:\/\/martarodriguez.com.co\/index.php\/wp-json\/wp\/v2\/categories?post=16937"},{"taxonomy":"post_tag","embeddable":true,"href":"https:\/\/martarodriguez.com.co\/index.php\/wp-json\/wp\/v2\/tags?post=16937"}],"curies":[{"name":"wp","href":"https:\/\/api.w.org\/{rel}","templated":true}]}}