{"id":16929,"date":"2025-11-15T04:49:05","date_gmt":"2025-11-15T04:49:05","guid":{"rendered":"https:\/\/martarodriguez.com.co\/?p=16929"},"modified":"2025-11-15T04:50:11","modified_gmt":"2025-11-15T04:50:11","slug":"unidad-indigena-no-45-ano-6-noviembre-de-1980_contraportada","status":"publish","type":"post","link":"https:\/\/martarodriguez.com.co\/index.php\/2025\/11\/15\/unidad-indigena-no-45-ano-6-noviembre-de-1980_contraportada\/","title":{"rendered":"H0258s UI 45 &#8211; Contraportada"},"content":{"rendered":"\t\t<div data-elementor-type=\"wp-post\" data-elementor-id=\"16929\" class=\"elementor elementor-16929\">\n\t\t\t\t\t\t<section class=\"elementor-section elementor-top-section elementor-element elementor-element-77752575 elementor-section-boxed elementor-section-height-default elementor-section-height-default exad-glass-effect-no wpr-particle-no wpr-jarallax-no wpr-parallax-no wpr-sticky-section-no exad-sticky-section-no\" data-id=\"77752575\" data-element_type=\"section\">\n\t\t\t\t\t\t<div class=\"elementor-container elementor-column-gap-default\">\n\t\t\t\t\t<div class=\"elementor-column elementor-col-100 elementor-top-column elementor-element elementor-element-6fd6a63d exad-glass-effect-no exad-sticky-section-no\" data-id=\"6fd6a63d\" data-element_type=\"column\">\n\t\t\t<div class=\"elementor-widget-wrap elementor-element-populated\">\n\t\t\t\t\t\t<div class=\"elementor-element elementor-element-45089bb exad-sticky-section-no exad-glass-effect-no elementor-widget elementor-widget-image\" data-id=\"45089bb\" data-element_type=\"widget\" data-widget_type=\"image.default\">\n\t\t\t\t<div class=\"elementor-widget-container\">\n\t\t\t<style>\/*! elementor - v3.21.0 - 15-04-2024 *\/\n.elementor-widget-image{text-align:center}.elementor-widget-image a{display:inline-block}.elementor-widget-image a img[src$=\".svg\"]{width:48px}.elementor-widget-image img{vertical-align:middle;display:inline-block}<\/style>\t\t\t\t\t\t\t\t\t\t<img fetchpriority=\"high\" decoding=\"async\" width=\"992\" height=\"1280\" src=\"https:\/\/martarodriguez.com.co\/wp-content\/uploads\/2025\/11\/16-UI-45-1.jpg\" class=\"attachment-2048x2048 size-2048x2048 wp-image-16941\" alt=\"\" srcset=\"https:\/\/martarodriguez.com.co\/wp-content\/uploads\/2025\/11\/16-UI-45-1.jpg 992w, https:\/\/martarodriguez.com.co\/wp-content\/uploads\/2025\/11\/16-UI-45-1-233x300.jpg 233w, https:\/\/martarodriguez.com.co\/wp-content\/uploads\/2025\/11\/16-UI-45-1-794x1024.jpg 794w, https:\/\/martarodriguez.com.co\/wp-content\/uploads\/2025\/11\/16-UI-45-1-768x991.jpg 768w, https:\/\/martarodriguez.com.co\/wp-content\/uploads\/2025\/11\/16-UI-45-1-750x968.jpg 750w, https:\/\/martarodriguez.com.co\/wp-content\/uploads\/2025\/11\/16-UI-45-1-600x774.jpg 600w\" sizes=\"(max-width: 992px) 100vw, 992px\" \/>\t\t\t\t\t\t\t\t\t\t\t\t\t<\/div>\n\t\t\t\t<\/div>\n\t\t\t\t<div class=\"elementor-element elementor-element-77b5c1c exad-sticky-section-no exad-glass-effect-no elementor-widget elementor-widget-text-editor\" data-id=\"77b5c1c\" data-element_type=\"widget\" data-widget_type=\"text-editor.default\">\n\t\t\t\t<div class=\"elementor-widget-container\">\n\t\t\t<style>\/*! elementor - v3.21.0 - 15-04-2024 *\/\n.elementor-widget-text-editor.elementor-drop-cap-view-stacked .elementor-drop-cap{background-color:#69727d;color:#fff}.elementor-widget-text-editor.elementor-drop-cap-view-framed .elementor-drop-cap{color:#69727d;border:3px solid;background-color:transparent}.elementor-widget-text-editor:not(.elementor-drop-cap-view-default) .elementor-drop-cap{margin-top:8px}.elementor-widget-text-editor:not(.elementor-drop-cap-view-default) .elementor-drop-cap-letter{width:1em;height:1em}.elementor-widget-text-editor .elementor-drop-cap{float:left;text-align:center;line-height:1;font-size:50px}.elementor-widget-text-editor .elementor-drop-cap-letter{display:inline-block}<\/style>\t\t\t\t<p><span data-sheets-root=\"1\">Contraportada del n\u00famero 45 de Unidad Ind\u00edgena. En la parte superior hay un texto en letras de color rojo donde se lee &#8220;Aspectos del Encuentro Ind\u00edgena Nacional&#8221; y debajo de este cinco fotograf\u00edas del encuentro donde aparecen grupos de ind\u00edgenas en distintas actividades, y un s\u00edmbolo ind\u00edgena que se repite a lado y lado de la hoja. En la parte inferior se lee en letras rojas &#8220;Fortalecer nuestras organizaciones para apoyar nuestra coordinadora Nacional!&#8221;<\/span><\/p>\t\t\t\t\t\t<\/div>\n\t\t\t\t<\/div>\n\t\t\t\t<div class=\"elementor-element elementor-element-496b670 exad-sticky-section-no exad-glass-effect-no elementor-widget elementor-widget-text-editor\" data-id=\"496b670\" data-element_type=\"widget\" data-widget_type=\"text-editor.default\">\n\t\t\t\t<div class=\"elementor-widget-container\">\n\t\t\t\t\t\t\t<p><strong>C\u00d3DIGO<\/strong>: H0258s<\/p>\n<p><strong>IDIOMA:<\/strong> Castellano<\/p>\n<p><strong style=\"color: var( --e-global-color-text ); font-family: var( --e-global-typography-text-font-family ), Sans-serif;\">PERSONA JUR\u00cdDICA\/NATURAL\/ROL:<\/strong>\u00a0<\/p>\n<p><strong>TOPON\u00cdMICOS:\u00a0<\/strong><\/p>\n<p><strong style=\"color: var( --e-global-color-text ); font-family: var( --e-global-typography-text-font-family ), Sans-serif;\">TEM\u00c1TICOS:<\/strong> <span data-sheets-root=\"1\">Contraportada, Unidad Ind\u00edgena, Encuentro Ind\u00edgena Nacional, Coordinadora Nacional Ind\u00edgena, <\/span><\/p>\n<p><!-- \/wp:paragraph --><!-- wp:paragraph --><\/p>\n<p><strong>CRONOL\u00d3GICOS:<\/strong> <span data-sheets-root=\"1\">1980<\/span><\/p>\n<p><!-- \/wp:paragraph --><!-- wp:paragraph --><\/p>\n<p><!-- \/wp:paragraph --><!-- wp:paragraph --><\/p>\n<p><!-- \/wp:paragraph --><\/p>\t\t\t\t\t\t<\/div>\n\t\t\t\t<\/div>\n\t\t\t\t\t<\/div>\n\t\t<\/div>\n\t\t\t\t\t<\/div>\n\t\t<\/section>\n\t\t\t\t<\/div>\n\t\t","protected":false},"excerpt":{"rendered":"<p>Contraportada del n\u00famero 45 de Unidad Ind\u00edgena. En la parte superior hay un texto en letras de color rojo donde se lee &#8220;Aspectos del Encuentro Ind\u00edgena Nacional&#8221; y debajo de este cinco fotograf\u00edas del encuentro donde aparecen grupos de ind\u00edgenas en distintas actividades, y un s\u00edmbolo ind\u00edgena que se repite a lado y lado de [&hellip;]<\/p>\n","protected":false},"author":1,"featured_media":16939,"comment_status":"closed","ping_status":"open","sticky":false,"template":"","format":"standard","meta":{"_acf_changed":false,"footnotes":""},"categories":[28],"tags":[1467,2694,2693,1184],"class_list":["post-16929","post","type-post","status-publish","format-standard","has-post-thumbnail","hentry","category-hemeroteca","tag-contraportada","tag-coordinadora-nacional-indigena","tag-encuentro-indigena-nacional","tag-unidad-indigena"],"acf":[],"_links":{"self":[{"href":"https:\/\/martarodriguez.com.co\/index.php\/wp-json\/wp\/v2\/posts\/16929","targetHints":{"allow":["GET"]}}],"collection":[{"href":"https:\/\/martarodriguez.com.co\/index.php\/wp-json\/wp\/v2\/posts"}],"about":[{"href":"https:\/\/martarodriguez.com.co\/index.php\/wp-json\/wp\/v2\/types\/post"}],"author":[{"embeddable":true,"href":"https:\/\/martarodriguez.com.co\/index.php\/wp-json\/wp\/v2\/users\/1"}],"replies":[{"embeddable":true,"href":"https:\/\/martarodriguez.com.co\/index.php\/wp-json\/wp\/v2\/comments?post=16929"}],"version-history":[{"count":5,"href":"https:\/\/martarodriguez.com.co\/index.php\/wp-json\/wp\/v2\/posts\/16929\/revisions"}],"predecessor-version":[{"id":16944,"href":"https:\/\/martarodriguez.com.co\/index.php\/wp-json\/wp\/v2\/posts\/16929\/revisions\/16944"}],"wp:featuredmedia":[{"embeddable":true,"href":"https:\/\/martarodriguez.com.co\/index.php\/wp-json\/wp\/v2\/media\/16939"}],"wp:attachment":[{"href":"https:\/\/martarodriguez.com.co\/index.php\/wp-json\/wp\/v2\/media?parent=16929"}],"wp:term":[{"taxonomy":"category","embeddable":true,"href":"https:\/\/martarodriguez.com.co\/index.php\/wp-json\/wp\/v2\/categories?post=16929"},{"taxonomy":"post_tag","embeddable":true,"href":"https:\/\/martarodriguez.com.co\/index.php\/wp-json\/wp\/v2\/tags?post=16929"}],"curies":[{"name":"wp","href":"https:\/\/api.w.org\/{rel}","templated":true}]}}