{"id":16836,"date":"2025-11-15T04:04:35","date_gmt":"2025-11-15T04:04:35","guid":{"rendered":"https:\/\/martarodriguez.com.co\/?p=16836"},"modified":"2025-11-15T04:06:10","modified_gmt":"2025-11-15T04:06:10","slug":"unidad-indigena-no-45-ano-6-noviembre-de-1980_marcha-guambiana-a-bogota","status":"publish","type":"post","link":"https:\/\/martarodriguez.com.co\/index.php\/2025\/11\/15\/unidad-indigena-no-45-ano-6-noviembre-de-1980_marcha-guambiana-a-bogota\/","title":{"rendered":"H0258h UI 45-Marcha Guambiana a Bogot\u00e1"},"content":{"rendered":"\t\t<div data-elementor-type=\"wp-post\" data-elementor-id=\"16836\" class=\"elementor elementor-16836\">\n\t\t\t\t\t\t<section class=\"elementor-section elementor-top-section elementor-element elementor-element-77752575 elementor-section-boxed elementor-section-height-default elementor-section-height-default exad-glass-effect-no wpr-particle-no wpr-jarallax-no wpr-parallax-no wpr-sticky-section-no exad-sticky-section-no\" data-id=\"77752575\" data-element_type=\"section\">\n\t\t\t\t\t\t<div class=\"elementor-container elementor-column-gap-default\">\n\t\t\t\t\t<div class=\"elementor-column elementor-col-100 elementor-top-column elementor-element elementor-element-6fd6a63d exad-glass-effect-no exad-sticky-section-no\" data-id=\"6fd6a63d\" data-element_type=\"column\">\n\t\t\t<div class=\"elementor-widget-wrap elementor-element-populated\">\n\t\t\t\t\t\t<div class=\"elementor-element elementor-element-2c548e0 exad-sticky-section-no exad-glass-effect-no elementor-widget elementor-widget-image\" data-id=\"2c548e0\" data-element_type=\"widget\" data-widget_type=\"image.default\">\n\t\t\t\t<div class=\"elementor-widget-container\">\n\t\t\t<style>\/*! elementor - v3.21.0 - 15-04-2024 *\/\n.elementor-widget-image{text-align:center}.elementor-widget-image a{display:inline-block}.elementor-widget-image a img[src$=\".svg\"]{width:48px}.elementor-widget-image img{vertical-align:middle;display:inline-block}<\/style>\t\t\t\t\t\t\t\t\t\t<img fetchpriority=\"high\" decoding=\"async\" width=\"750\" height=\"641\" src=\"https:\/\/martarodriguez.com.co\/wp-content\/uploads\/2025\/11\/Captura-de-pantalla-2025-11-14-230408-1-1024x875.jpg\" class=\"attachment-large size-large wp-image-16850\" alt=\"\" srcset=\"https:\/\/martarodriguez.com.co\/wp-content\/uploads\/2025\/11\/Captura-de-pantalla-2025-11-14-230408-1-1024x875.jpg 1024w, https:\/\/martarodriguez.com.co\/wp-content\/uploads\/2025\/11\/Captura-de-pantalla-2025-11-14-230408-1-300x256.jpg 300w, https:\/\/martarodriguez.com.co\/wp-content\/uploads\/2025\/11\/Captura-de-pantalla-2025-11-14-230408-1-768x656.jpg 768w, https:\/\/martarodriguez.com.co\/wp-content\/uploads\/2025\/11\/Captura-de-pantalla-2025-11-14-230408-1-750x641.jpg 750w, https:\/\/martarodriguez.com.co\/wp-content\/uploads\/2025\/11\/Captura-de-pantalla-2025-11-14-230408-1-600x513.jpg 600w, https:\/\/martarodriguez.com.co\/wp-content\/uploads\/2025\/11\/Captura-de-pantalla-2025-11-14-230408-1.jpg 1080w\" sizes=\"(max-width: 750px) 100vw, 750px\" \/>\t\t\t\t\t\t\t\t\t\t\t\t\t<\/div>\n\t\t\t\t<\/div>\n\t\t\t\t<div class=\"elementor-element elementor-element-77b5c1c exad-sticky-section-no exad-glass-effect-no elementor-widget elementor-widget-text-editor\" data-id=\"77b5c1c\" data-element_type=\"widget\" data-widget_type=\"text-editor.default\">\n\t\t\t\t<div class=\"elementor-widget-container\">\n\t\t\t<style>\/*! elementor - v3.21.0 - 15-04-2024 *\/\n.elementor-widget-text-editor.elementor-drop-cap-view-stacked .elementor-drop-cap{background-color:#69727d;color:#fff}.elementor-widget-text-editor.elementor-drop-cap-view-framed .elementor-drop-cap{color:#69727d;border:3px solid;background-color:transparent}.elementor-widget-text-editor:not(.elementor-drop-cap-view-default) .elementor-drop-cap{margin-top:8px}.elementor-widget-text-editor:not(.elementor-drop-cap-view-default) .elementor-drop-cap-letter{width:1em;height:1em}.elementor-widget-text-editor .elementor-drop-cap{float:left;text-align:center;line-height:1;font-size:50px}.elementor-widget-text-editor .elementor-drop-cap-letter{display:inline-block}<\/style>\t\t\t\t<p><span data-sheets-root=\"1\">La nota se refiere a la marcha hacia Bogot\u00e1 de ind\u00edgenas Guambianos acompa\u00f1ados de ind\u00edgenas de Jambalo y del Gran Cumbal. Denuncian que gran parte de su resguardo se encuentra en manos de terratenientes. <\/span><\/p>\t\t\t\t\t\t<\/div>\n\t\t\t\t<\/div>\n\t\t\t\t<div class=\"elementor-element elementor-element-496b670 exad-sticky-section-no exad-glass-effect-no elementor-widget elementor-widget-text-editor\" data-id=\"496b670\" data-element_type=\"widget\" data-widget_type=\"text-editor.default\">\n\t\t\t\t<div class=\"elementor-widget-container\">\n\t\t\t\t\t\t\t<p><strong>C\u00d3DIGO<\/strong>: H0258h<\/p>\n<p><strong>IDIOMA:<\/strong> Castellano<\/p>\n<p><strong style=\"color: var( --e-global-color-text ); font-family: var( --e-global-typography-text-font-family ), Sans-serif;\">PERSONA JUR\u00cdDICA\/NATURAL\/ROL:<\/strong> <span data-sheets-root=\"1\">Goz\u00e1les Caicedo.<\/span><\/p>\n<p><strong>TOPON\u00cdMICOS: <\/strong>Jambalo, El Gran Cumbal, Departamento de Nari\u00f1o, Santander, Cali, Bogot\u00e1, Hacienda Las Mercedes<\/p>\n<p><strong style=\"color: var( --e-global-color-text ); font-family: var( --e-global-typography-text-font-family ), Sans-serif;\">TEM\u00c1TICOS:<\/strong> <span data-sheets-root=\"1\">Terratenientes, ocupaci\u00f3n de haciendas, Comunidad Ind\u00edgena de Guambia, Marchas<\/span><\/p>\n<p><!-- \/wp:paragraph --><!-- wp:paragraph --><\/p>\n<p><strong>CRONOL\u00d3GICOS:<\/strong> <span data-sheets-root=\"1\">1980<\/span><\/p>\n<p><!-- \/wp:paragraph --><!-- wp:paragraph --><\/p>\n<p><!-- \/wp:paragraph --><!-- wp:paragraph --><\/p>\n<p><!-- \/wp:paragraph --><\/p>\t\t\t\t\t\t<\/div>\n\t\t\t\t<\/div>\n\t\t\t\t\t<\/div>\n\t\t<\/div>\n\t\t\t\t\t<\/div>\n\t\t<\/section>\n\t\t\t\t<\/div>\n\t\t","protected":false},"excerpt":{"rendered":"<p>La nota se refiere a la marcha hacia Bogot\u00e1 de ind\u00edgenas Guambianos acompa\u00f1ados de ind\u00edgenas de Jambalo y del Gran Cumbal. Denuncian que gran parte de su resguardo se encuentra en manos de terratenientes. C\u00d3DIGO: H0258h IDIOMA: Castellano PERSONA JUR\u00cdDICA\/NATURAL\/ROL: Goz\u00e1les Caicedo. TOPON\u00cdMICOS: Jambalo, El Gran Cumbal, Departamento de Nari\u00f1o, Santander, Cali, Bogot\u00e1, Hacienda Las [&hellip;]<\/p>\n","protected":false},"author":1,"featured_media":16848,"comment_status":"closed","ping_status":"open","sticky":false,"template":"","format":"standard","meta":{"_acf_changed":false,"footnotes":""},"categories":[28],"tags":[458,476,2620,2618,2617,2616,2450,1555,2621,2619,1594,1422],"class_list":["post-16836","post","type-post","status-publish","format-standard","has-post-thumbnail","hentry","category-hemeroteca","tag-bogota","tag-cali","tag-comunidad-indigena-de-guambia","tag-departamento-de-narino","tag-el-gran-cumbal","tag-gozales-caicedo","tag-hacienda-las-mercedes","tag-jambalo","tag-marchas","tag-ocupacion-de-haciendas","tag-santander","tag-terratenientes"],"acf":[],"_links":{"self":[{"href":"https:\/\/martarodriguez.com.co\/index.php\/wp-json\/wp\/v2\/posts\/16836","targetHints":{"allow":["GET"]}}],"collection":[{"href":"https:\/\/martarodriguez.com.co\/index.php\/wp-json\/wp\/v2\/posts"}],"about":[{"href":"https:\/\/martarodriguez.com.co\/index.php\/wp-json\/wp\/v2\/types\/post"}],"author":[{"embeddable":true,"href":"https:\/\/martarodriguez.com.co\/index.php\/wp-json\/wp\/v2\/users\/1"}],"replies":[{"embeddable":true,"href":"https:\/\/martarodriguez.com.co\/index.php\/wp-json\/wp\/v2\/comments?post=16836"}],"version-history":[{"count":5,"href":"https:\/\/martarodriguez.com.co\/index.php\/wp-json\/wp\/v2\/posts\/16836\/revisions"}],"predecessor-version":[{"id":16853,"href":"https:\/\/martarodriguez.com.co\/index.php\/wp-json\/wp\/v2\/posts\/16836\/revisions\/16853"}],"wp:featuredmedia":[{"embeddable":true,"href":"https:\/\/martarodriguez.com.co\/index.php\/wp-json\/wp\/v2\/media\/16848"}],"wp:attachment":[{"href":"https:\/\/martarodriguez.com.co\/index.php\/wp-json\/wp\/v2\/media?parent=16836"}],"wp:term":[{"taxonomy":"category","embeddable":true,"href":"https:\/\/martarodriguez.com.co\/index.php\/wp-json\/wp\/v2\/categories?post=16836"},{"taxonomy":"post_tag","embeddable":true,"href":"https:\/\/martarodriguez.com.co\/index.php\/wp-json\/wp\/v2\/tags?post=16836"}],"curies":[{"name":"wp","href":"https:\/\/api.w.org\/{rel}","templated":true}]}}