{"id":16809,"date":"2025-11-15T03:57:40","date_gmt":"2025-11-15T03:57:40","guid":{"rendered":"https:\/\/martarodriguez.com.co\/?p=16809"},"modified":"2025-11-15T03:58:59","modified_gmt":"2025-11-15T03:58:59","slug":"unidad-indigena-no-45-ano-6-noviembre-de-1980_geografia-los-tunebos-primera-parte","status":"publish","type":"post","link":"https:\/\/martarodriguez.com.co\/index.php\/2025\/11\/15\/unidad-indigena-no-45-ano-6-noviembre-de-1980_geografia-los-tunebos-primera-parte\/","title":{"rendered":"H0258f UI 45- Geograf\u00eda: Los Tunebos (Primera Parte)"},"content":{"rendered":"\t\t<div data-elementor-type=\"wp-post\" data-elementor-id=\"16809\" class=\"elementor elementor-16809\">\n\t\t\t\t\t\t<section class=\"elementor-section elementor-top-section elementor-element elementor-element-77752575 elementor-section-boxed elementor-section-height-default elementor-section-height-default exad-glass-effect-no wpr-particle-no wpr-jarallax-no wpr-parallax-no wpr-sticky-section-no exad-sticky-section-no\" data-id=\"77752575\" data-element_type=\"section\">\n\t\t\t\t\t\t<div class=\"elementor-container elementor-column-gap-default\">\n\t\t\t\t\t<div class=\"elementor-column elementor-col-100 elementor-top-column elementor-element elementor-element-6fd6a63d exad-glass-effect-no exad-sticky-section-no\" data-id=\"6fd6a63d\" data-element_type=\"column\">\n\t\t\t<div class=\"elementor-widget-wrap elementor-element-populated\">\n\t\t\t\t\t\t<div class=\"elementor-element elementor-element-7fb848b exad-sticky-section-no exad-glass-effect-no elementor-widget elementor-widget-image\" data-id=\"7fb848b\" data-element_type=\"widget\" data-widget_type=\"image.default\">\n\t\t\t\t<div class=\"elementor-widget-container\">\n\t\t\t<style>\/*! elementor - v3.21.0 - 15-04-2024 *\/\n.elementor-widget-image{text-align:center}.elementor-widget-image a{display:inline-block}.elementor-widget-image a img[src$=\".svg\"]{width:48px}.elementor-widget-image img{vertical-align:middle;display:inline-block}<\/style>\t\t\t\t\t\t\t\t\t\t<img fetchpriority=\"high\" decoding=\"async\" width=\"750\" height=\"965\" src=\"https:\/\/martarodriguez.com.co\/wp-content\/uploads\/2025\/11\/5-UI-45-1-796x1024.jpg\" class=\"attachment-large size-large wp-image-16832\" alt=\"\" srcset=\"https:\/\/martarodriguez.com.co\/wp-content\/uploads\/2025\/11\/5-UI-45-1-796x1024.jpg 796w, https:\/\/martarodriguez.com.co\/wp-content\/uploads\/2025\/11\/5-UI-45-1-233x300.jpg 233w, https:\/\/martarodriguez.com.co\/wp-content\/uploads\/2025\/11\/5-UI-45-1-768x988.jpg 768w, https:\/\/martarodriguez.com.co\/wp-content\/uploads\/2025\/11\/5-UI-45-1-750x965.jpg 750w, https:\/\/martarodriguez.com.co\/wp-content\/uploads\/2025\/11\/5-UI-45-1-600x772.jpg 600w, https:\/\/martarodriguez.com.co\/wp-content\/uploads\/2025\/11\/5-UI-45-1.jpg 995w\" sizes=\"(max-width: 750px) 100vw, 750px\" \/>\t\t\t\t\t\t\t\t\t\t\t\t\t<\/div>\n\t\t\t\t<\/div>\n\t\t\t\t<div class=\"elementor-element elementor-element-77b5c1c exad-sticky-section-no exad-glass-effect-no elementor-widget elementor-widget-text-editor\" data-id=\"77b5c1c\" data-element_type=\"widget\" data-widget_type=\"text-editor.default\">\n\t\t\t\t<div class=\"elementor-widget-container\">\n\t\t\t<style>\/*! elementor - v3.21.0 - 15-04-2024 *\/\n.elementor-widget-text-editor.elementor-drop-cap-view-stacked .elementor-drop-cap{background-color:#69727d;color:#fff}.elementor-widget-text-editor.elementor-drop-cap-view-framed .elementor-drop-cap{color:#69727d;border:3px solid;background-color:transparent}.elementor-widget-text-editor:not(.elementor-drop-cap-view-default) .elementor-drop-cap{margin-top:8px}.elementor-widget-text-editor:not(.elementor-drop-cap-view-default) .elementor-drop-cap-letter{width:1em;height:1em}.elementor-widget-text-editor .elementor-drop-cap{float:left;text-align:center;line-height:1;font-size:50px}.elementor-widget-text-editor .elementor-drop-cap-letter{display:inline-block}<\/style>\t\t\t\t<p><span data-sheets-root=\"1\">El art\u00edculo aborda la historia de la comunidad Tuneba, sus asentamientos y sus problemas contempor\u00e1neos. Entre estos \u00faltimos se detiene en el da\u00f1o que el &#8220;progreso&#8221; ha hecho en su territorio y el impacto que ha tenido en sus costumbres la construcci\u00f3n de una carretera que atraviesa sus lugares sagrados. <\/span><\/p>\t\t\t\t\t\t<\/div>\n\t\t\t\t<\/div>\n\t\t\t\t<div class=\"elementor-element elementor-element-496b670 exad-sticky-section-no exad-glass-effect-no elementor-widget elementor-widget-text-editor\" data-id=\"496b670\" data-element_type=\"widget\" data-widget_type=\"text-editor.default\">\n\t\t\t\t<div class=\"elementor-widget-container\">\n\t\t\t\t\t\t\t<p><strong>C\u00d3DIGO<\/strong>: H0258f<\/p>\n<p><strong>IDIOMA:<\/strong> Castellano<\/p>\n<p><strong style=\"color: var( --e-global-color-text ); font-family: var( --e-global-typography-text-font-family ), Sans-serif;\">PERSONA JUR\u00cdDICA\/NATURAL\/ROL:<\/strong> <span data-sheets-root=\"1\">Francisco Brisnoa, <\/span><\/p>\n<p><strong>TOPON\u00cdMICOS: <\/strong> <span data-sheets-root=\"1\">Arauca, Boyac\u00e1, Santander, Norte de Santander, Venezuela, B\u00f3kota, Cobar\u00eda, Tegr\u00eda, Tunebia, <\/span><\/p>\n<p><strong style=\"color: var( --e-global-color-text ); font-family: var( --e-global-typography-text-font-family ), Sans-serif;\">TEM\u00c1TICOS:<\/strong> <span data-sheets-root=\"1\">Comunidad Tunebo, Comunidad Chibcha, Colonizaci\u00f3n, Reserva Forestal Ind\u00edgena, Explotaci\u00f3n de Madera, Progreso, Desarrollo, <\/span><\/p>\n<p><!-- \/wp:paragraph --><!-- wp:paragraph --><\/p>\n<p><strong>CRONOL\u00d3GICOS:<\/strong> <span data-sheets-root=\"1\">1980<\/span><\/p>\n<p><!-- \/wp:paragraph --><!-- wp:paragraph --><\/p>\n<p><!-- \/wp:paragraph --><!-- wp:paragraph --><\/p>\n<p><!-- \/wp:paragraph --><\/p>\t\t\t\t\t\t<\/div>\n\t\t\t\t<\/div>\n\t\t\t\t\t<\/div>\n\t\t<\/div>\n\t\t\t\t\t<\/div>\n\t\t<\/section>\n\t\t\t\t<\/div>\n\t\t","protected":false},"excerpt":{"rendered":"<p>El art\u00edculo aborda la historia de la comunidad Tuneba, sus asentamientos y sus problemas contempor\u00e1neos. Entre estos \u00faltimos se detiene en el da\u00f1o que el &#8220;progreso&#8221; ha hecho en su territorio y el impacto que ha tenido en sus costumbres la construcci\u00f3n de una carretera que atraviesa sus lugares sagrados. C\u00d3DIGO: H0258f IDIOMA: Castellano PERSONA [&hellip;]<\/p>\n","protected":false},"author":1,"featured_media":16826,"comment_status":"closed","ping_status":"open","sticky":false,"template":"","format":"standard","meta":{"_acf_changed":false,"footnotes":""},"categories":[28],"tags":[538,2606,631,2607,1786,2611,2610,1071,2613,2604,2605,2614,2612,1594,2608,2609,557],"class_list":["post-16809","post","type-post","status-publish","format-standard","has-post-thumbnail","hentry","category-hemeroteca","tag-arauca","tag-bokota","tag-boyaca","tag-cobaria","tag-colonizacion","tag-comunidad-chibcha","tag-comunidad-tunebo","tag-desarrollo","tag-explotacion-de-madera","tag-francisco-brisnoa","tag-norte-de-santander","tag-progreso","tag-reserva-forestal-indigena","tag-santander","tag-tegria","tag-tunebia","tag-venezuela"],"acf":[],"_links":{"self":[{"href":"https:\/\/martarodriguez.com.co\/index.php\/wp-json\/wp\/v2\/posts\/16809","targetHints":{"allow":["GET"]}}],"collection":[{"href":"https:\/\/martarodriguez.com.co\/index.php\/wp-json\/wp\/v2\/posts"}],"about":[{"href":"https:\/\/martarodriguez.com.co\/index.php\/wp-json\/wp\/v2\/types\/post"}],"author":[{"embeddable":true,"href":"https:\/\/martarodriguez.com.co\/index.php\/wp-json\/wp\/v2\/users\/1"}],"replies":[{"embeddable":true,"href":"https:\/\/martarodriguez.com.co\/index.php\/wp-json\/wp\/v2\/comments?post=16809"}],"version-history":[{"count":5,"href":"https:\/\/martarodriguez.com.co\/index.php\/wp-json\/wp\/v2\/posts\/16809\/revisions"}],"predecessor-version":[{"id":16835,"href":"https:\/\/martarodriguez.com.co\/index.php\/wp-json\/wp\/v2\/posts\/16809\/revisions\/16835"}],"wp:featuredmedia":[{"embeddable":true,"href":"https:\/\/martarodriguez.com.co\/index.php\/wp-json\/wp\/v2\/media\/16826"}],"wp:attachment":[{"href":"https:\/\/martarodriguez.com.co\/index.php\/wp-json\/wp\/v2\/media?parent=16809"}],"wp:term":[{"taxonomy":"category","embeddable":true,"href":"https:\/\/martarodriguez.com.co\/index.php\/wp-json\/wp\/v2\/categories?post=16809"},{"taxonomy":"post_tag","embeddable":true,"href":"https:\/\/martarodriguez.com.co\/index.php\/wp-json\/wp\/v2\/tags?post=16809"}],"curies":[{"name":"wp","href":"https:\/\/api.w.org\/{rel}","templated":true}]}}