{"id":16734,"date":"2025-11-15T03:30:18","date_gmt":"2025-11-15T03:30:18","guid":{"rendered":"https:\/\/martarodriguez.com.co\/?p=16734"},"modified":"2025-11-15T03:33:28","modified_gmt":"2025-11-15T03:33:28","slug":"f0386-retrato-de-nino-con-dos-vasos-de-plastico","status":"publish","type":"post","link":"https:\/\/martarodriguez.com.co\/index.php\/2025\/11\/15\/f0386-retrato-de-nino-con-dos-vasos-de-plastico\/","title":{"rendered":"F0386 &#8211; Retrato de ni\u00f1o con dos vasos de plastico"},"content":{"rendered":"\t\t<div data-elementor-type=\"wp-post\" data-elementor-id=\"16734\" class=\"elementor elementor-16734\">\n\t\t\t\t\t\t<section class=\"elementor-section elementor-top-section elementor-element elementor-element-1bdac607 elementor-section-boxed elementor-section-height-default elementor-section-height-default exad-glass-effect-no wpr-particle-no wpr-jarallax-no wpr-parallax-no wpr-sticky-section-no exad-sticky-section-no\" data-id=\"1bdac607\" data-element_type=\"section\">\n\t\t\t\t\t\t<div class=\"elementor-container elementor-column-gap-default\">\n\t\t\t\t\t<div class=\"elementor-column elementor-col-100 elementor-top-column elementor-element elementor-element-5c62388e exad-glass-effect-no exad-sticky-section-no\" data-id=\"5c62388e\" data-element_type=\"column\">\n\t\t\t<div class=\"elementor-widget-wrap elementor-element-populated\">\n\t\t\t\t\t\t<div class=\"elementor-element elementor-element-5359e0ef exad-sticky-section-no exad-glass-effect-no elementor-widget elementor-widget-text-editor\" data-id=\"5359e0ef\" data-element_type=\"widget\" data-widget_type=\"text-editor.default\">\n\t\t\t\t<div class=\"elementor-widget-container\">\n\t\t\t<style>\/*! elementor - v3.21.0 - 15-04-2024 *\/\n.elementor-widget-text-editor.elementor-drop-cap-view-stacked .elementor-drop-cap{background-color:#69727d;color:#fff}.elementor-widget-text-editor.elementor-drop-cap-view-framed .elementor-drop-cap{color:#69727d;border:3px solid;background-color:transparent}.elementor-widget-text-editor:not(.elementor-drop-cap-view-default) .elementor-drop-cap{margin-top:8px}.elementor-widget-text-editor:not(.elementor-drop-cap-view-default) .elementor-drop-cap-letter{width:1em;height:1em}.elementor-widget-text-editor .elementor-drop-cap{float:left;text-align:center;line-height:1;font-size:50px}.elementor-widget-text-editor .elementor-drop-cap-letter{display:inline-block}<\/style>\t\t\t\t<p><b>C\u00d3DIGO:<\/b> F0386<\/p>\n<p><strong>AUTOR:<\/strong> Marta Rodr\u00edguez<\/p>\n<p><!-- \/wp:paragraph --><\/p>\n<p><!-- wp:paragraph --><\/p>\n<p><strong>DESCRIPCI\u00d3N<\/strong>: Retrato de un ni\u00f1o de aproximadamente ocho a\u00f1os con dos vasos de pl\u00e1stico amarillo en sus manos. La fotograf\u00eda es en el albergue. En la imagen puede verse que est\u00e1 lloviendo.<\/p>\n<p><strong>PERSONA JUR\u00cdDICA\/NATURAL\/ROL:\u00a0<\/strong><\/p>\n<p><strong style=\"color: var( --e-global-color-text ); font-family: var( --e-global-typography-text-font-family ), Sans-serif;\">TOPON\u00cdMICOS: <\/strong>Vah\u00eda Solano &#8211; Choc\u00f3<\/p>\n<p><span style=\"color: var( --e-global-color-text ); font-family: var( --e-global-typography-text-font-family ), Sans-serif;\"><b>TEM\u00c1TICOS: <\/b>Embera. Ind\u00edgenas. Albergue. Vahia Solano. Choc\u00f3.<\/span><\/p>\n<p><strong>CRONOL\u00d3GICOS:<\/strong>\u00a01999 &#8211; 2000<\/p>\n<p><!-- \/wp:paragraph --><\/p>\n<p><!-- wp:paragraph --><\/p>\n<p><strong>SOPORTE:<\/strong> TRIACETATO<\/p>\n<p><!-- \/wp:paragraph --><\/p>\n<p><!-- wp:paragraph --><\/p>\n<p><strong>FORMATO: <\/strong>35mm<\/p>\n<p><!-- \/wp:paragraph --><\/p>\n<p><!-- wp:paragraph --><\/p>\n<p><b>CROM\u00cdA: <\/b>Negativo Color\u00a0<\/p>\n<p><!-- \/wp:paragraph --><\/p>\t\t\t\t\t\t<\/div>\n\t\t\t\t<\/div>\n\t\t\t\t\t<\/div>\n\t\t<\/div>\n\t\t\t\t\t<\/div>\n\t\t<\/section>\n\t\t\t\t<\/div>\n\t\t","protected":false},"excerpt":{"rendered":"<p>C\u00d3DIGO: F0386 AUTOR: Marta Rodr\u00edguez DESCRIPCI\u00d3N: Retrato de un ni\u00f1o de aproximadamente ocho a\u00f1os con dos vasos de pl\u00e1stico amarillo en sus manos. La fotograf\u00eda es en el albergue. En la imagen puede verse que est\u00e1 lloviendo. PERSONA JUR\u00cdDICA\/NATURAL\/ROL:\u00a0 TOPON\u00cdMICOS: Vah\u00eda Solano &#8211; Choc\u00f3 TEM\u00c1TICOS: Embera. Ind\u00edgenas. Albergue. Vahia Solano. Choc\u00f3. CRONOL\u00d3GICOS:\u00a01999 &#8211; 2000 SOPORTE: [&hellip;]<\/p>\n","protected":false},"author":1,"featured_media":16742,"comment_status":"open","ping_status":"closed","sticky":false,"template":"","format":"standard","meta":{"_acf_changed":false,"footnotes":""},"categories":[27],"tags":[2584],"class_list":["post-16734","post","type-post","status-publish","format-standard","has-post-thumbnail","hentry","category-fotografias","tag-embera-indigenas-albergue-vahia-solano-choco"],"acf":[],"_links":{"self":[{"href":"https:\/\/martarodriguez.com.co\/index.php\/wp-json\/wp\/v2\/posts\/16734","targetHints":{"allow":["GET"]}}],"collection":[{"href":"https:\/\/martarodriguez.com.co\/index.php\/wp-json\/wp\/v2\/posts"}],"about":[{"href":"https:\/\/martarodriguez.com.co\/index.php\/wp-json\/wp\/v2\/types\/post"}],"author":[{"embeddable":true,"href":"https:\/\/martarodriguez.com.co\/index.php\/wp-json\/wp\/v2\/users\/1"}],"replies":[{"embeddable":true,"href":"https:\/\/martarodriguez.com.co\/index.php\/wp-json\/wp\/v2\/comments?post=16734"}],"version-history":[{"count":6,"href":"https:\/\/martarodriguez.com.co\/index.php\/wp-json\/wp\/v2\/posts\/16734\/revisions"}],"predecessor-version":[{"id":16743,"href":"https:\/\/martarodriguez.com.co\/index.php\/wp-json\/wp\/v2\/posts\/16734\/revisions\/16743"}],"wp:featuredmedia":[{"embeddable":true,"href":"https:\/\/martarodriguez.com.co\/index.php\/wp-json\/wp\/v2\/media\/16742"}],"wp:attachment":[{"href":"https:\/\/martarodriguez.com.co\/index.php\/wp-json\/wp\/v2\/media?parent=16734"}],"wp:term":[{"taxonomy":"category","embeddable":true,"href":"https:\/\/martarodriguez.com.co\/index.php\/wp-json\/wp\/v2\/categories?post=16734"},{"taxonomy":"post_tag","embeddable":true,"href":"https:\/\/martarodriguez.com.co\/index.php\/wp-json\/wp\/v2\/tags?post=16734"}],"curies":[{"name":"wp","href":"https:\/\/api.w.org\/{rel}","templated":true}]}}