{"id":16115,"date":"2025-11-12T23:37:31","date_gmt":"2025-11-12T23:37:31","guid":{"rendered":"https:\/\/martarodriguez.com.co\/?p=16115"},"modified":"2025-11-12T23:38:10","modified_gmt":"2025-11-12T23:38:10","slug":"f0307-mujer-con-dos-ninos","status":"publish","type":"post","link":"https:\/\/martarodriguez.com.co\/index.php\/2025\/11\/12\/f0307-mujer-con-dos-ninos\/","title":{"rendered":"F0307 &#8211; Mujer con dos ni\u00f1os"},"content":{"rendered":"\t\t<div data-elementor-type=\"wp-post\" data-elementor-id=\"16115\" class=\"elementor elementor-16115\">\n\t\t\t\t\t\t<section class=\"elementor-section elementor-top-section elementor-element elementor-element-1bdac607 elementor-section-boxed elementor-section-height-default elementor-section-height-default exad-glass-effect-no wpr-particle-no wpr-jarallax-no wpr-parallax-no wpr-sticky-section-no exad-sticky-section-no\" data-id=\"1bdac607\" data-element_type=\"section\">\n\t\t\t\t\t\t<div class=\"elementor-container elementor-column-gap-default\">\n\t\t\t\t\t<div class=\"elementor-column elementor-col-100 elementor-top-column elementor-element elementor-element-5c62388e exad-glass-effect-no exad-sticky-section-no\" data-id=\"5c62388e\" data-element_type=\"column\">\n\t\t\t<div class=\"elementor-widget-wrap elementor-element-populated\">\n\t\t\t\t\t\t<div class=\"elementor-element elementor-element-5359e0ef exad-sticky-section-no exad-glass-effect-no elementor-widget elementor-widget-text-editor\" data-id=\"5359e0ef\" data-element_type=\"widget\" data-widget_type=\"text-editor.default\">\n\t\t\t\t<div class=\"elementor-widget-container\">\n\t\t\t<style>\/*! elementor - v3.21.0 - 15-04-2024 *\/\n.elementor-widget-text-editor.elementor-drop-cap-view-stacked .elementor-drop-cap{background-color:#69727d;color:#fff}.elementor-widget-text-editor.elementor-drop-cap-view-framed .elementor-drop-cap{color:#69727d;border:3px solid;background-color:transparent}.elementor-widget-text-editor:not(.elementor-drop-cap-view-default) .elementor-drop-cap{margin-top:8px}.elementor-widget-text-editor:not(.elementor-drop-cap-view-default) .elementor-drop-cap-letter{width:1em;height:1em}.elementor-widget-text-editor .elementor-drop-cap{float:left;text-align:center;line-height:1;font-size:50px}.elementor-widget-text-editor .elementor-drop-cap-letter{display:inline-block}<\/style>\t\t\t\t<p><b>C\u00d3DIGO:<\/b> F0307<\/p>\n<p><strong>AUTOR:<\/strong> Marta Rodr\u00edguez<\/p>\n<p><!-- \/wp:paragraph --><\/p>\n<p><!-- wp:paragraph --><\/p>\n<p><strong>DESCRIPCI\u00d3N<\/strong>: Una mujer de aproximadamente 20 a\u00f1os est\u00e1 acompa\u00f1ada de tres ni\u00f1os. De tras de ella hay uno que no se distingue, parece una ni\u00f1a. A su lado m\u00e1s pr\u00f3ximo hay un ni\u00f1o de pelo largo y al lado de \u00e9l un beb\u00e9.<\/p>\n<p><strong>PERSONA JUR\u00cdDICA\/NATURAL\/ROL:\u00a0<\/strong><\/p>\n<p><strong style=\"color: var( --e-global-color-text ); font-family: var( --e-global-typography-text-font-family ), Sans-serif;\">TOPON\u00cdMICOS: <\/strong>Cacarica &#8211; Choc\u00f3<\/p>\n<p><span style=\"color: var( --e-global-color-text ); font-family: var( --e-global-typography-text-font-family ), Sans-serif;\"><b>TEM\u00c1TICOS: <\/b>Ind\u00edgenas. Emberas. Desplazamiento. Resistencia. Cacarica.<\/span><\/p>\n<p><strong>CRONOL\u00d3GICOS:<\/strong> 1997 &#8211; 1999<\/p>\n<p><!-- \/wp:paragraph --><\/p>\n<p><!-- wp:paragraph --><\/p>\n<p><strong>SOPORTE:<\/strong> TRIACETATO<\/p>\n<p><!-- \/wp:paragraph --><\/p>\n<p><!-- wp:paragraph --><\/p>\n<p><strong>FORMATO: <\/strong>35mm<\/p>\n<p><!-- \/wp:paragraph --><\/p>\n<p><!-- wp:paragraph --><\/p>\n<p><b>CROM\u00cdA: <\/b>Negativo Color\u00a0<\/p>\n<p><!-- \/wp:paragraph --><\/p>\t\t\t\t\t\t<\/div>\n\t\t\t\t<\/div>\n\t\t\t\t\t<\/div>\n\t\t<\/div>\n\t\t\t\t\t<\/div>\n\t\t<\/section>\n\t\t\t\t<\/div>\n\t\t","protected":false},"excerpt":{"rendered":"<p>C\u00d3DIGO: F0307 AUTOR: Marta Rodr\u00edguez DESCRIPCI\u00d3N: Una mujer de aproximadamente 20 a\u00f1os est\u00e1 acompa\u00f1ada de tres ni\u00f1os. De tras de ella hay uno que no se distingue, parece una ni\u00f1a. A su lado m\u00e1s pr\u00f3ximo hay un ni\u00f1o de pelo largo y al lado de \u00e9l un beb\u00e9. PERSONA JUR\u00cdDICA\/NATURAL\/ROL:\u00a0 TOPON\u00cdMICOS: Cacarica &#8211; Choc\u00f3 TEM\u00c1TICOS: [&hellip;]<\/p>\n","protected":false},"author":1,"featured_media":16117,"comment_status":"open","ping_status":"closed","sticky":false,"template":"","format":"standard","meta":{"_acf_changed":false,"footnotes":""},"categories":[27],"tags":[2582],"class_list":["post-16115","post","type-post","status-publish","format-standard","has-post-thumbnail","hentry","category-fotografias","tag-indigenas-emberas-desplazamiento-resistencia-cacarica"],"acf":[],"_links":{"self":[{"href":"https:\/\/martarodriguez.com.co\/index.php\/wp-json\/wp\/v2\/posts\/16115","targetHints":{"allow":["GET"]}}],"collection":[{"href":"https:\/\/martarodriguez.com.co\/index.php\/wp-json\/wp\/v2\/posts"}],"about":[{"href":"https:\/\/martarodriguez.com.co\/index.php\/wp-json\/wp\/v2\/types\/post"}],"author":[{"embeddable":true,"href":"https:\/\/martarodriguez.com.co\/index.php\/wp-json\/wp\/v2\/users\/1"}],"replies":[{"embeddable":true,"href":"https:\/\/martarodriguez.com.co\/index.php\/wp-json\/wp\/v2\/comments?post=16115"}],"version-history":[{"count":5,"href":"https:\/\/martarodriguez.com.co\/index.php\/wp-json\/wp\/v2\/posts\/16115\/revisions"}],"predecessor-version":[{"id":16121,"href":"https:\/\/martarodriguez.com.co\/index.php\/wp-json\/wp\/v2\/posts\/16115\/revisions\/16121"}],"wp:featuredmedia":[{"embeddable":true,"href":"https:\/\/martarodriguez.com.co\/index.php\/wp-json\/wp\/v2\/media\/16117"}],"wp:attachment":[{"href":"https:\/\/martarodriguez.com.co\/index.php\/wp-json\/wp\/v2\/media?parent=16115"}],"wp:term":[{"taxonomy":"category","embeddable":true,"href":"https:\/\/martarodriguez.com.co\/index.php\/wp-json\/wp\/v2\/categories?post=16115"},{"taxonomy":"post_tag","embeddable":true,"href":"https:\/\/martarodriguez.com.co\/index.php\/wp-json\/wp\/v2\/tags?post=16115"}],"curies":[{"name":"wp","href":"https:\/\/api.w.org\/{rel}","templated":true}]}}