{"id":15299,"date":"2025-11-10T22:31:12","date_gmt":"2025-11-10T22:31:12","guid":{"rendered":"https:\/\/martarodriguez.com.co\/?p=15299"},"modified":"2025-11-10T22:33:03","modified_gmt":"2025-11-10T22:33:03","slug":"unidad-indigena-no-44-ano-6-octubre-de-1980_primera-asamblea-general-ordinaria-de-la-central-de-cooperativa","status":"publish","type":"post","link":"https:\/\/martarodriguez.com.co\/index.php\/2025\/11\/10\/unidad-indigena-no-44-ano-6-octubre-de-1980_primera-asamblea-general-ordinaria-de-la-central-de-cooperativa\/","title":{"rendered":"H0257h UI 44- Primera Asamblea General Ordinaria de la Central de Cooperativa"},"content":{"rendered":"\t\t<div data-elementor-type=\"wp-post\" data-elementor-id=\"15299\" class=\"elementor elementor-15299\">\n\t\t\t\t\t\t<section class=\"elementor-section elementor-top-section elementor-element elementor-element-77752575 elementor-section-boxed elementor-section-height-default elementor-section-height-default exad-glass-effect-no wpr-particle-no wpr-jarallax-no wpr-parallax-no wpr-sticky-section-no exad-sticky-section-no\" data-id=\"77752575\" data-element_type=\"section\">\n\t\t\t\t\t\t<div class=\"elementor-container elementor-column-gap-default\">\n\t\t\t\t\t<div class=\"elementor-column elementor-col-100 elementor-top-column elementor-element elementor-element-6fd6a63d exad-glass-effect-no exad-sticky-section-no\" data-id=\"6fd6a63d\" data-element_type=\"column\">\n\t\t\t<div class=\"elementor-widget-wrap elementor-element-populated\">\n\t\t\t\t\t\t<div class=\"elementor-element elementor-element-bfe59b7 exad-sticky-section-no exad-glass-effect-no elementor-widget elementor-widget-image\" data-id=\"bfe59b7\" data-element_type=\"widget\" data-widget_type=\"image.default\">\n\t\t\t\t<div class=\"elementor-widget-container\">\n\t\t\t<style>\/*! elementor - v3.21.0 - 15-04-2024 *\/\n.elementor-widget-image{text-align:center}.elementor-widget-image a{display:inline-block}.elementor-widget-image a img[src$=\".svg\"]{width:48px}.elementor-widget-image img{vertical-align:middle;display:inline-block}<\/style>\t\t\t\t\t\t\t\t\t\t<img fetchpriority=\"high\" decoding=\"async\" width=\"948\" height=\"793\" src=\"https:\/\/martarodriguez.com.co\/wp-content\/uploads\/2025\/11\/Captura-de-Pantalla-2025-11-10-a-las-5.30.29-p.m-1.jpg\" class=\"attachment-2048x2048 size-2048x2048 wp-image-15310\" alt=\"\" srcset=\"https:\/\/martarodriguez.com.co\/wp-content\/uploads\/2025\/11\/Captura-de-Pantalla-2025-11-10-a-las-5.30.29-p.m-1.jpg 948w, https:\/\/martarodriguez.com.co\/wp-content\/uploads\/2025\/11\/Captura-de-Pantalla-2025-11-10-a-las-5.30.29-p.m-1-300x251.jpg 300w, https:\/\/martarodriguez.com.co\/wp-content\/uploads\/2025\/11\/Captura-de-Pantalla-2025-11-10-a-las-5.30.29-p.m-1-768x642.jpg 768w, https:\/\/martarodriguez.com.co\/wp-content\/uploads\/2025\/11\/Captura-de-Pantalla-2025-11-10-a-las-5.30.29-p.m-1-750x627.jpg 750w, https:\/\/martarodriguez.com.co\/wp-content\/uploads\/2025\/11\/Captura-de-Pantalla-2025-11-10-a-las-5.30.29-p.m-1-600x502.jpg 600w\" sizes=\"(max-width: 948px) 100vw, 948px\" \/>\t\t\t\t\t\t\t\t\t\t\t\t\t<\/div>\n\t\t\t\t<\/div>\n\t\t\t\t<div class=\"elementor-element elementor-element-77b5c1c exad-sticky-section-no exad-glass-effect-no elementor-widget elementor-widget-text-editor\" data-id=\"77b5c1c\" data-element_type=\"widget\" data-widget_type=\"text-editor.default\">\n\t\t\t\t<div class=\"elementor-widget-container\">\n\t\t\t<style>\/*! elementor - v3.21.0 - 15-04-2024 *\/\n.elementor-widget-text-editor.elementor-drop-cap-view-stacked .elementor-drop-cap{background-color:#69727d;color:#fff}.elementor-widget-text-editor.elementor-drop-cap-view-framed .elementor-drop-cap{color:#69727d;border:3px solid;background-color:transparent}.elementor-widget-text-editor:not(.elementor-drop-cap-view-default) .elementor-drop-cap{margin-top:8px}.elementor-widget-text-editor:not(.elementor-drop-cap-view-default) .elementor-drop-cap-letter{width:1em;height:1em}.elementor-widget-text-editor .elementor-drop-cap{float:left;text-align:center;line-height:1;font-size:50px}.elementor-widget-text-editor .elementor-drop-cap-letter{display:inline-block}<\/style>\t\t\t\t<p><span data-sheets-root=\"1\">La nota describe los asistentes y temas tratados en la primera asamblea de la central de cooperativa ind\u00edgena del Cauca. <\/span><\/p>\t\t\t\t\t\t<\/div>\n\t\t\t\t<\/div>\n\t\t\t\t<div class=\"elementor-element elementor-element-496b670 exad-sticky-section-no exad-glass-effect-no elementor-widget elementor-widget-text-editor\" data-id=\"496b670\" data-element_type=\"widget\" data-widget_type=\"text-editor.default\">\n\t\t\t\t<div class=\"elementor-widget-container\">\n\t\t\t\t\t\t\t<p><strong>C\u00d3DIGO<\/strong>: H0257h<\/p>\n<p><strong>IDIOMA:<\/strong> Castellano<\/p>\n<p><strong style=\"color: var( --e-global-color-text ); font-family: var( --e-global-typography-text-font-family ), Sans-serif;\">PERSONA JUR\u00cdDICA\/NATURAL\/ROL:<\/strong> <span data-sheets-root=\"1\">\u00c1lvaro Tomb\u00e9, Estanislao Hern\u00e1ndez, Manuel Medina, V\u00edctor Melengue, Edilberto Niquin\u00e1s, Miguel Tunubal\u00e1, Pascual Campo, Taurino \u00d1uscu\u00e9, Jacinto Pancho, Julio Trochez, Alfredo Londo\u00f1o, Martha Calaps\u00fa, Mario Escue, Maximiliano Isco, Jes\u00fas Avirama, Trino Morales, <\/span><\/p>\n<p><strong>TOPON\u00cdMICOS:<\/strong> <span data-sheets-root=\"1\">San Francisco, Torib\u00edo, Mesa de Togoima, P\u00e1ez, Moras, Guanacas, Inz\u00e1, La Laguna, Siberia, Popay\u00e1n, T\u00e1laga Termal, Silvia, Corinto, Purac\u00e9, Caldono, Jambal\u00f3, Barrio Bol\u00edvar, <\/span><\/p>\n<p><strong style=\"color: var( --e-global-color-text ); font-family: var( --e-global-typography-text-font-family ), Sans-serif;\">TEM\u00c1TICOS:<\/strong> <span data-sheets-root=\"1\">Asamblea General, Central Cooperativa Ind\u00edgena del Cauca, Junta Directiva, Consejo de Administraci\u00f3n, Tiendas Comunitarias, <\/span><\/p>\n<p><!-- \/wp:paragraph --><!-- wp:paragraph --><\/p>\n<p><strong>CRONOL\u00d3GICOS:<\/strong> <span data-sheets-root=\"1\">1980<\/span><\/p>\n<p><!-- \/wp:paragraph --><!-- wp:paragraph --><\/p>\n<p><!-- \/wp:paragraph --><!-- wp:paragraph --><\/p>\n<p><!-- \/wp:paragraph --><\/p>\t\t\t\t\t\t<\/div>\n\t\t\t\t<\/div>\n\t\t\t\t\t<\/div>\n\t\t<\/div>\n\t\t\t\t\t<\/div>\n\t\t<\/section>\n\t\t\t\t<\/div>\n\t\t","protected":false},"excerpt":{"rendered":"<p>La nota describe los asistentes y temas tratados en la primera asamblea de la central de cooperativa ind\u00edgena del Cauca. C\u00d3DIGO: H0257h IDIOMA: Castellano PERSONA JUR\u00cdDICA\/NATURAL\/ROL: \u00c1lvaro Tomb\u00e9, Estanislao Hern\u00e1ndez, Manuel Medina, V\u00edctor Melengue, Edilberto Niquin\u00e1s, Miguel Tunubal\u00e1, Pascual Campo, Taurino \u00d1uscu\u00e9, Jacinto Pancho, Julio Trochez, Alfredo Londo\u00f1o, Martha Calaps\u00fa, Mario Escue, Maximiliano Isco, Jes\u00fas [&hellip;]<\/p>\n","protected":false},"author":1,"featured_media":15308,"comment_status":"closed","ping_status":"open","sticky":false,"template":"","format":"standard","meta":{"_acf_changed":false,"footnotes":""},"categories":[28],"tags":[2552,2544,2560,2559,1558,2225,1914,1599,2548,2545,1526,1698,1834,1555,2554,2551,1973,2557,2546,1988,2553,370,2555,2549,2556,1687,2550,1492,1965,1746,1716,1427,2558,2278,2561,1747,895,2547],"class_list":["post-15299","post","type-post","status-publish","format-standard","has-post-thumbnail","hentry","category-hemeroteca","tag-alfredo-londono","tag-alvaro-tombe","tag-asamblea-general","tag-barrio-bolivar","tag-caldono","tag-central-cooperativa-indigena-del-cauca","tag-consejo-de-administracion","tag-corinto","tag-edilberto-niquinas","tag-estanislao-hernandez","tag-guanacas","tag-inza","tag-jacinto-pancho","tag-jambalo","tag-jesus-avirama","tag-julio-trochez","tag-junta-directiva","tag-la-laguna","tag-manuel-medina","tag-mario-escue","tag-martha-calapsu","tag-maximiliano-isco","tag-mesa-de-togoima","tag-miguel-tunubala","tag-moras","tag-paez","tag-pascual-campo","tag-popayan","tag-purace","tag-san-francisco","tag-siberia","tag-silvia","tag-talaga-termal","tag-taurino-nuscue","tag-tiendas-comunitarias","tag-toribio","tag-trino-morales","tag-victor-melengue"],"acf":[],"_links":{"self":[{"href":"https:\/\/martarodriguez.com.co\/index.php\/wp-json\/wp\/v2\/posts\/15299","targetHints":{"allow":["GET"]}}],"collection":[{"href":"https:\/\/martarodriguez.com.co\/index.php\/wp-json\/wp\/v2\/posts"}],"about":[{"href":"https:\/\/martarodriguez.com.co\/index.php\/wp-json\/wp\/v2\/types\/post"}],"author":[{"embeddable":true,"href":"https:\/\/martarodriguez.com.co\/index.php\/wp-json\/wp\/v2\/users\/1"}],"replies":[{"embeddable":true,"href":"https:\/\/martarodriguez.com.co\/index.php\/wp-json\/wp\/v2\/comments?post=15299"}],"version-history":[{"count":5,"href":"https:\/\/martarodriguez.com.co\/index.php\/wp-json\/wp\/v2\/posts\/15299\/revisions"}],"predecessor-version":[{"id":15316,"href":"https:\/\/martarodriguez.com.co\/index.php\/wp-json\/wp\/v2\/posts\/15299\/revisions\/15316"}],"wp:featuredmedia":[{"embeddable":true,"href":"https:\/\/martarodriguez.com.co\/index.php\/wp-json\/wp\/v2\/media\/15308"}],"wp:attachment":[{"href":"https:\/\/martarodriguez.com.co\/index.php\/wp-json\/wp\/v2\/media?parent=15299"}],"wp:term":[{"taxonomy":"category","embeddable":true,"href":"https:\/\/martarodriguez.com.co\/index.php\/wp-json\/wp\/v2\/categories?post=15299"},{"taxonomy":"post_tag","embeddable":true,"href":"https:\/\/martarodriguez.com.co\/index.php\/wp-json\/wp\/v2\/tags?post=15299"}],"curies":[{"name":"wp","href":"https:\/\/api.w.org\/{rel}","templated":true}]}}