{"id":15288,"date":"2025-11-10T22:21:40","date_gmt":"2025-11-10T22:21:40","guid":{"rendered":"https:\/\/martarodriguez.com.co\/?p=15288"},"modified":"2025-11-10T22:23:33","modified_gmt":"2025-11-10T22:23:33","slug":"unidad-indigena-no-44-ano-6-octubre-de-1980_julian-narvaez-es-el-complice-de-los-terratenientes-que-quieren-despojarnos-de-la-mina","status":"publish","type":"post","link":"https:\/\/martarodriguez.com.co\/index.php\/2025\/11\/10\/unidad-indigena-no-44-ano-6-octubre-de-1980_julian-narvaez-es-el-complice-de-los-terratenientes-que-quieren-despojarnos-de-la-mina\/","title":{"rendered":"H0257f UI 44- Juli\u00e1n Narv\u00e1ez es el c\u00f3mplice de los terratenientes que quieren despojarnos de la mina"},"content":{"rendered":"\t\t<div data-elementor-type=\"wp-post\" data-elementor-id=\"15288\" class=\"elementor elementor-15288\">\n\t\t\t\t\t\t<section class=\"elementor-section elementor-top-section elementor-element elementor-element-77752575 elementor-section-boxed elementor-section-height-default elementor-section-height-default exad-glass-effect-no wpr-particle-no wpr-jarallax-no wpr-parallax-no wpr-sticky-section-no exad-sticky-section-no\" data-id=\"77752575\" data-element_type=\"section\">\n\t\t\t\t\t\t<div class=\"elementor-container elementor-column-gap-default\">\n\t\t\t\t\t<div class=\"elementor-column elementor-col-100 elementor-top-column elementor-element elementor-element-6fd6a63d exad-glass-effect-no exad-sticky-section-no\" data-id=\"6fd6a63d\" data-element_type=\"column\">\n\t\t\t<div class=\"elementor-widget-wrap elementor-element-populated\">\n\t\t\t\t\t\t<div class=\"elementor-element elementor-element-bfe59b7 exad-sticky-section-no exad-glass-effect-no elementor-widget elementor-widget-image\" data-id=\"bfe59b7\" data-element_type=\"widget\" data-widget_type=\"image.default\">\n\t\t\t\t<div class=\"elementor-widget-container\">\n\t\t\t<style>\/*! elementor - v3.21.0 - 15-04-2024 *\/\n.elementor-widget-image{text-align:center}.elementor-widget-image a{display:inline-block}.elementor-widget-image a img[src$=\".svg\"]{width:48px}.elementor-widget-image img{vertical-align:middle;display:inline-block}<\/style>\t\t\t\t\t\t\t\t\t\t<img fetchpriority=\"high\" decoding=\"async\" width=\"1349\" height=\"573\" src=\"https:\/\/martarodriguez.com.co\/wp-content\/uploads\/2025\/11\/Captura-de-Pantalla-2025-11-10-a-las-5.15.07-p.m-1.jpg\" class=\"attachment-2048x2048 size-2048x2048 wp-image-15293\" alt=\"\" srcset=\"https:\/\/martarodriguez.com.co\/wp-content\/uploads\/2025\/11\/Captura-de-Pantalla-2025-11-10-a-las-5.15.07-p.m-1.jpg 1349w, https:\/\/martarodriguez.com.co\/wp-content\/uploads\/2025\/11\/Captura-de-Pantalla-2025-11-10-a-las-5.15.07-p.m-1-300x127.jpg 300w, https:\/\/martarodriguez.com.co\/wp-content\/uploads\/2025\/11\/Captura-de-Pantalla-2025-11-10-a-las-5.15.07-p.m-1-1024x435.jpg 1024w, https:\/\/martarodriguez.com.co\/wp-content\/uploads\/2025\/11\/Captura-de-Pantalla-2025-11-10-a-las-5.15.07-p.m-1-768x326.jpg 768w, https:\/\/martarodriguez.com.co\/wp-content\/uploads\/2025\/11\/Captura-de-Pantalla-2025-11-10-a-las-5.15.07-p.m-1-750x319.jpg 750w, https:\/\/martarodriguez.com.co\/wp-content\/uploads\/2025\/11\/Captura-de-Pantalla-2025-11-10-a-las-5.15.07-p.m-1-600x255.jpg 600w\" sizes=\"(max-width: 1349px) 100vw, 1349px\" \/>\t\t\t\t\t\t\t\t\t\t\t\t\t<\/div>\n\t\t\t\t<\/div>\n\t\t\t\t<div class=\"elementor-element elementor-element-77b5c1c exad-sticky-section-no exad-glass-effect-no elementor-widget elementor-widget-text-editor\" data-id=\"77b5c1c\" data-element_type=\"widget\" data-widget_type=\"text-editor.default\">\n\t\t\t\t<div class=\"elementor-widget-container\">\n\t\t\t<style>\/*! elementor - v3.21.0 - 15-04-2024 *\/\n.elementor-widget-text-editor.elementor-drop-cap-view-stacked .elementor-drop-cap{background-color:#69727d;color:#fff}.elementor-widget-text-editor.elementor-drop-cap-view-framed .elementor-drop-cap{color:#69727d;border:3px solid;background-color:transparent}.elementor-widget-text-editor:not(.elementor-drop-cap-view-default) .elementor-drop-cap{margin-top:8px}.elementor-widget-text-editor:not(.elementor-drop-cap-view-default) .elementor-drop-cap-letter{width:1em;height:1em}.elementor-widget-text-editor .elementor-drop-cap{float:left;text-align:center;line-height:1;font-size:50px}.elementor-widget-text-editor .elementor-drop-cap-letter{display:inline-block}<\/style>\t\t\t\t<p><span data-sheets-root=\"1\">La nota reproduce una carta que el jefe de la divisi\u00f3n de asuntos ind\u00edgenas escribi\u00f3 al Cabildo Ind\u00edgena de R\u00edo Colorado. <\/span><\/p>\t\t\t\t\t\t<\/div>\n\t\t\t\t<\/div>\n\t\t\t\t<div class=\"elementor-element elementor-element-496b670 exad-sticky-section-no exad-glass-effect-no elementor-widget elementor-widget-text-editor\" data-id=\"496b670\" data-element_type=\"widget\" data-widget_type=\"text-editor.default\">\n\t\t\t\t<div class=\"elementor-widget-container\">\n\t\t\t\t\t\t\t<p><strong>C\u00d3DIGO<\/strong>: H0257f<\/p>\n<p><strong>IDIOMA:<\/strong> Castellano<\/p>\n<p><strong style=\"color: var( --e-global-color-text ); font-family: var( --e-global-typography-text-font-family ), Sans-serif;\">PERSONA JUR\u00cdDICA\/NATURAL\/ROL:<\/strong> Juli\u00e1n Narv\u00e1ez, Ricardo Escobar, Gustavo Vel\u00e1squez, Aquileo Campo, Ricardo Escobar, Jos\u00e9 Dar\u00edo Penagos, Germ\u00e1n Zea,<\/p>\n<p><strong>TOPON\u00cdMICOS:<\/strong> <span data-sheets-root=\"1\">Alto And\u00e1gueda, Choc\u00f3, Medell\u00edn, Bagad\u00f3. <\/span><\/p>\n<p><strong style=\"color: var( --e-global-color-text ); font-family: var( --e-global-typography-text-font-family ), Sans-serif;\">TEM\u00c1TICOS:<\/strong> <span data-sheets-root=\"1\">Divisi\u00f3n de Asuntos Ind\u00edgenas, Min Gobierno, Acci\u00f3n Comunal, Minas de Oro, <\/span><\/p>\n<p><!-- \/wp:paragraph --><!-- wp:paragraph --><\/p>\n<p><strong>CRONOL\u00d3GICOS:<\/strong> <span data-sheets-root=\"1\">1980<\/span><\/p>\n<p><!-- \/wp:paragraph --><!-- wp:paragraph --><\/p>\n<p><!-- \/wp:paragraph --><!-- wp:paragraph --><\/p>\n<p><!-- \/wp:paragraph --><\/p>\t\t\t\t\t\t<\/div>\n\t\t\t\t<\/div>\n\t\t\t\t\t<\/div>\n\t\t<\/div>\n\t\t\t\t\t<\/div>\n\t\t<\/section>\n\t\t\t\t<\/div>\n\t\t","protected":false},"excerpt":{"rendered":"<p>La nota reproduce una carta que el jefe de la divisi\u00f3n de asuntos ind\u00edgenas escribi\u00f3 al Cabildo Ind\u00edgena de R\u00edo Colorado. C\u00d3DIGO: H0257f IDIOMA: Castellano PERSONA JUR\u00cdDICA\/NATURAL\/ROL: Juli\u00e1n Narv\u00e1ez, Ricardo Escobar, Gustavo Vel\u00e1squez, Aquileo Campo, Ricardo Escobar, Jos\u00e9 Dar\u00edo Penagos, Germ\u00e1n Zea, TOPON\u00cdMICOS: Alto And\u00e1gueda, Choc\u00f3, Medell\u00edn, Bagad\u00f3. TEM\u00c1TICOS: Divisi\u00f3n de Asuntos Ind\u00edgenas, Min Gobierno, [&hellip;]<\/p>\n","protected":false},"author":1,"featured_media":15290,"comment_status":"closed","ping_status":"open","sticky":false,"template":"","format":"standard","meta":{"_acf_changed":false,"footnotes":""},"categories":[28],"tags":[573,2501,2534,2525,2526,1816,2536,2533,2535,2335,342,2049,2537,2521],"class_list":["post-15288","post","type-post","status-publish","format-standard","has-post-thumbnail","hentry","category-hemeroteca","tag-accion-comunal","tag-alto-andagueda","tag-aquileo-campo","tag-bagado","tag-choco","tag-division-de-asuntos-indigenas","tag-german-zea","tag-gustavo-velasquez","tag-jose-dario-penagos","tag-julian-narvaez","tag-medellin","tag-min-gobierno","tag-minas-de-oro","tag-ricardo-escobar"],"acf":[],"_links":{"self":[{"href":"https:\/\/martarodriguez.com.co\/index.php\/wp-json\/wp\/v2\/posts\/15288","targetHints":{"allow":["GET"]}}],"collection":[{"href":"https:\/\/martarodriguez.com.co\/index.php\/wp-json\/wp\/v2\/posts"}],"about":[{"href":"https:\/\/martarodriguez.com.co\/index.php\/wp-json\/wp\/v2\/types\/post"}],"author":[{"embeddable":true,"href":"https:\/\/martarodriguez.com.co\/index.php\/wp-json\/wp\/v2\/users\/1"}],"replies":[{"embeddable":true,"href":"https:\/\/martarodriguez.com.co\/index.php\/wp-json\/wp\/v2\/comments?post=15288"}],"version-history":[{"count":5,"href":"https:\/\/martarodriguez.com.co\/index.php\/wp-json\/wp\/v2\/posts\/15288\/revisions"}],"predecessor-version":[{"id":15296,"href":"https:\/\/martarodriguez.com.co\/index.php\/wp-json\/wp\/v2\/posts\/15288\/revisions\/15296"}],"wp:featuredmedia":[{"embeddable":true,"href":"https:\/\/martarodriguez.com.co\/index.php\/wp-json\/wp\/v2\/media\/15290"}],"wp:attachment":[{"href":"https:\/\/martarodriguez.com.co\/index.php\/wp-json\/wp\/v2\/media?parent=15288"}],"wp:term":[{"taxonomy":"category","embeddable":true,"href":"https:\/\/martarodriguez.com.co\/index.php\/wp-json\/wp\/v2\/categories?post=15288"},{"taxonomy":"post_tag","embeddable":true,"href":"https:\/\/martarodriguez.com.co\/index.php\/wp-json\/wp\/v2\/tags?post=15288"}],"curies":[{"name":"wp","href":"https:\/\/api.w.org\/{rel}","templated":true}]}}