{"id":15246,"date":"2025-11-10T22:07:51","date_gmt":"2025-11-10T22:07:51","guid":{"rendered":"https:\/\/martarodriguez.com.co\/?p=15246"},"modified":"2025-11-10T22:10:26","modified_gmt":"2025-11-10T22:10:26","slug":"0818p1-sacerdote-de-sucre-y-la-costa-teologia-de-la-liberacion-jorge-silva-abril-29-85","status":"publish","type":"post","link":"https:\/\/martarodriguez.com.co\/index.php\/2025\/11\/10\/0818p1-sacerdote-de-sucre-y-la-costa-teologia-de-la-liberacion-jorge-silva-abril-29-85\/","title":{"rendered":"0818p1 Sacerdote de sucre y la costa Teologia de la liberacion Jorge Silva Abril 29\/85"},"content":{"rendered":"\t\t<div data-elementor-type=\"wp-post\" data-elementor-id=\"15246\" class=\"elementor elementor-15246\">\n\t\t\t\t\t\t<section class=\"elementor-section elementor-top-section elementor-element elementor-element-31e9a44 elementor-section-boxed elementor-section-height-default elementor-section-height-default exad-glass-effect-no wpr-particle-no wpr-jarallax-no wpr-parallax-no wpr-sticky-section-no exad-sticky-section-no\" data-id=\"31e9a44\" data-element_type=\"section\">\n\t\t\t\t\t\t<div class=\"elementor-container elementor-column-gap-default\">\n\t\t\t\t\t<div class=\"elementor-column elementor-col-100 elementor-top-column elementor-element elementor-element-00c8168 exad-glass-effect-no exad-sticky-section-no\" data-id=\"00c8168\" data-element_type=\"column\">\n\t\t\t<div class=\"elementor-widget-wrap elementor-element-populated\">\n\t\t\t\t\t\t<div class=\"elementor-element elementor-element-9724743 exad-sticky-section-no exad-glass-effect-no elementor-widget elementor-widget-html\" data-id=\"9724743\" data-element_type=\"widget\" data-widget_type=\"html.default\">\n\t\t\t\t<div class=\"elementor-widget-container\">\n\t\t\t<iframe src=\"https:\/\/audiomack.com\/embed\/cinemestizo\/song\/0384-matrimonio-de-una-mujer-de-las-flores-sept15\" scrolling=\"no\" width=\"100%\" height=\"252\" frameborder=\"0\" title=\"0384 Matrimonio De Una Mujer De Las Flores Sept15\"><\/iframe>\t\t<\/div>\n\t\t\t\t<\/div>\n\t\t\t\t<div class=\"elementor-element elementor-element-0928cc3 exad-sticky-section-no exad-glass-effect-no elementor-widget elementor-widget-text-editor\" data-id=\"0928cc3\" data-element_type=\"widget\" data-widget_type=\"text-editor.default\">\n\t\t\t\t<div class=\"elementor-widget-container\">\n\t\t\t<style>\/*! elementor - v3.21.0 - 15-04-2024 *\/\n.elementor-widget-text-editor.elementor-drop-cap-view-stacked .elementor-drop-cap{background-color:#69727d;color:#fff}.elementor-widget-text-editor.elementor-drop-cap-view-framed .elementor-drop-cap{color:#69727d;border:3px solid;background-color:transparent}.elementor-widget-text-editor:not(.elementor-drop-cap-view-default) .elementor-drop-cap{margin-top:8px}.elementor-widget-text-editor:not(.elementor-drop-cap-view-default) .elementor-drop-cap-letter{width:1em;height:1em}.elementor-widget-text-editor .elementor-drop-cap{float:left;text-align:center;line-height:1;font-size:50px}.elementor-widget-text-editor .elementor-drop-cap-letter{display:inline-block}<\/style>\t\t\t\t<p>Camilo Torres Restrepo (1929\u20131966) fue un sacerdote colombiano, soci\u00f3logo y activista pol\u00edtico, reconocido como uno de los principales exponentes de la Teolog\u00eda de la Liberaci\u00f3n en Am\u00e9rica Latina. Su pensamiento articulaba compromiso cristiano y lucha social, defendiendo los derechos de los pobres y cuestionando las estructuras de opresi\u00f3n. Torres tambi\u00e9n integr\u00f3 el Ej\u00e9rcito de Liberaci\u00f3n Nacional (ELN), intentando conjugar acci\u00f3n pol\u00edtica y militancia armada con su vocaci\u00f3n religiosa, hasta su muerte en combate en 1966.<\/p><p>La Teolog\u00eda de la Liberaci\u00f3n, surgida en la d\u00e9cada de 1960, interpreta el Evangelio desde la perspectiva de los pobres y oprimidos, promoviendo la transformaci\u00f3n de estructuras sociales injustas mediante la praxis pol\u00edtica y comunitaria. Este enfoque influy\u00f3 profundamente en intelectuales, religiosos y activistas, as\u00ed como en cineastas comprometidos con la realidad latinoamericana.<\/p><p>En el caso de Marta Rodr\u00edguez, Camilo Torres fue su profesor y su ense\u00f1anza marc\u00f3 el inicio de una larga investigaci\u00f3n sobre la relaci\u00f3n entre fe, pol\u00edtica y justicia social. Esta exploraci\u00f3n, que perme\u00f3 buena parte de su obra documental, condujo a la realizaci\u00f3n en 2023 del documental Camilo Torres Restrepo, el amor eficaz.<\/p><p>Este registro se realiz\u00f3 en el marco de la investigaci\u00f3n e incluye una entrevista con un sacerdote de Sucre y la Costa, en la que se aborda la Teolog\u00eda de la Liberaci\u00f3n. La grabaci\u00f3n, realizada el 29 de abril de 1985, tambi\u00e9n registra la presencia de Jorge Silva.<\/p>\t\t\t\t\t\t<\/div>\n\t\t\t\t<\/div>\n\t\t\t\t<div class=\"elementor-element elementor-element-b460ad5 elementor-widget__width-initial exad-sticky-section-no exad-glass-effect-no elementor-widget elementor-widget-text-editor\" data-id=\"b460ad5\" data-element_type=\"widget\" data-widget_type=\"text-editor.default\">\n\t\t\t\t<div class=\"elementor-widget-container\">\n\t\t\t\t\t\t\t<p><strong>C\u00d3DIGO:<\/strong> 0818p1<\/p><p><strong>AUTOR\/DIRECTOR\/PRODUCTOR:<\/strong>\u00a0Fundaci\u00f3n Cine Documental Investigaci\u00f3n Social<\/p><p><strong>IDIOMA: <\/strong>Espa\u00f1ol<\/p><p><strong>PERSONA JUR\u00cdDICA\/NATURAL\/ROL:<\/strong> Jorge Silva, Marta Rodriguez<\/p><p><strong>TOPON\u00cdMICOS: <\/strong>Bogot\u00e1<\/p><p><strong>TEM\u00c1TICOS:<\/strong> Camilo Torres, Teologia de la liberacion<\/p><p><strong>CRONOL\u00d3GICOS: <\/strong>29\/04\/1985<\/p><p><strong>UNIDAD DE CONSERVACI\u00d3N:\u00a0<\/strong>Caja<\/p><p><strong>SOPORTE:\u00a0<\/strong>Magn\u00e9tico<\/p><p><strong>FORMATO: <\/strong>Cassette<\/p><p><strong>DURACI\u00d3N:<\/strong> 00:48:00<\/p><p><strong>NOTAS:\u00a0<\/strong>N\/A<\/p>\t\t\t\t\t\t<\/div>\n\t\t\t\t<\/div>\n\t\t\t\t\t<\/div>\n\t\t<\/div>\n\t\t\t\t\t<\/div>\n\t\t<\/section>\n\t\t\t\t<\/div>\n\t\t","protected":false},"excerpt":{"rendered":"<p>Camilo Torres Restrepo (1929\u20131966) fue un sacerdote colombiano, soci\u00f3logo y activista pol\u00edtico, reconocido como uno de los principales exponentes de la Teolog\u00eda de la Liberaci\u00f3n en Am\u00e9rica Latina. Su pensamiento articulaba compromiso cristiano y lucha social, defendiendo los derechos de los pobres y cuestionando las estructuras de opresi\u00f3n. Torres tambi\u00e9n integr\u00f3 el Ej\u00e9rcito de Liberaci\u00f3n [&hellip;]<\/p>\n","protected":false},"author":1,"featured_media":15247,"comment_status":"open","ping_status":"open","sticky":false,"template":"","format":"standard","meta":{"_acf_changed":false,"footnotes":""},"categories":[26],"tags":[2021,2511],"class_list":["post-15246","post","type-post","status-publish","format-standard","has-post-thumbnail","hentry","category-audios","tag-camilo-torres","tag-teologia-de-la-liberacion-2"],"acf":[],"_links":{"self":[{"href":"https:\/\/martarodriguez.com.co\/index.php\/wp-json\/wp\/v2\/posts\/15246","targetHints":{"allow":["GET"]}}],"collection":[{"href":"https:\/\/martarodriguez.com.co\/index.php\/wp-json\/wp\/v2\/posts"}],"about":[{"href":"https:\/\/martarodriguez.com.co\/index.php\/wp-json\/wp\/v2\/types\/post"}],"author":[{"embeddable":true,"href":"https:\/\/martarodriguez.com.co\/index.php\/wp-json\/wp\/v2\/users\/1"}],"replies":[{"embeddable":true,"href":"https:\/\/martarodriguez.com.co\/index.php\/wp-json\/wp\/v2\/comments?post=15246"}],"version-history":[{"count":4,"href":"https:\/\/martarodriguez.com.co\/index.php\/wp-json\/wp\/v2\/posts\/15246\/revisions"}],"predecessor-version":[{"id":15264,"href":"https:\/\/martarodriguez.com.co\/index.php\/wp-json\/wp\/v2\/posts\/15246\/revisions\/15264"}],"wp:featuredmedia":[{"embeddable":true,"href":"https:\/\/martarodriguez.com.co\/index.php\/wp-json\/wp\/v2\/media\/15247"}],"wp:attachment":[{"href":"https:\/\/martarodriguez.com.co\/index.php\/wp-json\/wp\/v2\/media?parent=15246"}],"wp:term":[{"taxonomy":"category","embeddable":true,"href":"https:\/\/martarodriguez.com.co\/index.php\/wp-json\/wp\/v2\/categories?post=15246"},{"taxonomy":"post_tag","embeddable":true,"href":"https:\/\/martarodriguez.com.co\/index.php\/wp-json\/wp\/v2\/tags?post=15246"}],"curies":[{"name":"wp","href":"https:\/\/api.w.org\/{rel}","templated":true}]}}