{"id":15233,"date":"2025-11-10T21:59:56","date_gmt":"2025-11-10T21:59:56","guid":{"rendered":"https:\/\/martarodriguez.com.co\/?p=15233"},"modified":"2025-11-10T22:02:47","modified_gmt":"2025-11-10T22:02:47","slug":"unidad-indigena-no-44-ano-6-octubre-de-1980_portada","status":"publish","type":"post","link":"https:\/\/martarodriguez.com.co\/index.php\/2025\/11\/10\/unidad-indigena-no-44-ano-6-octubre-de-1980_portada\/","title":{"rendered":"H0257 UI 44- Portada"},"content":{"rendered":"\t\t<div data-elementor-type=\"wp-post\" data-elementor-id=\"15233\" class=\"elementor elementor-15233\">\n\t\t\t\t\t\t<section class=\"elementor-section elementor-top-section elementor-element elementor-element-77752575 elementor-section-boxed elementor-section-height-default elementor-section-height-default exad-glass-effect-no wpr-particle-no wpr-jarallax-no wpr-parallax-no wpr-sticky-section-no exad-sticky-section-no\" data-id=\"77752575\" data-element_type=\"section\">\n\t\t\t\t\t\t<div class=\"elementor-container elementor-column-gap-default\">\n\t\t\t\t\t<div class=\"elementor-column elementor-col-100 elementor-top-column elementor-element elementor-element-6fd6a63d exad-glass-effect-no exad-sticky-section-no\" data-id=\"6fd6a63d\" data-element_type=\"column\">\n\t\t\t<div class=\"elementor-widget-wrap elementor-element-populated\">\n\t\t\t\t\t\t<div class=\"elementor-element elementor-element-6b10897 exad-sticky-section-no exad-glass-effect-no elementor-widget elementor-widget-image\" data-id=\"6b10897\" data-element_type=\"widget\" data-widget_type=\"image.default\">\n\t\t\t\t<div class=\"elementor-widget-container\">\n\t\t\t<style>\/*! elementor - v3.21.0 - 15-04-2024 *\/\n.elementor-widget-image{text-align:center}.elementor-widget-image a{display:inline-block}.elementor-widget-image a img[src$=\".svg\"]{width:48px}.elementor-widget-image img{vertical-align:middle;display:inline-block}<\/style>\t\t\t\t\t\t\t\t\t\t<img fetchpriority=\"high\" decoding=\"async\" width=\"967\" height=\"1280\" src=\"https:\/\/martarodriguez.com.co\/wp-content\/uploads\/2025\/11\/1-5.jpg\" class=\"attachment-2048x2048 size-2048x2048 wp-image-15238\" alt=\"\" srcset=\"https:\/\/martarodriguez.com.co\/wp-content\/uploads\/2025\/11\/1-5.jpg 967w, https:\/\/martarodriguez.com.co\/wp-content\/uploads\/2025\/11\/1-5-227x300.jpg 227w, https:\/\/martarodriguez.com.co\/wp-content\/uploads\/2025\/11\/1-5-774x1024.jpg 774w, https:\/\/martarodriguez.com.co\/wp-content\/uploads\/2025\/11\/1-5-768x1017.jpg 768w, https:\/\/martarodriguez.com.co\/wp-content\/uploads\/2025\/11\/1-5-750x993.jpg 750w, https:\/\/martarodriguez.com.co\/wp-content\/uploads\/2025\/11\/1-5-600x794.jpg 600w\" sizes=\"(max-width: 967px) 100vw, 967px\" \/>\t\t\t\t\t\t\t\t\t\t\t\t\t<\/div>\n\t\t\t\t<\/div>\n\t\t\t\t<div class=\"elementor-element elementor-element-77b5c1c exad-sticky-section-no exad-glass-effect-no elementor-widget elementor-widget-text-editor\" data-id=\"77b5c1c\" data-element_type=\"widget\" data-widget_type=\"text-editor.default\">\n\t\t\t\t<div class=\"elementor-widget-container\">\n\t\t\t<style>\/*! elementor - v3.21.0 - 15-04-2024 *\/\n.elementor-widget-text-editor.elementor-drop-cap-view-stacked .elementor-drop-cap{background-color:#69727d;color:#fff}.elementor-widget-text-editor.elementor-drop-cap-view-framed .elementor-drop-cap{color:#69727d;border:3px solid;background-color:transparent}.elementor-widget-text-editor:not(.elementor-drop-cap-view-default) .elementor-drop-cap{margin-top:8px}.elementor-widget-text-editor:not(.elementor-drop-cap-view-default) .elementor-drop-cap-letter{width:1em;height:1em}.elementor-widget-text-editor .elementor-drop-cap{float:left;text-align:center;line-height:1;font-size:50px}.elementor-widget-text-editor .elementor-drop-cap-letter{display:inline-block}<\/style>\t\t\t\t<p><span data-sheets-root=\"1\">Portada del n\u00famero 44 de Unidad Ind\u00edgena. En la parte superior de la portada, el encabezado, dentro de un marco de color rojo con \u00e1ngulos redondeados, est\u00e1 el nombre del peri\u00f3dico y su imagen logot\u00edpica de tres indigenas de diferentes comunidades de perfil y tres cuartos. Justo abajo, en un rengl\u00f3n, est\u00e1n escritos mes, a\u00f1o, director, apartado a\u00e9reo, tel\u00e9fono, ciudad, licencia de Min Gobierno, Tarjeta Postal Red. En el cuerpo, una fotograf\u00eda en grises donde vemos en primer plano un ni\u00f1o con sombrero de ala cargando a un bebe con un gorro, y tras ellos una mujer con un sombrero como el del ni\u00f1o, que mira directamente a c\u00e1mara. En la parte inferior, enmarcado por rect\u00e1ngulo de l\u00edneas muy delgadas color rojo, aparece el n\u00famero, a\u00f1o y mes, as\u00ed como algunos titulares en letras de color negro y rojo; &#8220;Encuentro Nacional Ind\u00edgena&#8221;, &#8220;Masacre de Kat\u00edos en el Alto And\u00e1gueda&#8221;, &#8220;Elegido Consejo de Administraci\u00f3n de la Central Cooperativa Ind\u00edgena&#8221;, &#8220;Purac\u00e9 recupera terrenos abandonados&#8221;. <\/span><\/p>\t\t\t\t\t\t<\/div>\n\t\t\t\t<\/div>\n\t\t\t\t<div class=\"elementor-element elementor-element-496b670 exad-sticky-section-no exad-glass-effect-no elementor-widget elementor-widget-text-editor\" data-id=\"496b670\" data-element_type=\"widget\" data-widget_type=\"text-editor.default\">\n\t\t\t\t<div class=\"elementor-widget-container\">\n\t\t\t\t\t\t\t<p><strong>C\u00d3DIGO<\/strong>: H0257<\/p>\n<p><strong>IDIOMA:<\/strong> Castellano<\/p>\n<p><strong style=\"color: var( --e-global-color-text ); font-family: var( --e-global-typography-text-font-family ), Sans-serif;\">PERSONA JUR\u00cdDICA\/NATURAL\/ROL: <\/strong><\/p>\n<p><strong>TOPON\u00cdMICOS:<\/strong> <span data-sheets-root=\"1\">Alto And\u00e1gueda, Purac\u00e9,<\/span><\/p>\n<p><strong style=\"color: var( --e-global-color-text ); font-family: var( --e-global-typography-text-font-family ), Sans-serif;\">TEM\u00c1TICOS:<\/strong> <span data-sheets-root=\"1\">Portada, Unidad Ind\u00edgena, Encuentro Nacional Ind\u00edgena, Comunidad Kat\u00edo, Central Cooperativa Ind\u00edgena, Recuperaci\u00f3n de Tierras, <\/span><\/p>\n<p><!-- \/wp:paragraph --><!-- wp:paragraph --><\/p>\n<p><strong>CRONOL\u00d3GICOS:<\/strong> <span data-sheets-root=\"1\">1980<\/span><\/p>\n<p><!-- \/wp:paragraph --><!-- wp:paragraph --><\/p>\n<p><!-- \/wp:paragraph --><!-- wp:paragraph --><\/p>\n<p><!-- \/wp:paragraph --><\/p>\t\t\t\t\t\t<\/div>\n\t\t\t\t<\/div>\n\t\t\t\t\t<\/div>\n\t\t<\/div>\n\t\t\t\t\t<\/div>\n\t\t<\/section>\n\t\t\t\t<\/div>\n\t\t","protected":false},"excerpt":{"rendered":"<p>Portada del n\u00famero 44 de Unidad Ind\u00edgena. En la parte superior de la portada, el encabezado, dentro de un marco de color rojo con \u00e1ngulos redondeados, est\u00e1 el nombre del peri\u00f3dico y su imagen logot\u00edpica de tres indigenas de diferentes comunidades de perfil y tres cuartos. Justo abajo, en un rengl\u00f3n, est\u00e1n escritos mes, a\u00f1o, [&hellip;]<\/p>\n","protected":false},"author":1,"featured_media":15236,"comment_status":"closed","ping_status":"open","sticky":false,"template":"","format":"standard","meta":{"_acf_changed":false,"footnotes":""},"categories":[28],"tags":[2501,2434,2045,2502,1418,1965,136,1184],"class_list":["post-15233","post","type-post","status-publish","format-standard","has-post-thumbnail","hentry","category-hemeroteca","tag-alto-andagueda","tag-central-cooperativa-indigena","tag-comunidad-katio","tag-encuentro-nacional-indigena","tag-portada","tag-purace","tag-recuperacion-de-tierras","tag-unidad-indigena"],"acf":[],"_links":{"self":[{"href":"https:\/\/martarodriguez.com.co\/index.php\/wp-json\/wp\/v2\/posts\/15233","targetHints":{"allow":["GET"]}}],"collection":[{"href":"https:\/\/martarodriguez.com.co\/index.php\/wp-json\/wp\/v2\/posts"}],"about":[{"href":"https:\/\/martarodriguez.com.co\/index.php\/wp-json\/wp\/v2\/types\/post"}],"author":[{"embeddable":true,"href":"https:\/\/martarodriguez.com.co\/index.php\/wp-json\/wp\/v2\/users\/1"}],"replies":[{"embeddable":true,"href":"https:\/\/martarodriguez.com.co\/index.php\/wp-json\/wp\/v2\/comments?post=15233"}],"version-history":[{"count":6,"href":"https:\/\/martarodriguez.com.co\/index.php\/wp-json\/wp\/v2\/posts\/15233\/revisions"}],"predecessor-version":[{"id":15241,"href":"https:\/\/martarodriguez.com.co\/index.php\/wp-json\/wp\/v2\/posts\/15233\/revisions\/15241"}],"wp:featuredmedia":[{"embeddable":true,"href":"https:\/\/martarodriguez.com.co\/index.php\/wp-json\/wp\/v2\/media\/15236"}],"wp:attachment":[{"href":"https:\/\/martarodriguez.com.co\/index.php\/wp-json\/wp\/v2\/media?parent=15233"}],"wp:term":[{"taxonomy":"category","embeddable":true,"href":"https:\/\/martarodriguez.com.co\/index.php\/wp-json\/wp\/v2\/categories?post=15233"},{"taxonomy":"post_tag","embeddable":true,"href":"https:\/\/martarodriguez.com.co\/index.php\/wp-json\/wp\/v2\/tags?post=15233"}],"curies":[{"name":"wp","href":"https:\/\/api.w.org\/{rel}","templated":true}]}}