{"id":15224,"date":"2025-11-10T21:54:44","date_gmt":"2025-11-10T21:54:44","guid":{"rendered":"https:\/\/martarodriguez.com.co\/?p=15224"},"modified":"2025-11-10T21:56:40","modified_gmt":"2025-11-10T21:56:40","slug":"unidad-indigena-no-43-ano-6-agosto-de-1980_contraportada","status":"publish","type":"post","link":"https:\/\/martarodriguez.com.co\/index.php\/2025\/11\/10\/unidad-indigena-no-43-ano-6-agosto-de-1980_contraportada\/","title":{"rendered":"H0256q UI 43- Contraportada"},"content":{"rendered":"\t\t<div data-elementor-type=\"wp-post\" data-elementor-id=\"15224\" class=\"elementor elementor-15224\">\n\t\t\t\t\t\t<section class=\"elementor-section elementor-top-section elementor-element elementor-element-77752575 elementor-section-boxed elementor-section-height-default elementor-section-height-default exad-glass-effect-no wpr-particle-no wpr-jarallax-no wpr-parallax-no wpr-sticky-section-no exad-sticky-section-no\" data-id=\"77752575\" data-element_type=\"section\">\n\t\t\t\t\t\t<div class=\"elementor-container elementor-column-gap-default\">\n\t\t\t\t\t<div class=\"elementor-column elementor-col-100 elementor-top-column elementor-element elementor-element-6fd6a63d exad-glass-effect-no exad-sticky-section-no\" data-id=\"6fd6a63d\" data-element_type=\"column\">\n\t\t\t<div class=\"elementor-widget-wrap elementor-element-populated\">\n\t\t\t\t\t\t<div class=\"elementor-element elementor-element-6b10897 exad-sticky-section-no exad-glass-effect-no elementor-widget elementor-widget-image\" data-id=\"6b10897\" data-element_type=\"widget\" data-widget_type=\"image.default\">\n\t\t\t\t<div class=\"elementor-widget-container\">\n\t\t\t<style>\/*! elementor - v3.21.0 - 15-04-2024 *\/\n.elementor-widget-image{text-align:center}.elementor-widget-image a{display:inline-block}.elementor-widget-image a img[src$=\".svg\"]{width:48px}.elementor-widget-image img{vertical-align:middle;display:inline-block}<\/style>\t\t\t\t\t\t\t\t\t\t<img fetchpriority=\"high\" decoding=\"async\" width=\"1576\" height=\"2048\" src=\"https:\/\/martarodriguez.com.co\/wp-content\/uploads\/2025\/11\/Unidad-Indigena-43-12-1576x2048.jpg\" class=\"attachment-2048x2048 size-2048x2048 wp-image-15229\" alt=\"\" srcset=\"https:\/\/martarodriguez.com.co\/wp-content\/uploads\/2025\/11\/Unidad-Indigena-43-12-1576x2048.jpg 1576w, https:\/\/martarodriguez.com.co\/wp-content\/uploads\/2025\/11\/Unidad-Indigena-43-12-231x300.jpg 231w, https:\/\/martarodriguez.com.co\/wp-content\/uploads\/2025\/11\/Unidad-Indigena-43-12-788x1024.jpg 788w, https:\/\/martarodriguez.com.co\/wp-content\/uploads\/2025\/11\/Unidad-Indigena-43-12-768x998.jpg 768w, https:\/\/martarodriguez.com.co\/wp-content\/uploads\/2025\/11\/Unidad-Indigena-43-12-1182x1536.jpg 1182w, https:\/\/martarodriguez.com.co\/wp-content\/uploads\/2025\/11\/Unidad-Indigena-43-12-750x975.jpg 750w, https:\/\/martarodriguez.com.co\/wp-content\/uploads\/2025\/11\/Unidad-Indigena-43-12-600x780.jpg 600w, https:\/\/martarodriguez.com.co\/wp-content\/uploads\/2025\/11\/Unidad-Indigena-43-12-scaled.jpg 1970w\" sizes=\"(max-width: 1576px) 100vw, 1576px\" \/>\t\t\t\t\t\t\t\t\t\t\t\t\t<\/div>\n\t\t\t\t<\/div>\n\t\t\t\t<div class=\"elementor-element elementor-element-77b5c1c exad-sticky-section-no exad-glass-effect-no elementor-widget elementor-widget-text-editor\" data-id=\"77b5c1c\" data-element_type=\"widget\" data-widget_type=\"text-editor.default\">\n\t\t\t\t<div class=\"elementor-widget-container\">\n\t\t\t<style>\/*! elementor - v3.21.0 - 15-04-2024 *\/\n.elementor-widget-text-editor.elementor-drop-cap-view-stacked .elementor-drop-cap{background-color:#69727d;color:#fff}.elementor-widget-text-editor.elementor-drop-cap-view-framed .elementor-drop-cap{color:#69727d;border:3px solid;background-color:transparent}.elementor-widget-text-editor:not(.elementor-drop-cap-view-default) .elementor-drop-cap{margin-top:8px}.elementor-widget-text-editor:not(.elementor-drop-cap-view-default) .elementor-drop-cap-letter{width:1em;height:1em}.elementor-widget-text-editor .elementor-drop-cap{float:left;text-align:center;line-height:1;font-size:50px}.elementor-widget-text-editor .elementor-drop-cap-letter{display:inline-block}<\/style>\t\t\t\t<p><span data-sheets-root=\"1\">Contraportada del n\u00famero 43 de Unidad Ind\u00edgena. En la parte superior aparecen dos fotograf\u00edas de ni\u00f1os, y entre ellas un texto enmarcado entre dos s\u00edmbolos ind\u00edgenas de p\u00e1jaros. En el texto se lee: &#8220;Yo soy tu hijo\/ Yo ser\u00e9 tu coraz\u00f3n\/ Pues yo sere quien te inspirare\/ lo que has de decirles a\/ las gentes&#8221; La fotograf\u00eda del margen izquierdo es un plano conjunto de tres ni\u00f1os de la ciudad, y la del margen derecho, un plano medio abierto de un ni\u00f1o con un sombrero de ala, al que se le ve el ombligo a trav\u00e9s del roto de su saco de lana. Debajo de estas dos fotos, en el margen izquierdo, una fotograf\u00eda de un plano americano de un ni\u00f1o sosteni\u00e9ndose de una hamaca, mientras dentro de esta hay un ni\u00f1o menor. En el margen derecho, de mayor tama\u00f1o, un plano medio donde vemos una ni\u00f1a ind\u00edgena que mira directo a c\u00e1mara mientras est\u00e1 en una hamaca. Debajo de estas dos fotos, en el margen izquierdo, se lee un texto: &#8220;A mi me detuvieron el ej\u00e9rcito colombiano en el margen de r\u00edo Curumayuba y en despu\u00e9s me trajo el Mayor del ej\u00e9rcito a San Rafael de Planas y despu\u00e9s hasta todo el d\u00eda me tortur\u00f3. Me amarraron de los test\u00edculos, me cortaron, me amarraron as\u00ed de las manos de pa\u00b4patr\u00e1s, me amarraban aqu\u00ed, me hac\u00edan sentar aqu\u00ed, as\u00ed. Testimonio de Ni\u00f1o Ind\u00edgena, Planas 1968.&#8221; En el margen derecho, una foto en plano medio abierto de dos ni\u00f1os, con sus ropas ajadas, rotas y sucias. Mientras el ni\u00f1o mira hacia abajo, la mirada de la ni\u00f1a se dirige al fuera de cuadro del lado izquierdo. <\/span><\/p>\t\t\t\t\t\t<\/div>\n\t\t\t\t<\/div>\n\t\t\t\t<div class=\"elementor-element elementor-element-496b670 exad-sticky-section-no exad-glass-effect-no elementor-widget elementor-widget-text-editor\" data-id=\"496b670\" data-element_type=\"widget\" data-widget_type=\"text-editor.default\">\n\t\t\t\t<div class=\"elementor-widget-container\">\n\t\t\t\t\t\t\t<p><strong>C\u00d3DIGO<\/strong>: H0256q<\/p>\n<p><strong>IDIOMA:<\/strong> Castellano<\/p>\n<p><strong style=\"color: var( --e-global-color-text ); font-family: var( --e-global-typography-text-font-family ), Sans-serif;\">PERSONA JUR\u00cdDICA\/NATURAL\/ROL: <\/strong><\/p>\n<p><strong>TOPON\u00cdMICOS:<\/strong> <span data-sheets-root=\"1\">San Rafael de Planas, r\u00edo Curumayuba, <\/span><\/p>\n<p><strong style=\"color: var( --e-global-color-text ); font-family: var( --e-global-typography-text-font-family ), Sans-serif;\">TEM\u00c1TICOS:<\/strong> <span data-sheets-root=\"1\">Contraportada, Unidad Ind\u00edgena, Infancia Ind\u00edgena, Poema, Poes\u00eda, Torturas, <\/span><\/p>\n<p><!-- \/wp:paragraph --><!-- wp:paragraph --><\/p>\n<p><strong>CRONOL\u00d3GICOS:<\/strong> <span data-sheets-root=\"1\">1980<\/span><\/p>\n<p><!-- \/wp:paragraph --><!-- wp:paragraph --><\/p>\n<p><!-- \/wp:paragraph --><!-- wp:paragraph --><\/p>\n<p><!-- \/wp:paragraph --><\/p>\t\t\t\t\t\t<\/div>\n\t\t\t\t<\/div>\n\t\t\t\t\t<\/div>\n\t\t<\/div>\n\t\t\t\t\t<\/div>\n\t\t<\/section>\n\t\t\t\t<\/div>\n\t\t","protected":false},"excerpt":{"rendered":"<p>Contraportada del n\u00famero 43 de Unidad Ind\u00edgena. En la parte superior aparecen dos fotograf\u00edas de ni\u00f1os, y entre ellas un texto enmarcado entre dos s\u00edmbolos ind\u00edgenas de p\u00e1jaros. En el texto se lee: &#8220;Yo soy tu hijo\/ Yo ser\u00e9 tu coraz\u00f3n\/ Pues yo sere quien te inspirare\/ lo que has de decirles a\/ las gentes&#8221; [&hellip;]<\/p>\n","protected":false},"author":1,"featured_media":15226,"comment_status":"closed","ping_status":"open","sticky":false,"template":"","format":"standard","meta":{"_acf_changed":false,"footnotes":""},"categories":[28],"tags":[1467,2500,1925,1924,2499,2498,1789,1184],"class_list":["post-15224","post","type-post","status-publish","format-standard","has-post-thumbnail","hentry","category-hemeroteca","tag-contraportada","tag-infancia-indigena","tag-poema","tag-poesia","tag-rio-curumayuba","tag-san-rafael-de-planas","tag-torturas","tag-unidad-indigena"],"acf":[],"_links":{"self":[{"href":"https:\/\/martarodriguez.com.co\/index.php\/wp-json\/wp\/v2\/posts\/15224","targetHints":{"allow":["GET"]}}],"collection":[{"href":"https:\/\/martarodriguez.com.co\/index.php\/wp-json\/wp\/v2\/posts"}],"about":[{"href":"https:\/\/martarodriguez.com.co\/index.php\/wp-json\/wp\/v2\/types\/post"}],"author":[{"embeddable":true,"href":"https:\/\/martarodriguez.com.co\/index.php\/wp-json\/wp\/v2\/users\/1"}],"replies":[{"embeddable":true,"href":"https:\/\/martarodriguez.com.co\/index.php\/wp-json\/wp\/v2\/comments?post=15224"}],"version-history":[{"count":5,"href":"https:\/\/martarodriguez.com.co\/index.php\/wp-json\/wp\/v2\/posts\/15224\/revisions"}],"predecessor-version":[{"id":15232,"href":"https:\/\/martarodriguez.com.co\/index.php\/wp-json\/wp\/v2\/posts\/15224\/revisions\/15232"}],"wp:featuredmedia":[{"embeddable":true,"href":"https:\/\/martarodriguez.com.co\/index.php\/wp-json\/wp\/v2\/media\/15226"}],"wp:attachment":[{"href":"https:\/\/martarodriguez.com.co\/index.php\/wp-json\/wp\/v2\/media?parent=15224"}],"wp:term":[{"taxonomy":"category","embeddable":true,"href":"https:\/\/martarodriguez.com.co\/index.php\/wp-json\/wp\/v2\/categories?post=15224"},{"taxonomy":"post_tag","embeddable":true,"href":"https:\/\/martarodriguez.com.co\/index.php\/wp-json\/wp\/v2\/tags?post=15224"}],"curies":[{"name":"wp","href":"https:\/\/api.w.org\/{rel}","templated":true}]}}